{"id":23466,"date":"2026-03-06T17:16:16","date_gmt":"2026-03-06T17:16:16","guid":{"rendered":"https:\/\/swiat24.pl.ua\/?p=23466"},"modified":"2026-03-06T17:16:16","modified_gmt":"2026-03-06T17:16:16","slug":"nie-zyje-aktor-z-serialu-swiat-wedlug-kiepskich-tragiczne-wiesci","status":"publish","type":"post","link":"https:\/\/swiat24.pl.ua\/?p=23466","title":{"rendered":"Nie \u017cyje aktor z serialu \u201e\u015awiat wed\u0142ug Kiepskich\u201d.. Tragiczne wie\u015bci"},"content":{"rendered":"\n<p>Wroc\u0142aw \u017cegna dzi\u015b cz\u0142owieka, kt\u00f3ry przez wiele lat by\u0142 wa\u017cn\u0105 cz\u0119\u015bci\u0105 \u017cycia kulturalnego miasta.<\/p>\n\n\n\n<p>By\u0142 zwi\u0105zany z mediami, filmem i \u015brodowiskiem artystycznym, a jego obecno\u015b\u0107 zapisa\u0142a si\u0119 w pami\u0119ci wielu os\u00f3b.<\/p>\n\n\n\n<p>Tworzy\u0142, obserwowa\u0142 i dokumentowa\u0142 rzeczywisto\u015b\u0107, patrz\u0105c na ni\u0105 z perspektywy pasjonata i wra\u017cliwego widza.<\/p>\n\n\n\n<p>Jego droga zawodowa zaczyna\u0142a si\u0119 w czasach du\u017cych zmian w polskiej telewizji.<\/p>\n\n\n\n<p>To by\u0142 moment, w kt\u00f3rym nowe inicjatywy wymaga\u0142y odwagi, wiary i determinacji.<\/p>\n\n\n\n<p>W\u0142a\u015bnie wtedy wsp\u00f3\u0142tworzy\u0142 projekt, kt\u00f3ry zapisa\u0142 si\u0119 w historii jako pierwsza prywatna telewizja w Polsce.<\/p>\n\n\n\n<p>By\u0142o to miejsce, w kt\u00f3rym rodzi\u0142y si\u0119 nowe pomys\u0142y, formaty i spos\u00f3b opowiadania o codzienno\u015bci.<\/p>\n\n\n\n<p>Tam rozwija\u0142 si\u0119 jako dziennikarz, szczeg\u00f3lnie blisko zwi\u0105zany ze \u015bwiatem sportu.<\/p>\n\n\n\n<p>Relacjonowa\u0142 wydarzenia, kt\u00f3re budzi\u0142y emocje tysi\u0119cy kibic\u00f3w i stawa\u0142y si\u0119 cz\u0119\u015bci\u0105 lokalnej to\u017csamo\u015bci.<\/p>\n\n\n\n<p>Jego transmisje \u017cu\u017clowe by\u0142y \u017cywe, dynamiczne i pe\u0142ne pasji.<\/p>\n\n\n\n<p>Podr\u00f3\u017cowa\u0142 z kamer\u0105 po ca\u0142ym kraju, towarzysz\u0105c zawodnikom i widzom w chwilach sportowych wzrusze\u0144.<\/p>\n\n\n\n<p>By\u0142 tak\u017ce tw\u00f3rc\u0105 film\u00f3w dokumentalnych.<\/p>\n\n\n\n<p>Si\u0119ga\u0142 w nich do historii ludzi i miejsc, kt\u00f3re by\u0142y mu bliskie.<\/p>\n\n\n\n<p>Wraca\u0142 do trudnych do\u015bwiadcze\u0144, ale tak\u017ce do drobnych, cichych moment\u00f3w, kt\u00f3re zwykle pozostaj\u0105 niezauwa\u017cone.<\/p>\n\n\n\n<p>Z czasem pojawi\u0142 si\u0119 r\u00f3wnie\u017c na ekranie og\u00f3lnopolskiej telewizji.<\/p>\n\n\n\n<p>Wyst\u0105pi\u0142 epizodycznie w jednym z najpopularniejszych polskich seriali komediowych.<\/p>\n\n\n\n<p>Wcieli\u0142 si\u0119 tam w posta\u0107 dziennikarza, pozostaj\u0105c wierny swojej \u017cyciowej roli.<\/p>\n\n\n\n<p>Dopiero w tym miejscu jego nazwisko zacz\u0119\u0142o by\u0107 szerzej rozpoznawalne.<\/p>\n\n\n\n<p>Mowa o Ryszardzie Szo\u0142tysiku, dziennikarzu, dokumentali\u015bcie i aktorze.<\/p>\n\n\n\n<p>Odszed\u0142 w wieku 75 lat, co z ogromnym smutkiem og\u0142oszono 27 grudnia 2025 roku.<\/p>\n\n\n\n<p>Informacj\u0119 przekazali jego wsp\u00f3\u0142pracownicy i przyjaciele zwi\u0105zani z PTV Echo.<\/p>\n\n\n\n<p>Wspomniano, jak wa\u017cn\u0105 postaci\u0105 by\u0142 dla redakcji sportowej i historii tej stacji.<\/p>\n\n\n\n<p>Podkre\u015blono jego legendarne relacje z mecz\u00f3w Sparty Wroc\u0142aw i ogromne zaanga\u017cowanie w prac\u0119.<\/p>\n\n\n\n<p>Opisywano go jako cz\u0142owieka serdecznego, oddanego i pe\u0142nego energii.<\/p>\n\n\n\n<p>Jego dorobek pozosta\u0142 w pami\u0119ci \u015brodowiska medialnego i w historii wroc\u0142awskiej kultury.<\/p>\n\n\n\n<p>Ryszard Szo\u0142tysik pozostawi\u0142 po sobie \u015blad, kt\u00f3ry b\u0119dzie przypominany jeszcze przez wiele lat.<\/p>\n","protected":false},"excerpt":{"rendered":"Wroc\u0142aw \u017cegna dzi\u015b cz\u0142owieka, kt\u00f3ry przez wiele lat by\u0142 wa\u017cn\u0105 cz\u0119\u015bci\u0105 \u017cycia kulturalnego miasta. By\u0142 zwi\u0105zany z mediami, filmem i \u015brodowiskiem artystycznym, a \n<a class=\"moretag\" href=\"https:\/\/swiat24.pl.ua\/?p=23466\"> [...]<\/a>","protected":false},"author":1,"featured_media":23467,"comment_status":"open","ping_status":"open","sticky":false,"template":"","format":"standard","meta":{"footnotes":""},"categories":[1],"tags":[],"class_list":["post-23466","post","type-post","status-publish","format-standard","has-post-thumbnail","hentry","category-blog"],"_links":{"self":[{"href":"https:\/\/swiat24.pl.ua\/index.php?rest_route=\/wp\/v2\/posts\/23466","targetHints":{"allow":["GET"]}}],"collection":[{"href":"https:\/\/swiat24.pl.ua\/index.php?rest_route=\/wp\/v2\/posts"}],"about":[{"href":"https:\/\/swiat24.pl.ua\/index.php?rest_route=\/wp\/v2\/types\/post"}],"author":[{"embeddable":true,"href":"https:\/\/swiat24.pl.ua\/index.php?rest_route=\/wp\/v2\/users\/1"}],"replies":[{"embeddable":true,"href":"https:\/\/swiat24.pl.ua\/index.php?rest_route=%2Fwp%2Fv2%2Fcomments&post=23466"}],"version-history":[{"count":1,"href":"https:\/\/swiat24.pl.ua\/index.php?rest_route=\/wp\/v2\/posts\/23466\/revisions"}],"predecessor-version":[{"id":23468,"href":"https:\/\/swiat24.pl.ua\/index.php?rest_route=\/wp\/v2\/posts\/23466\/revisions\/23468"}],"wp:featuredmedia":[{"embeddable":true,"href":"https:\/\/swiat24.pl.ua\/index.php?rest_route=\/wp\/v2\/media\/23467"}],"wp:attachment":[{"href":"https:\/\/swiat24.pl.ua\/index.php?rest_route=%2Fwp%2Fv2%2Fmedia&parent=23466"}],"wp:term":[{"taxonomy":"category","embeddable":true,"href":"https:\/\/swiat24.pl.ua\/index.php?rest_route=%2Fwp%2Fv2%2Fcategories&post=23466"},{"taxonomy":"post_tag","embeddable":true,"href":"https:\/\/swiat24.pl.ua\/index.php?rest_route=%2Fwp%2Fv2%2Ftags&post=23466"}],"curies":[{"name":"wp","href":"https:\/\/api.w.org\/{rel}","templated":true}]}}