{"id":23400,"date":"2026-03-05T14:10:07","date_gmt":"2026-03-05T14:10:07","guid":{"rendered":"https:\/\/swiat24.pl.ua\/?p=23400"},"modified":"2026-03-05T14:10:07","modified_gmt":"2026-03-05T14:10:07","slug":"kayla-9-lat-czy-dziewczynka-ktora-zaginela-w-2017-roku-zostala-odnaleziona-wlasnie-pojawila-sie-ta-wiadomosc","status":"publish","type":"post","link":"https:\/\/swiat24.pl.ua\/?p=23400","title":{"rendered":"Kayla, 9 lat: Czy dziewczynka, kt\u00f3ra zagin\u0119\u0142a w 2017 roku, zosta\u0142a odnaleziona? W\u0142a\u015bnie pojawi\u0142a si\u0119 ta wiadomo\u015b\u0107."},"content":{"rendered":"\n<h2 class=\"wp-block-heading\">Niesamowita historia&nbsp;(1\/10)<\/h2>\n\n\n\n<p>Niedawno wysz\u0142a na jaw niesamowita historia. Ma\u0142a dziewczynka zagin\u0119\u0142a sze\u015b\u0107 lat temu i wszelka nadzieja na jej ponowne spotkanie wydawa\u0142a si\u0119 stracona.<\/p>\n\n\n\n<p>Jednak dzi\u0119ki serialowi Netflixa odnalaz\u0142a si\u0119 ca\u0142a i zdrowa.<\/p>\n\n\n\n<p><img loading=\"lazy\" decoding=\"async\" src=\"https:\/\/www.viepratique.fr\/wp-content\/uploads\/sites\/4\/2025\/05\/9-28-750x394.jpg\" width=\"750\" height=\"394\">\u00a9 DR<\/p>\n\n\n\n<h2 class=\"wp-block-heading\">Spektakl \u201eZnikn\u0119li z oczu\u201d&nbsp;(2\/10)<\/h2>\n\n\n\n<p>Ponad 30 lat temu francuscy widzowie telewizyjni odkryli program \u201ePerdu de vue\u201d (Znikn\u0119li z oczu). Program, prowadzony przez Jacques\u2019a Pradela, pom\u00f3g\u0142 odnale\u017a\u0107 osoby zaginione i nawi\u0105za\u0107 z nimi kontakt z bliskimi. W ci\u0105gu siedmiu lat odnaleziono dziesi\u0105tki os\u00f3b i po\u0142\u0105czono rodziny.<\/p>\n\n\n\n<p><img loading=\"lazy\" decoding=\"async\" src=\"https:\/\/www.viepratique.fr\/wp-content\/uploads\/sites\/4\/2025\/05\/10-26-750x394.jpg\" width=\"750\" height=\"394\">\u00a9 CBS News<\/p>\n\n\n\n<h2 class=\"wp-block-heading\">Serial Netflixa pozwala nam j\u0105 odnale\u017a\u0107 na nowo(3\/10)<\/h2>\n\n\n\n<p>Niedawno jednak serial Netflixa pom\u00f3g\u0142 w odnalezieniu ma\u0142ej dziewczynki. Dziewczynka zagin\u0119\u0142a w 2017 roku, gdy mia\u0142a dziewi\u0119\u0107 lat.<\/p>\n\n\n\n<p><img loading=\"lazy\" decoding=\"async\" src=\"https:\/\/www.viepratique.fr\/wp-content\/uploads\/sites\/4\/2025\/05\/2-31-750x394.jpg\" width=\"750\" height=\"394\">\u00a9 iStock<\/p>\n\n\n\n<h2 class=\"wp-block-heading\">Znikn\u0119\u0142a z matk\u0105&nbsp;&nbsp;(4\/10)<\/h2>\n\n\n\n<p>Ona i jej matka znikn\u0119\u0142y. Ostatecznie odnalaz\u0142 j\u0105 \u017cyw\u0105 abonent Netflixa dzi\u0119ki serialowi, kt\u00f3ry ogl\u0105da\u0142a na platformie.<\/p>\n\n\n\n<p><img loading=\"lazy\" decoding=\"async\" src=\"https:\/\/www.viepratique.fr\/wp-content\/uploads\/sites\/4\/2025\/05\/8-26-1024x538.jpg\" width=\"1024\" height=\"538\">\u00a9 Fox News<\/p>\n\n\n\n<h2 class=\"wp-block-heading\">Nie ma \u017cadnych wie\u015bci od Kayli Unbehaun.&nbsp;(5\/10)<\/h2>\n\n\n\n<p>Kayl\u0119 Unbehaun widziano po raz ostatni 4 lipca 2017 roku. Tego dnia pojecha\u0142a z matk\u0105, Heather Unbehaun, na obchody ameryka\u0144skiego \u015bwi\u0119ta narodowego w Illinois. Nast\u0119pnego dnia mia\u0142a wr\u00f3ci\u0107 do domu ojca, poniewa\u017c jej rodzice byli w separacji.<\/p>\n\n\n\n<p><img loading=\"lazy\" decoding=\"async\" src=\"https:\/\/www.viepratique.fr\/wp-content\/uploads\/sites\/4\/2025\/05\/7-28-1024x538.jpg\" width=\"1024\" height=\"538\">\u00a9 Wiadomo\u015bci CTV<\/p>\n\n\n\n<h2 class=\"wp-block-heading\">Mieli jecha\u0107 na kemping.&nbsp;(6\/10)<\/h2>\n\n\n\n<p>W\u00f3wczas \u015bwiadkowie widzieli, jak matka \u0142adowa\u0142a baga\u017ce do baga\u017cnika samochodu, wyja\u015bniaj\u0105c, \u017ce jedzie na kemping do Wisconsin.<\/p>\n\n\n\n<p><img loading=\"lazy\" decoding=\"async\" src=\"https:\/\/www.viepratique.fr\/wp-content\/uploads\/sites\/4\/2025\/05\/6-30-1024x538.jpg\" width=\"1024\" height=\"538\">\u00a9 ABC<\/p>\n\n\n\n<h2 class=\"wp-block-heading\">Ojciec dziewczyny dzwoni na policj\u0119&nbsp;(7\/10)<\/h2>\n\n\n\n<p>Ale kiedy jego by\u0142a \u017cona i c\u00f3rka nie pojawi\u0142y si\u0119 nast\u0119pnego dnia, ojciec dziewczyny powiadomi\u0142 policj\u0119. Wydano nakaz aresztowania matki pod zarzutem porwania.<\/p>\n\n\n\n<p><img loading=\"lazy\" decoding=\"async\" src=\"https:\/\/www.viepratique.fr\/wp-content\/uploads\/sites\/4\/2025\/05\/1-32-1024x538.jpg\" width=\"1024\" height=\"538\">\u00a9 iStock<\/p>\n\n\n\n<h2 class=\"wp-block-heading\">\u015awiadek rozpozna\u0142 dziecko&nbsp;(8\/10)<\/h2>\n\n\n\n<p>&nbsp;Sprawie po\u015bwi\u0119cono&nbsp;odcinek serialu&nbsp;&nbsp;<em>\u201eNiewyja\u015bnione zagadki\u201d,<\/em>&nbsp;&nbsp;emitowanego we Francji na Netfliksie pod tytu\u0142em&nbsp;&nbsp;<em>\u201eNiezwyk\u0142e \u015bledztwa\u201d . To dzi\u0119ki temu serialowi dokumentalnemu \u015bwiadek rozpozna\u0142 15-letni\u0105 w\u00f3wczas dziewczynk\u0119. Wed\u0142ug NBC Chicago&nbsp;<\/em><em>,<\/em>&nbsp;&nbsp;rzecznik policji poinformowa\u0142, \u017ce skontaktowa\u0142a si\u0119 z nimi kobieta z Plato\u2019s Closet w Asheville w Karolinie P\u00f3\u0142nocnej.<\/p>\n\n\n\n<p><img loading=\"lazy\" decoding=\"async\" src=\"https:\/\/www.viepratique.fr\/wp-content\/uploads\/sites\/4\/2025\/05\/5-31-1024x538.jpg\" width=\"1024\" height=\"538\">\u00a9 ABC News<\/p>\n\n\n\n<h2 class=\"wp-block-heading\">Matka zosta\u0142a aresztowana&nbsp;&nbsp;(9\/10)<\/h2>\n\n\n\n<p>Heather Unbehaun zosta\u0142a aresztowana w sobot\u0119 13 maja. Matk\u0119 ekstradowano do Illinois, gdzie postawiono jej zarzut porwania. Jej c\u00f3rka, Kayla, wr\u00f3ci\u0142a do ojca, kt\u00f3ry ma nad ni\u0105 prawn\u0105 opiek\u0119.<\/p>\n\n\n\n<p><img loading=\"lazy\" decoding=\"async\" src=\"https:\/\/www.viepratique.fr\/wp-content\/uploads\/sites\/4\/2025\/05\/3-32-1024x538.jpg\" width=\"1024\" height=\"538\">\u00a9 CNN<\/p>\n\n\n\n<h2 class=\"wp-block-heading\">Ojciec i c\u00f3rka spotkali si\u0119 ponownie&nbsp;&nbsp;(10\/10)<\/h2>\n\n\n\n<p>Ojciec nastolatki wyrazi\u0142 swoj\u0105 rado\u015b\u0107 w o\u015bwiadczeniu opublikowanym na stronie internetowej Krajowego Centrum ds. Dzieci Zaginionych i Wykorzystywanych, krajowego o\u015brodka ds. dzieci zaginionych w Stanach Zjednoczonych.&nbsp;&nbsp;<em>\u201eCiesz\u0119 si\u0119 niezmiernie, \u017ce Kayla wr\u00f3ci\u0142a do domu ca\u0142a i zdrowa. (\u2026) Prosimy o uszanowanie naszej prywatno\u015bci, gdy b\u0119dziemy si\u0119 poznawa\u0107 na nowo i rozpoczyna\u0107 ten nowy rozdzia\u0142<\/em>&nbsp;\u201d. Podzi\u0119kowa\u0142 r\u00f3wnie\u017c wszystkim instytucjom, kt\u00f3re umo\u017cliwi\u0142y mu zobaczenie c\u00f3rki ca\u0142ej i zdrowej.<\/p>\n\n\n\n<p><img loading=\"lazy\" decoding=\"async\" src=\"https:\/\/www.viepratique.fr\/wp-content\/uploads\/sites\/4\/2025\/05\/4-30-1024x538.jpg\" width=\"1024\" height=\"538\">\u00a9 ABC7 Chicago<\/p>\n\n\n\n<p>Ojciec i c\u00f3rka zn\u00f3w si\u0119 spotkali dzi\u0119ki \u015bwiadkowi, kt\u00f3ry obejrza\u0142 odcinek tego serialu na Netfliksie.<\/p>\n\n\n\n<p>\u0179r\u00f3d\u0142o:&nbsp;<a href=\"https:\/\/www.mariefrance.fr\/actualite\/portee-disparue-6-ans-fillette-retrouvee-vivante-serie-netflix-834561.html#item=8\"><em>www.mariefrance.fr<\/em><\/a><\/p>\n","protected":false},"excerpt":{"rendered":"Niesamowita historia&nbsp;(1\/10) Niedawno wysz\u0142a na jaw niesamowita historia. Ma\u0142a dziewczynka zagin\u0119\u0142a sze\u015b\u0107 lat temu i wszelka nadzieja na jej ponowne spotkanie wydawa\u0142a si\u0119 \n<a class=\"moretag\" href=\"https:\/\/swiat24.pl.ua\/?p=23400\"> [...]<\/a>","protected":false},"author":1,"featured_media":23401,"comment_status":"open","ping_status":"open","sticky":false,"template":"","format":"standard","meta":{"footnotes":""},"categories":[1],"tags":[],"class_list":["post-23400","post","type-post","status-publish","format-standard","has-post-thumbnail","hentry","category-blog"],"_links":{"self":[{"href":"https:\/\/swiat24.pl.ua\/index.php?rest_route=\/wp\/v2\/posts\/23400","targetHints":{"allow":["GET"]}}],"collection":[{"href":"https:\/\/swiat24.pl.ua\/index.php?rest_route=\/wp\/v2\/posts"}],"about":[{"href":"https:\/\/swiat24.pl.ua\/index.php?rest_route=\/wp\/v2\/types\/post"}],"author":[{"embeddable":true,"href":"https:\/\/swiat24.pl.ua\/index.php?rest_route=\/wp\/v2\/users\/1"}],"replies":[{"embeddable":true,"href":"https:\/\/swiat24.pl.ua\/index.php?rest_route=%2Fwp%2Fv2%2Fcomments&post=23400"}],"version-history":[{"count":1,"href":"https:\/\/swiat24.pl.ua\/index.php?rest_route=\/wp\/v2\/posts\/23400\/revisions"}],"predecessor-version":[{"id":23402,"href":"https:\/\/swiat24.pl.ua\/index.php?rest_route=\/wp\/v2\/posts\/23400\/revisions\/23402"}],"wp:featuredmedia":[{"embeddable":true,"href":"https:\/\/swiat24.pl.ua\/index.php?rest_route=\/wp\/v2\/media\/23401"}],"wp:attachment":[{"href":"https:\/\/swiat24.pl.ua\/index.php?rest_route=%2Fwp%2Fv2%2Fmedia&parent=23400"}],"wp:term":[{"taxonomy":"category","embeddable":true,"href":"https:\/\/swiat24.pl.ua\/index.php?rest_route=%2Fwp%2Fv2%2Fcategories&post=23400"},{"taxonomy":"post_tag","embeddable":true,"href":"https:\/\/swiat24.pl.ua\/index.php?rest_route=%2Fwp%2Fv2%2Ftags&post=23400"}],"curies":[{"name":"wp","href":"https:\/\/api.w.org\/{rel}","templated":true}]}}