{"id":23328,"date":"2026-03-03T14:07:02","date_gmt":"2026-03-03T14:07:02","guid":{"rendered":"https:\/\/swiat24.pl.ua\/?p=23328"},"modified":"2026-03-03T14:07:02","modified_gmt":"2026-03-03T14:07:02","slug":"sofia-vergara-szczerze-opowiada-o-swoim-ciele-moje-piersi-otworzyly-mi-drzwi-2","status":"publish","type":"post","link":"https:\/\/swiat24.pl.ua\/?p=23328","title":{"rendered":"Sofia Vergara szczerze opowiada o swoim ciele: \u201eMoje piersi otworzy\u0142y mi drzwi\u201d"},"content":{"rendered":"\n<p>Sofia Vergara, modelka i aktorka wyst\u0119puj\u0105ca obecnie w serialu Netflixa&nbsp;<em>Griselda<\/em>&nbsp;, ujawni\u0142a kilka zaskakuj\u0105cych szczeg\u00f3\u0142\u00f3w w wywiadzie dla hiszpa\u0144skiego&nbsp;<em>El Pa\u00ecs<\/em>&nbsp;16 stycznia, omawiaj\u0105c wp\u0142yw swojej sylwetki na karier\u0119.<a href=\"https:\/\/actu.gala.fr\/l_actu\/news_de_stars\/sofia-vergara-cash-sur-son-corps-mes-seins-mont-ouvert-des-portes_537080?utm_source=facebook&amp;utm_medium=loc&amp;utm_campaign=pmo_tgp&amp;utm_term=partie26&amp;utm_content=26respectauxveterinaires#fig-a11y-skip-main-pave_atf\">Pomi\u0144 reklam\u0119<\/a><\/p>\n\n\n\n<p><strong>Sofia Vergara,&nbsp;producentka serialu Netflixa&nbsp;<\/strong><em><strong>Griselda<\/strong><\/em><strong>&nbsp;<\/strong>, w kt\u00f3rym gra handlark\u0119 narkotyk\u00f3w i matk\u0119, kt\u00f3ra po ucieczce z Kolumbii zbudowa\u0142a kartel w Miami, udzieli\u0142a obszernego wywiadu&nbsp;hiszpa\u0144skiej gazecie&nbsp;<a href=\"https:\/\/english.elpais.com\/people\/2024-01-15\/sofia-vergara-my-boobs-opened-a-lot-of-doors-for-me-but-im-still-here-because-im-not-afraid-of-taking-a-risk-and-i-work-harder-than-anyone.html#\"><em>El Pa\u00eds<\/em><\/a><a href=\"https:\/\/actu.gala.fr\/l_actu\/news_de_stars\/sofia_vergara_n_est_plus_la_seule_actrice_la_mieux_payee_350050\">&nbsp;16 stycznia. Kolumbijska aktorka<\/a>&nbsp;szczerze i bez wahania&nbsp;m\u00f3wi\u0142a o&nbsp;<strong>roli, jak\u0105 jej cia\u0142o odegra\u0142o w jej sukcesie<\/strong>&nbsp;.<\/p>\n\n\n\n<p>&nbsp;<em>\u201e&nbsp;<strong>Moje piersi otworzy\u0142y mi wszystkie drzwi.<\/strong>&nbsp;By\u0142y moim paszportem, gdy mia\u0142am 20 lat i zaczyna\u0142am jako modelka; ale dzi\u015b mam 51 lat i nadal tu jestem\u201d<\/em>&nbsp;, o\u015bwiadczy\u0142a, dodaj\u0105c pewnie:&nbsp;<em>\u201eOd najm\u0142odszych lat zna\u0142am swoje mocne strony i je wykorzystywa\u0142am.&nbsp;<strong>Ale je\u015bli widzisz tylko moje piersi, to jest to tw\u00f3j problem\u201d.<\/strong><\/em><\/p>\n\n\n\n<p>Najbardziej znana z roli Glorii Pritchett w serialu&nbsp;<a href=\"https:\/\/actu.gala.fr\/l_actu\/news_de_stars\/festival_de_monte-carlo_triomphe_de_breaking_bad_et_modern_family_292222\"><em>\u201eWsp\u00f3\u0142czesna rodzina\u201d<\/em><\/a>&nbsp;, Sofia Vergara zawsze by\u0142a&nbsp;<a href=\"https:\/\/actu.gala.fr\/l_actu\/news_de_stars\/sofia_vergara_plus_influente_que_jennifer_lopez_326390\">prominentn\u0105 postaci\u0105<\/a>&nbsp;w Hollywood, nie tylko ze wzgl\u0119du na talent, ale tak\u017ce urod\u0119. W tym szczerym wywiadzie podkre\u015bli\u0142a wag\u0119 doceniania swoich mocnych stron, a jednocze\u015bnie podkre\u015bli\u0142a&nbsp;<strong>swoj\u0105 etyk\u0119 pracy i determinacj\u0119<\/strong>&nbsp;.&nbsp;<em>\u201ePracuj\u0119 ci\u0119\u017cej ni\u017c ktokolwiek inny i&nbsp;<\/em><em><strong>nie boj\u0119 si\u0119 podejmowa\u0107 ryzyka<\/strong>&nbsp;\u201d \u2013<\/em>&nbsp;powiedzia\u0142a, podkre\u015blaj\u0105c, \u017ce jej d\u0142ugowieczno\u015b\u0107 w bran\u017cy nie wynika wy\u0142\u0105cznie z wygl\u0105du.<\/p>\n\n\n\n<p>\u22d9&nbsp;<a href=\"https:\/\/photo.gala.fr\/photos-comment-avoir-un-beau-decollete-44756\">ZDJ\u0118CIA \u2014 Jak mie\u0107 pi\u0119kny dekolt jak gwiazdy?<\/a><\/p>\n\n\n\n<h2 class=\"wp-block-heading\" id=\"bbfnt\">Sofia Vergara o rozwodzie: \u201eNie chcia\u0142am by\u0107 star\u0105 mam\u0105\u201d<\/h2>\n\n\n\n<p>Sofia Vergara opowiedzia\u0142a r\u00f3wnie\u017c o bardziej osobistych aspektach swojego \u017cycia, w tym&nbsp;<a href=\"https:\/\/actu.gala.fr\/l_actu\/news_de_stars\/sofia-vergara-et-joe-manganiello-ces-raisons-qui-les-ont-conduits-au-divorce-apres-7-ans-de-mariage_525487\">o rozwodzie<\/a>&nbsp;z aktorem&nbsp;<a href=\"https:\/\/actu.gala.fr\/stars_et_gotha\/joe_manganiello\">Joe Manganiello<\/a>&nbsp;w lipcu 2023 roku po&nbsp;<strong>siedmiu latach zwi\u0105zku<\/strong>&nbsp;. Aktorka ujawni\u0142a&nbsp;<strong>r\u00f3\u017cnice w pogl\u0105dach na temat macierzy\u0144stwa<\/strong>&nbsp;mi\u0119dzy&nbsp;<a href=\"https:\/\/actu.gala.fr\/l_actu\/news_de_stars\/sofia_vergara_a_dit_oui_a_joe_manganellio_354348\">ni\u0105 a by\u0142ym m\u0119\u017cem<\/a>&nbsp;.&nbsp;<em>\u201eM\u00f3j m\u0105\u017c by\u0142 m\u0142odszy, chcia\u0142 dzieci, a ja nie chcia\u0142am by\u0107 star\u0105 mam\u0105. [\u2026] Urodzi\u0142am syna w wieku 19 lat, kt\u00f3ry teraz ma 32 lata, i&nbsp;<\/em><em><strong>jestem gotowa by\u0107 babci\u0105, a nie znowu matk\u0105<\/strong><\/em><em>&nbsp;\u201d \u2013<\/em>&nbsp;powiedzia\u0142a, wyja\u015bniaj\u0105c, \u017ce chce skupi\u0107 si\u0119 na kolejnych etapach swojego \u017cycia i kariery.<\/p>\n","protected":false},"excerpt":{"rendered":"Sofia Vergara, modelka i aktorka wyst\u0119puj\u0105ca obecnie w serialu Netflixa&nbsp;Griselda&nbsp;, ujawni\u0142a kilka zaskakuj\u0105cych szczeg\u00f3\u0142\u00f3w w wywiadzie dla hiszpa\u0144skiego&nbsp;El Pa\u00ecs&nbsp;16 stycznia, omawiaj\u0105c wp\u0142yw swojej \n<a class=\"moretag\" href=\"https:\/\/swiat24.pl.ua\/?p=23328\"> [...]<\/a>","protected":false},"author":1,"featured_media":23329,"comment_status":"open","ping_status":"open","sticky":false,"template":"","format":"standard","meta":{"footnotes":""},"categories":[1],"tags":[],"class_list":["post-23328","post","type-post","status-publish","format-standard","has-post-thumbnail","hentry","category-blog"],"_links":{"self":[{"href":"https:\/\/swiat24.pl.ua\/index.php?rest_route=\/wp\/v2\/posts\/23328","targetHints":{"allow":["GET"]}}],"collection":[{"href":"https:\/\/swiat24.pl.ua\/index.php?rest_route=\/wp\/v2\/posts"}],"about":[{"href":"https:\/\/swiat24.pl.ua\/index.php?rest_route=\/wp\/v2\/types\/post"}],"author":[{"embeddable":true,"href":"https:\/\/swiat24.pl.ua\/index.php?rest_route=\/wp\/v2\/users\/1"}],"replies":[{"embeddable":true,"href":"https:\/\/swiat24.pl.ua\/index.php?rest_route=%2Fwp%2Fv2%2Fcomments&post=23328"}],"version-history":[{"count":1,"href":"https:\/\/swiat24.pl.ua\/index.php?rest_route=\/wp\/v2\/posts\/23328\/revisions"}],"predecessor-version":[{"id":23330,"href":"https:\/\/swiat24.pl.ua\/index.php?rest_route=\/wp\/v2\/posts\/23328\/revisions\/23330"}],"wp:featuredmedia":[{"embeddable":true,"href":"https:\/\/swiat24.pl.ua\/index.php?rest_route=\/wp\/v2\/media\/23329"}],"wp:attachment":[{"href":"https:\/\/swiat24.pl.ua\/index.php?rest_route=%2Fwp%2Fv2%2Fmedia&parent=23328"}],"wp:term":[{"taxonomy":"category","embeddable":true,"href":"https:\/\/swiat24.pl.ua\/index.php?rest_route=%2Fwp%2Fv2%2Fcategories&post=23328"},{"taxonomy":"post_tag","embeddable":true,"href":"https:\/\/swiat24.pl.ua\/index.php?rest_route=%2Fwp%2Fv2%2Ftags&post=23328"}],"curies":[{"name":"wp","href":"https:\/\/api.w.org\/{rel}","templated":true}]}}