{"id":23313,"date":"2026-03-03T13:00:03","date_gmt":"2026-03-03T13:00:03","guid":{"rendered":"https:\/\/swiat24.pl.ua\/?p=23313"},"modified":"2026-03-03T13:00:03","modified_gmt":"2026-03-03T13:00:03","slug":"w-sobote-rano-potwierdzily-sie-doniesienia-ws-agaty-buzek-3","status":"publish","type":"post","link":"https:\/\/swiat24.pl.ua\/?p=23313","title":{"rendered":"W sobot\u0119 rano potwierdzi\u0142y si\u0119 doniesienia ws. Agaty Buzek"},"content":{"rendered":"\n<p>Agata Buzek wybra\u0142a cisz\u0119 zamiast blasku fleszy. Jej \u017cyciowa decyzja zaskoczy\u0142a wszystkich<\/p>\n\n\n\n<p>Agata Buzek od lat konsekwentnie buduje swoj\u0105 pozycj\u0119 w \u015bwiecie filmu. Ka\u017cda kolejna rola spotyka si\u0119 z uznaniem krytyk\u00f3w, a ona sama pozostaje wierna artystycznej drodze, z dala od medialnego zgie\u0142ku. <\/p>\n\n\n\n<p>Mimo to jej \u017cycie prywatne co jaki\u015b czas trafia\u0142o na pierwsze strony gazet \u2014 szczeg\u00f3lnie w okresie zwi\u0105zku z Jackiem Braciakiem, kt\u00f3ry przyci\u0105ga\u0142 uwag\u0119 tabloid\u00f3w bardziej, ni\u017c sama aktorka by sobie tego \u017cyczy\u0142a.<\/p>\n\n\n\n<p>Wcze\u015bniej Agata by\u0142a \u017con\u0105 Adama Mazana. Para pobra\u0142a si\u0119 w 2006 roku, jednak ich rozstanie przez d\u0142ugi czas owiane by\u0142o tajemnic\u0105. Jak ujawni\u0142 znajomy aktorki, rozw\u00f3d przebieg\u0142 \u201epo cichu i z klas\u0105\u201d \u2014 dok\u0142adnie tak, jak \u017cyczyli sobie oboje.<\/p>\n\n\n\n<p>Po zako\u0144czeniu tego etapu Buzek zwi\u0105za\u0142a si\u0119 z Jackiem Braciakiem. Pocz\u0105tkowo wydawali si\u0119 idealnie dopasowani, a ich wsp\u00f3lne publiczne wyst\u0105pienia wzbudza\u0142y niema\u0142e emocje. W kr\u0119gach znajomych m\u00f3wi\u0142o si\u0119 nawet o planowanym \u015blubie. Tym wi\u0119kszym zaskoczeniem okaza\u0142o si\u0119 nag\u0142e rozstanie, o kt\u00f3rym sami zainteresowani nigdy nie chcieli m\u00f3wi\u0107 publicznie.<\/p>\n\n\n\n<p>To wydarzenie wyra\u017anie wp\u0142yn\u0119\u0142o na aktork\u0119. Agata coraz rzadziej pojawia\u0142a si\u0119 na salonach, a\u017c w ko\u0144cu zdecydowa\u0142a si\u0119 na radykaln\u0105 zmian\u0119. Opu\u015bci\u0142a Warszaw\u0119 i niemal ca\u0142kowicie odci\u0119\u0142a si\u0119 od \u015bwiata. Zamieszka\u0142a na Podlasiu, gdzie \u2014 jak sama przyzna\u0142a w jednym z wywiad\u00f3w \u2014 ucieka od stresu, ha\u0142asu i blichtru, odnajduj\u0105c spok\u00f3j w samotno\u015bci, naturze i codziennych spacerach z ukochanymi zwierz\u0119tami.<\/p>\n\n\n\n<p>Dzi\u015b Agata Buzek \u017cyje prosto i \u015bwiadomie. Zajmuje si\u0119 r\u0119kodzie\u0142em, a doch\u00f3d ze sprzeda\u017cy w\u0142asnor\u0119cznie robionych czapek i szalik\u00f3w przeznacza na pomoc zwierz\u0119tom. Nie narzeka na samotno\u015b\u0107 i otwarcie przyznaje, \u017ce nie oczekuje ju\u017c nowej mi\u0142o\u015bci.<\/p>\n\n\n\n<p>\u2014 Mam w sobie du\u017co mi\u0142o\u015bci \u2014 m\u00f3wi bez wahania. \u2014 Ale niekoniecznie do m\u0119\u017cczyzny. Raczej do \u015bwiata, ludzi i zwierz\u0105t.<\/p>\n\n\n\n<p>To wyb\u00f3r, kt\u00f3ry dla wielu mo\u017ce by\u0107 zaskakuj\u0105cy, ale dla niej \u2014 jak si\u0119 wydaje \u2014 jest drog\u0105 do wewn\u0119trznej r\u00f3wnowagi.<\/p>\n","protected":false},"excerpt":{"rendered":"Agata Buzek wybra\u0142a cisz\u0119 zamiast blasku fleszy. Jej \u017cyciowa decyzja zaskoczy\u0142a wszystkich Agata Buzek od lat konsekwentnie buduje swoj\u0105 pozycj\u0119 w \u015bwiecie filmu. \n<a class=\"moretag\" href=\"https:\/\/swiat24.pl.ua\/?p=23313\"> [...]<\/a>","protected":false},"author":1,"featured_media":23314,"comment_status":"open","ping_status":"open","sticky":false,"template":"","format":"standard","meta":{"footnotes":""},"categories":[1],"tags":[],"class_list":["post-23313","post","type-post","status-publish","format-standard","has-post-thumbnail","hentry","category-blog"],"_links":{"self":[{"href":"https:\/\/swiat24.pl.ua\/index.php?rest_route=\/wp\/v2\/posts\/23313","targetHints":{"allow":["GET"]}}],"collection":[{"href":"https:\/\/swiat24.pl.ua\/index.php?rest_route=\/wp\/v2\/posts"}],"about":[{"href":"https:\/\/swiat24.pl.ua\/index.php?rest_route=\/wp\/v2\/types\/post"}],"author":[{"embeddable":true,"href":"https:\/\/swiat24.pl.ua\/index.php?rest_route=\/wp\/v2\/users\/1"}],"replies":[{"embeddable":true,"href":"https:\/\/swiat24.pl.ua\/index.php?rest_route=%2Fwp%2Fv2%2Fcomments&post=23313"}],"version-history":[{"count":1,"href":"https:\/\/swiat24.pl.ua\/index.php?rest_route=\/wp\/v2\/posts\/23313\/revisions"}],"predecessor-version":[{"id":23315,"href":"https:\/\/swiat24.pl.ua\/index.php?rest_route=\/wp\/v2\/posts\/23313\/revisions\/23315"}],"wp:featuredmedia":[{"embeddable":true,"href":"https:\/\/swiat24.pl.ua\/index.php?rest_route=\/wp\/v2\/media\/23314"}],"wp:attachment":[{"href":"https:\/\/swiat24.pl.ua\/index.php?rest_route=%2Fwp%2Fv2%2Fmedia&parent=23313"}],"wp:term":[{"taxonomy":"category","embeddable":true,"href":"https:\/\/swiat24.pl.ua\/index.php?rest_route=%2Fwp%2Fv2%2Fcategories&post=23313"},{"taxonomy":"post_tag","embeddable":true,"href":"https:\/\/swiat24.pl.ua\/index.php?rest_route=%2Fwp%2Fv2%2Ftags&post=23313"}],"curies":[{"name":"wp","href":"https:\/\/api.w.org\/{rel}","templated":true}]}}