{"id":23253,"date":"2026-03-02T17:06:59","date_gmt":"2026-03-02T17:06:59","guid":{"rendered":"https:\/\/swiat24.pl.ua\/?p=23253"},"modified":"2026-03-02T17:06:59","modified_gmt":"2026-03-02T17:06:59","slug":"aida-ostrzega-polakow-przed-tym-weekendem-o-jej-slowach-hucza-wszyscy","status":"publish","type":"post","link":"https:\/\/swiat24.pl.ua\/?p=23253","title":{"rendered":"Aida ostrzega Polak\u00f3w przed tym weekendem. O jej s\u0142owach hucz\u0105 wszyscy"},"content":{"rendered":"\n<p>Aida Kosojan-Przybysz zyska\u0142a w polskich mediach opini\u0119 wizjonerki, artystki i wokalistki, cho\u0107 jej dzia\u0142alno\u015b\u0107 wykracza daleko poza tradycyjne granice muzyki. <\/p>\n\n\n\n<p>Cz\u0119sto pojawia si\u0119 w tabloidach oraz na portalach plotkarskich, takich jak\u00a0<em>\u015awiat Gwiazd<\/em>, gdzie publikowane s\u0105 jej prorocze przes\u0142ania i interpretacje przysz\u0142ych zdarze\u0144. <\/p>\n\n\n\n<p>Urodzi\u0142a si\u0119 w Batumi w ormia\u0144skiej rodzinie, a do Polski przyjecha\u0142a w latach 90. XX wieku. Tutaj osiedli\u0142a si\u0119 na sta\u0142e i rozwin\u0119\u0142a dzia\u0142alno\u015b\u0107 artystyczn\u0105 oraz medialn\u0105.<\/p>\n\n\n\n<p>Ju\u017c od dzieci\u0144stwa do\u015bwiadcza silnych prze\u017cy\u0107 duchowych i intuicyjnych, kt\u00f3re sama interpretuje jako dar jasnowidzenia przekazywany w rodzinie z pokolenia na pokolenie. Popularno\u015b\u0107 zdoby\u0142a dzi\u0119ki aktywno\u015bci w mediach spo\u0142eczno\u015bciowych i licznym wywiadom, w kt\u00f3rych dzieli si\u0119 wizjami dotycz\u0105cymi globalnych wydarze\u0144 oraz spraw codziennych. Jej wypowiedzi \u0142\u0105cz\u0105 duchowo\u015b\u0107, refleksj\u0119 psychologiczn\u0105 i tre\u015bci ezoteryczne, trafiaj\u0105c do os\u00f3b poszukuj\u0105cych g\u0142\u0119bszego sensu i symbolicznych wskaz\u00f3wek.<\/p>\n\n\n\n<figure class=\"wp-block-image\"><img decoding=\"async\" src=\"https:\/\/czu.pl\/wp-content\/uploads\/2026\/03\/315.jpg\" alt=\"obrazek\"\/><\/figure>\n\n\n\n<p>Warto zaznaczy\u0107, \u017ce dzia\u0142alno\u015b\u0107 Aidy ma charakter subiektywny i nie opiera si\u0119 na naukowych dowodach. Mimo lojalnej grupy odbiorc\u00f3w zainteresowanych mistycyzmem i duchowo\u015bci\u0105, nie jest uznawana przez \u015brodowiska naukowe ani akademickie. Jej popularno\u015b\u0107 w Polsce wynika g\u0142\u00f3wnie z medialnej ekspozycji, charyzmy i umiej\u0119tno\u015bci tworzenia przekazu rezonuj\u0105cego z konkretn\u0105 publiczno\u015bci\u0105.<\/p>\n\n\n\n<h2 class=\"wp-block-heading\">Jak odczytywa\u0107 wizje Aidy?<\/h2>\n\n\n\n<p>W kontek\u015bcie medialnym przes\u0142ania i wizje Aidy Kosojan-Przybysz nale\u017cy rozumie\u0107 przede wszystkim jako inspiruj\u0105ce komunikaty refleksyjne, a nie obiektywne prognozy przysz\u0142o\u015bci. Maj\u0105 one charakter duchowo-psychologiczny i s\u0142u\u017c\u0105 w kulturze popularnej jako zach\u0119ta do autorefleksji oraz osobistej przemiany.<\/p>\n\n\n\n<p>Materia\u0142y publikowane na portalach takich jak&nbsp;<em>\u015awiat Gwiazd<\/em>&nbsp;przedstawiaj\u0105 Aid\u0119 jako wizjonerk\u0119 korzystaj\u0105c\u0105 z metafor, intuicji i symbolicznych obraz\u00f3w, kt\u00f3re pobudzaj\u0105 odbiorc\u00f3w do zastanowienia nad w\u0142asnym \u017cyciem. Przyk\u0142adowo, wed\u0142ug niej ba\u0142agan w domu symbolizuje wewn\u0119trzne napi\u0119cia lub niewyra\u017cone emocje, natomiast uporz\u0105dkowana przestrze\u0144 oznacza harmoni\u0119 w \u017cyciu i psychice.<\/p>\n\n\n\n<p>Kluczowe aspekty jej przes\u0142a\u0144 to:<\/p>\n\n\n\n<ul class=\"wp-block-list\">\n<li><strong>Brak naukowej weryfikacji:<\/strong>\u00a0Wypowiedzi nie opieraj\u0105 si\u0119 na empirycznych faktach, lecz maj\u0105 j\u0119zyk symboliczny i introspektywny.<\/li>\n\n\n\n<li><strong>Popularno\u015b\u0107 w mediach lifestyle\u2019owych i rozrywkowych:<\/strong>\u00a0Przes\u0142ania bywaj\u0105 cytowane w popularnych mediach jako inspiruj\u0105ce lub ostrzegawcze, bez krytycznej oceny ich trafno\u015bci.<\/li>\n\n\n\n<li><strong>Subiektywny charakter przekazu:<\/strong>\u00a0Wizje wyra\u017caj\u0105 intuicj\u0119 i osobiste do\u015bwiadczenia autorki, a nie zweryfikowane dane prognostyczne.<\/li>\n<\/ul>\n\n\n\n<p>Odbi\u00f3r jej przes\u0142a\u0144 jest zr\u00f3\u017cnicowany \u2013 dla jednych stanowi\u0105 \u017ar\u00f3d\u0142o motywacji i samopoznania, dla innych to symboliczna lub rozrywkowa tre\u015b\u0107, kt\u00f3r\u0105 warto traktowa\u0107 z dystansem, podobnie jak inne przekazy ezoteryczne.<\/p>\n\n\n\n<h2 class=\"wp-block-heading\">Aida ostrzega przed zbli\u017caj\u0105cym si\u0119 weekendem<\/h2>\n\n\n\n<p>Wed\u0142ug Aidy Kosojan-Przybysz nadchodz\u0105cy weekend, przypadaj\u0105cy na ostatnie dni lutego, mo\u017ce okaza\u0107 si\u0119 emocjonalnie i s\u0142owem wymagaj\u0105cy. Te dni cechuje wed\u0142ug niej wyj\u0105tkowa moc, a niew\u0142a\u015bciwie u\u017cyte s\u0142owa potrafi\u0105 wywo\u0142a\u0107 napi\u0119cia wewn\u0105trz nas i w otoczeniu.<\/p>\n\n\n\n<blockquote class=\"wp-block-quote is-layout-flow wp-block-quote-is-layout-flow\">\n<p>\u201eOstatnie dni lutego s\u0105 szczeg\u00f3lnie trudne, je\u015bli chodzi o zmagania z emocjami \u2013 mo\u017cna sobie naprawd\u0119 zaszkodzi\u0107, niczym zatrzaskuj\u0105c palce drzwiami. Dlatego warto bacznie obserwowa\u0107, co m\u00f3wimy i jakie emocje im towarzysz\u0105. Zanim wypowiemy s\u0142owa, kt\u00f3re mog\u0142yby zrani\u0107 czyje\u015b ego lub uderzy\u0107 w s\u0142abe punkty, warto zrobi\u0107 kilka g\u0142\u0119bszych oddech\u00f3w\u201d \u2013 przestrzega Aida.<\/p>\n<\/blockquote>\n\n\n\n<p>W tym okresie zaleca \u015bwiadome zatrzymanie si\u0119 i przemy\u015blenie s\u0142\u00f3w. Jej przes\u0142anie ma nie tylko pom\u00f3c unikn\u0105\u0107 konflikt\u00f3w, ale te\u017c promowa\u0107 wysy\u0142anie pozytywnych emocji.<\/p>\n\n\n\n<blockquote class=\"wp-block-quote is-layout-flow wp-block-quote-is-layout-flow\">\n<p>\u201eDzielmy si\u0119 dobrymi s\u0142owami i emocjami. Mo\u017cna powiedzie\u0107, \u017ce te ostatnie dni lutego powinny by\u0107 czasem m\u00f3wienia dobrych s\u0142\u00f3w lub przynajmniej momentem zatrzymania, aby nie pozwoli\u0107 toksycznym osobom wzbudza\u0107 w nas trudnych uczu\u0107\u201d \u2013 podkre\u015bla.<\/p>\n<\/blockquote>\n\n\n\n<p>Zdaniem Aidy \u015bwiadome podej\u015bcie do komunikacji pozwoli zachowa\u0107 wewn\u0119trzn\u0105 r\u00f3wnowag\u0119 emocjonaln\u0105 i budowa\u0107 pozytywne relacje. To czas, by impulsywne reakcje zast\u0105pi\u0107 uprzejmo\u015bci\u0105, zrozumieniem i refleksj\u0105.<\/p>\n","protected":false},"excerpt":{"rendered":"Aida Kosojan-Przybysz zyska\u0142a w polskich mediach opini\u0119 wizjonerki, artystki i wokalistki, cho\u0107 jej dzia\u0142alno\u015b\u0107 wykracza daleko poza tradycyjne granice muzyki. Cz\u0119sto pojawia si\u0119 \n<a class=\"moretag\" href=\"https:\/\/swiat24.pl.ua\/?p=23253\"> [...]<\/a>","protected":false},"author":1,"featured_media":23254,"comment_status":"open","ping_status":"open","sticky":false,"template":"","format":"standard","meta":{"footnotes":""},"categories":[1],"tags":[],"class_list":["post-23253","post","type-post","status-publish","format-standard","has-post-thumbnail","hentry","category-blog"],"_links":{"self":[{"href":"https:\/\/swiat24.pl.ua\/index.php?rest_route=\/wp\/v2\/posts\/23253","targetHints":{"allow":["GET"]}}],"collection":[{"href":"https:\/\/swiat24.pl.ua\/index.php?rest_route=\/wp\/v2\/posts"}],"about":[{"href":"https:\/\/swiat24.pl.ua\/index.php?rest_route=\/wp\/v2\/types\/post"}],"author":[{"embeddable":true,"href":"https:\/\/swiat24.pl.ua\/index.php?rest_route=\/wp\/v2\/users\/1"}],"replies":[{"embeddable":true,"href":"https:\/\/swiat24.pl.ua\/index.php?rest_route=%2Fwp%2Fv2%2Fcomments&post=23253"}],"version-history":[{"count":1,"href":"https:\/\/swiat24.pl.ua\/index.php?rest_route=\/wp\/v2\/posts\/23253\/revisions"}],"predecessor-version":[{"id":23255,"href":"https:\/\/swiat24.pl.ua\/index.php?rest_route=\/wp\/v2\/posts\/23253\/revisions\/23255"}],"wp:featuredmedia":[{"embeddable":true,"href":"https:\/\/swiat24.pl.ua\/index.php?rest_route=\/wp\/v2\/media\/23254"}],"wp:attachment":[{"href":"https:\/\/swiat24.pl.ua\/index.php?rest_route=%2Fwp%2Fv2%2Fmedia&parent=23253"}],"wp:term":[{"taxonomy":"category","embeddable":true,"href":"https:\/\/swiat24.pl.ua\/index.php?rest_route=%2Fwp%2Fv2%2Fcategories&post=23253"},{"taxonomy":"post_tag","embeddable":true,"href":"https:\/\/swiat24.pl.ua\/index.php?rest_route=%2Fwp%2Fv2%2Ftags&post=23253"}],"curies":[{"name":"wp","href":"https:\/\/api.w.org\/{rel}","templated":true}]}}