{"id":23237,"date":"2026-03-02T11:40:33","date_gmt":"2026-03-02T11:40:33","guid":{"rendered":"https:\/\/swiat24.pl.ua\/?p=23237"},"modified":"2026-03-02T11:40:33","modified_gmt":"2026-03-02T11:40:33","slug":"ten-maly-chlopiec-wyrosl-na-jednego-z-najgorszych-ludzi-na-swiecie","status":"publish","type":"post","link":"https:\/\/swiat24.pl.ua\/?p=23237","title":{"rendered":"Ten ma\u0142y ch\u0142opiec wyr\u00f3s\u0142 na jednego z najgorszych ludzi na \u015bwiecie"},"content":{"rendered":"\n<p>Nawet najbardziej niepozorne dziecko mo\u017ce sta\u0107 si\u0119 kim\u015b nie do poznania, gdy zostanie ukszta\u0142towane przez niestabilno\u015b\u0107 i zaniedbanie. <\/p>\n\n\n\n<p>Niewiele \u017cy\u0107 odzwierciedla t\u0119 trajektori\u0119 w spos\u00f3b bardziej dobitny ni\u017c \u017cycie Charlesa Mansona , kt\u00f3rego nazwisko sta\u0142o si\u0119 synonimem jednej z najs\u0142ynniejszych serii przest\u0119pczych w Ameryce.<\/p>\n\n\n\n<p>Urodzony w 1934 roku w Cincinnati, z 16-letniej matki, Manson od najm\u0142odszych lat \u017cy\u0142 w opuszczeniu i chaosie. Jego ojciec by\u0142 nieobecny, a uwi\u0119zienie matki za napad rabunkowy sprawi\u0142o, \u017ce Manson miota\u0142 si\u0119 mi\u0119dzy krewnymi a tymczasowymi domami.<\/p>\n\n\n\n<p>Kr\u00f3tkie okresy stabilizacji nigdy nie trwa\u0142y d\u0142ugo. Nadu\u017cywanie alkoholu i zaniedbanie zdominowa\u0142y znaczn\u0105 cz\u0119\u015b\u0107 jego dzieci\u0144stwa. W wieku nastoletnim wagary, kradzie\u017ce i oskar\u017cenia o podpalenia ci\u0105gn\u0119\u0142y si\u0119 za nim a\u017c do poprawczak\u00f3w i o\u015brodk\u00f3w dla nieletnich.<\/p>\n\n\n\n<p>Instytucje, kt\u00f3re mia\u0142y korygowa\u0107 jego zachowanie, zamiast tego je wzmacnia\u0142y. Wielokrotnie ucieka\u0142, pope\u0142nia\u0142 coraz powa\u017cniejsze przest\u0119pstwa i nauczy\u0142 si\u0119 manipulacji jako narz\u0119dzia przetrwania. Badania psychologiczne opisywa\u0142y go jako osob\u0119 agresywnie antyspo\u0142eczn\u0105.<\/p>\n\n\n\n<p>Jako m\u0142ody doros\u0142y, pobyt w wi\u0119zieniu sta\u0142 si\u0119 dla niego rutyn\u0105. Zosta\u0142 skazany za kradzie\u017c, oszustwo i napa\u015b\u0107, sp\u0119dzaj\u0105c wi\u0119kszo\u015b\u0107 swojego wczesnego \u017cycia za kratkami. W wi\u0119zieniu rozwin\u0105\u0142 umiej\u0119tno\u015bci perswazji, kt\u00f3re p\u00f3\u017aniej okaza\u0142y si\u0119 kluczowe dla jego wp\u0142ywu na innych.<\/p>\n\n\n\n<p>Pod koniec lat 60. Manson zgromadzi\u0142 grup\u0119 oddanych zwolennik\u00f3w, znan\u0105 p\u00f3\u017aniej jako \u201eRodzina Mansona\u201d. Propagowa\u0142 wypaczon\u0105 ideologi\u0119 apokaliptyczn\u0105, kt\u00f3r\u0105 nazywa\u0142 \u201eHelter Skelter\u201d, twierdz\u0105c, \u017ce zwiastuje ona nadchodz\u0105c\u0105 wojn\u0119 rasow\u0105.<\/p>\n\n\n\n<p>W sierpniu 1969 roku jego zwolennicy zamordowali aktork\u0119 Sharon Tate i inne osoby, a nast\u0119pnie Leno i Rosemary LaBianca. Chocia\u017c nie pope\u0142ni\u0142 tych morderstw osobi\u015bcie, zosta\u0142 skazany za ich zorganizowanie.<\/p>\n\n\n\n<p>Skazany na \u015bmier\u0107 w 1971 roku, kar\u0119 skr\u00f3cono do do\u017cywotniego pozbawienia wolno\u015bci, po tym jak Kalifornia znios\u0142a kar\u0119 \u015bmierci. Manson zmar\u0142 w wi\u0119zieniu w 2017 roku, pozostawiaj\u0105c po sobie dziedzictwo manipulacji, przemocy i trwa\u0142ej kulturowej ha\u0144by.<\/p>\n","protected":false},"excerpt":{"rendered":"Nawet najbardziej niepozorne dziecko mo\u017ce sta\u0107 si\u0119 kim\u015b nie do poznania, gdy zostanie ukszta\u0142towane przez niestabilno\u015b\u0107 i zaniedbanie. Niewiele \u017cy\u0107 odzwierciedla t\u0119 trajektori\u0119 \n<a class=\"moretag\" href=\"https:\/\/swiat24.pl.ua\/?p=23237\"> [...]<\/a>","protected":false},"author":1,"featured_media":23238,"comment_status":"open","ping_status":"open","sticky":false,"template":"","format":"standard","meta":{"footnotes":""},"categories":[1],"tags":[],"class_list":["post-23237","post","type-post","status-publish","format-standard","has-post-thumbnail","hentry","category-blog"],"_links":{"self":[{"href":"https:\/\/swiat24.pl.ua\/index.php?rest_route=\/wp\/v2\/posts\/23237","targetHints":{"allow":["GET"]}}],"collection":[{"href":"https:\/\/swiat24.pl.ua\/index.php?rest_route=\/wp\/v2\/posts"}],"about":[{"href":"https:\/\/swiat24.pl.ua\/index.php?rest_route=\/wp\/v2\/types\/post"}],"author":[{"embeddable":true,"href":"https:\/\/swiat24.pl.ua\/index.php?rest_route=\/wp\/v2\/users\/1"}],"replies":[{"embeddable":true,"href":"https:\/\/swiat24.pl.ua\/index.php?rest_route=%2Fwp%2Fv2%2Fcomments&post=23237"}],"version-history":[{"count":1,"href":"https:\/\/swiat24.pl.ua\/index.php?rest_route=\/wp\/v2\/posts\/23237\/revisions"}],"predecessor-version":[{"id":23239,"href":"https:\/\/swiat24.pl.ua\/index.php?rest_route=\/wp\/v2\/posts\/23237\/revisions\/23239"}],"wp:featuredmedia":[{"embeddable":true,"href":"https:\/\/swiat24.pl.ua\/index.php?rest_route=\/wp\/v2\/media\/23238"}],"wp:attachment":[{"href":"https:\/\/swiat24.pl.ua\/index.php?rest_route=%2Fwp%2Fv2%2Fmedia&parent=23237"}],"wp:term":[{"taxonomy":"category","embeddable":true,"href":"https:\/\/swiat24.pl.ua\/index.php?rest_route=%2Fwp%2Fv2%2Fcategories&post=23237"},{"taxonomy":"post_tag","embeddable":true,"href":"https:\/\/swiat24.pl.ua\/index.php?rest_route=%2Fwp%2Fv2%2Ftags&post=23237"}],"curies":[{"name":"wp","href":"https:\/\/api.w.org\/{rel}","templated":true}]}}