{"id":23220,"date":"2026-03-01T17:03:23","date_gmt":"2026-03-01T17:03:23","guid":{"rendered":"https:\/\/swiat24.pl.ua\/?p=23220"},"modified":"2026-03-01T17:03:23","modified_gmt":"2026-03-01T17:03:23","slug":"nawrocki-przemawial-podczas-dnia-pamieci-zolnierzy-wykletych-padly-ostre-slowa","status":"publish","type":"post","link":"https:\/\/swiat24.pl.ua\/?p=23220","title":{"rendered":"Nawrocki przemawia\u0142 podczas Dnia Pami\u0119ci \u017bo\u0142nierzy Wykl\u0119tych. Pad\u0142y ostre s\u0142owa"},"content":{"rendered":"\n<p>W Bielsku odby\u0142y si\u0119 uroczysto\u015bci z okazji Narodowego Dnia Pami\u0119ci \u017bo\u0142nierzy Wykl\u0119tych. <\/p>\n\n\n\n<p>Prezydent Karol Nawrocki wyg\u0142osi\u0142 emocjonuj\u0105ce przem\u00f3wienie, kt\u00f3re zwr\u00f3ci\u0142o uwag\u0119 zgromadzonych na znaczenie pami\u0119ci historycznej. <\/p>\n\n\n\n<p>Podkre\u015bli\u0142 zar\u00f3wno rol\u0119 bohater\u00f3w, jak i wsp\u00f3\u0142czesne wyzwania zwi\u0105zane z propagand\u0105 komunistyczn\u0105.<\/p>\n\n\n\n<p>Narodowy Dzie\u0144 Pami\u0119ci \u017bo\u0142nierzy Wykl\u0119tych w Bielsku \u2013 historia i znaczenie<br>Karol Nawrocki o bohaterach i wsp\u00f3\u0142czesnej propagandzie komunistycznej<br>Ho\u0142d i podzi\u0119kowania dla \u017bo\u0142nierzy Wykl\u0119tych \u2013 Panteon w Warszawie<br>Narodowy Dzie\u0144 Pami\u0119ci \u017bo\u0142nierzy Wykl\u0119tych w Bielsku \u2013 historia i znaczenie<br>Podczas uroczysto\u015bci w Bielsku Karol Nawrocki przypomnia\u0142 o znaczeniu Narodowego Dnia Pami\u0119ci \u017bo\u0142nierzy Wykl\u0119tych, obchodzonego 1 marca. W swoim wyst\u0105pieniu prezydent zwr\u00f3ci\u0142 uwag\u0119 na trudn\u0105 histori\u0119 Polski po II wojnie \u015bwiatowej, kiedy wielu cz\u0142onk\u00f3w podziemia niepodleg\u0142o\u015bciowego kontynuowa\u0142o walk\u0119 o wolno\u015b\u0107 kraju mimo zagro\u017cenia \u017cycia. Przypomnia\u0142 te\u017c lokalnego bohatera, Franciszka Majewskiego ps. \u201eS\u0142ony\u201d.&nbsp;<\/p>\n\n\n\n<p>\u2013 Wasz bohater i bohater ca\u0142ej Polski. Syn polskiej niepodleg\u0142o\u015bci, bo urodzi\u0142 si\u0119 na pocz\u0105tku 1919 roku, a wi\u0119c ju\u017c w wolnej Polsce. Jest uosobieniem tego, \u017ce II Rzeczpospolita i jedno z jej najwi\u0119kszych osi\u0105gni\u0119\u0107 to wychowanie ludzi, kt\u00f3rzy nigdy nie oddali swojej wolno\u015bci i niepodleg\u0142o\u015bci Rzeczpospolitej Polskiej \u2013 m\u00f3wi\u0142 prezydent Nawrocki, podkre\u015blaj\u0105c \u015bwiadomo\u015b\u0107 \u201eS\u0142onego\u201d, \u017ce po wojnie Sowieci nie nios\u0105 wyzwolenia, lecz zniewolenie.<br><\/p>\n\n\n\n<figure class=\"wp-block-image size-large\"><img loading=\"lazy\" decoding=\"async\" width=\"1024\" height=\"576\" src=\"https:\/\/swiat24.pl.ua\/wp-content\/uploads\/2026\/03\/image-1024x576.png\" alt=\"\" class=\"wp-image-23221\" srcset=\"https:\/\/swiat24.pl.ua\/wp-content\/uploads\/2026\/03\/image-1024x576.png 1024w, https:\/\/swiat24.pl.ua\/wp-content\/uploads\/2026\/03\/image-300x169.png 300w, https:\/\/swiat24.pl.ua\/wp-content\/uploads\/2026\/03\/image-768x432.png 768w, https:\/\/swiat24.pl.ua\/wp-content\/uploads\/2026\/03\/image-1536x864.png 1536w, https:\/\/swiat24.pl.ua\/wp-content\/uploads\/2026\/03\/image.png 1920w\" sizes=\"auto, (max-width: 1024px) 100vw, 1024px\" \/><\/figure>\n\n\n\n<p>Karol Nawrocki o bohaterach i wsp\u00f3\u0142czesnej propagandzie komunistycznej<br>Prezydent podkre\u015bli\u0142, \u017ce pami\u0119\u0107 o \u017bo\u0142nierzach Wykl\u0119tych jest nie tylko historycznym obowi\u0105zkiem, ale tak\u017ce inspiracj\u0105 dla wsp\u00f3\u0142czesnych Polak\u00f3w.&nbsp;<\/p>\n\n\n\n<p>\u2013 Chc\u0119, \u017ceby\u015bcie byli pewni, \u017ce prezydentem jest cz\u0142owiek, kt\u00f3ry nigdy nie zapomni o bohaterach podziemia antykomunistycznego. M\u00f3wi\u0119 jasno \u2013 bohaterom chwa\u0142a, a komunistycznym zdrajcom, kt\u00f3rzy do nich strzelali wieczna pogarda \u2013 m\u00f3wi\u0142 Karol Nawrocki w Bielsku.<\/p>\n\n\n\n<p>Zgromadzeni zareagowali brawami i okrzykami \u201ePrecz z komun\u0105\u201d i \u201eCze\u015b\u0107 i chwa\u0142a bohaterom\u201d. W swoim wyst\u0105pieniu prezydent zwr\u00f3ci\u0142 uwag\u0119 na to, \u017ce \u2013 jego zdaniem \u2013 nawet w dzisiejszych czasach niekt\u00f3rzy urz\u0119dnicy lekcewa\u017c\u0105 pami\u0119\u0107 o bohaterach.<\/p>\n\n\n\n<p>\u2013 Komunistyczna propaganda jest wci\u0105\u017c z nami. S\u0105 te\u017c tacy, i s\u0105 jednymi z najwa\u017cniejszych urz\u0119dnik\u00f3w w Polsce, kt\u00f3rzy pogardzaj\u0105 pami\u0119ci\u0105 o naszych bohaterach \u2013 m\u00f3wi\u0142 Nawrocki.<br><\/p>\n\n\n\n<p>Ho\u0142d i podzi\u0119kowania dla \u017bo\u0142nierzy Wykl\u0119tych \u2013 Panteon w Warszawie<br>Podczas obchod\u00f3w Karol Nawrocki wzi\u0105\u0142 r\u00f3wnie\u017c udzia\u0142 w uroczysto\u015bciach przed Panteonem \u2013 Mauzoleum Wykl\u0119tych-Niez\u0142omnych na Cmentarzu Wojskowym na Pow\u0105zkach w Warszawie. W swoim wyst\u0105pieniu prezydent dzi\u0119kowa\u0142 wszystkim, kt\u00f3rzy przyczynili si\u0119 do zachowania polskiej niepodleg\u0142o\u015bci, podkre\u015blaj\u0105c, \u017ce to dzi\u0119ki ich po\u015bwi\u0119ceniu Polska przetrwa\u0142a.&nbsp;<\/p>\n\n\n\n<p>\u2013 Dzi\u0119ki Wam Polska nie zgin\u0119\u0142a i nie zginie \u2013 m\u00f3wi\u0142 prezydent. \u2013 Za to z ca\u0142ego serca Wam dzi\u0119kuj\u0119 \u2013 doda\u0142.<\/p>\n\n\n\n<p>W ten spos\u00f3b uroczysto\u015bci sta\u0142y si\u0119 nie tylko okazj\u0105 do upami\u0119tnienia historii, ale tak\u017ce do przypomnienia wsp\u00f3\u0142czesnym Polakom o warto\u015bci pami\u0119ci narodowej i znaczeniu bohaterstwa w trudnych czasach.<br><\/p>\n\n\n\n<blockquote class=\"twitter-tweet\" data-media-max-width=\"560\"><p lang=\"pl\" dir=\"ltr\">Karol Nawrocki: <br><br>\u201eKomunistyczna propaganda jest wci\u0105\u017c z nami. S\u0105 te\u017c tacy, i s\u0105 jednymi z najwa\u017cniejszych urz\u0119dnik\u00f3w w Polsce, kt\u00f3rzy pogardzaj\u0105 pami\u0119ci\u0105 o naszych bohaterach\u201d <a href=\"https:\/\/t.co\/pXYdTLC7pR\">pic.twitter.com\/pXYdTLC7pR<\/a><\/p>&mdash; chrzanik (@chrzanikx) <a href=\"https:\/\/twitter.com\/chrzanikx\/status\/2028111902245581133?ref_src=twsrc%5Etfw\">March 1, 2026<\/a><\/blockquote> <script async src=\"https:\/\/platform.twitter.com\/widgets.js\" charset=\"utf-8\"><\/script>\n","protected":false},"excerpt":{"rendered":"W Bielsku odby\u0142y si\u0119 uroczysto\u015bci z okazji Narodowego Dnia Pami\u0119ci \u017bo\u0142nierzy Wykl\u0119tych. Prezydent Karol Nawrocki wyg\u0142osi\u0142 emocjonuj\u0105ce przem\u00f3wienie, kt\u00f3re zwr\u00f3ci\u0142o uwag\u0119 zgromadzonych na \n<a class=\"moretag\" href=\"https:\/\/swiat24.pl.ua\/?p=23220\"> [...]<\/a>","protected":false},"author":1,"featured_media":23222,"comment_status":"open","ping_status":"open","sticky":false,"template":"","format":"standard","meta":{"footnotes":""},"categories":[1],"tags":[],"class_list":["post-23220","post","type-post","status-publish","format-standard","has-post-thumbnail","hentry","category-blog"],"_links":{"self":[{"href":"https:\/\/swiat24.pl.ua\/index.php?rest_route=\/wp\/v2\/posts\/23220","targetHints":{"allow":["GET"]}}],"collection":[{"href":"https:\/\/swiat24.pl.ua\/index.php?rest_route=\/wp\/v2\/posts"}],"about":[{"href":"https:\/\/swiat24.pl.ua\/index.php?rest_route=\/wp\/v2\/types\/post"}],"author":[{"embeddable":true,"href":"https:\/\/swiat24.pl.ua\/index.php?rest_route=\/wp\/v2\/users\/1"}],"replies":[{"embeddable":true,"href":"https:\/\/swiat24.pl.ua\/index.php?rest_route=%2Fwp%2Fv2%2Fcomments&post=23220"}],"version-history":[{"count":1,"href":"https:\/\/swiat24.pl.ua\/index.php?rest_route=\/wp\/v2\/posts\/23220\/revisions"}],"predecessor-version":[{"id":23223,"href":"https:\/\/swiat24.pl.ua\/index.php?rest_route=\/wp\/v2\/posts\/23220\/revisions\/23223"}],"wp:featuredmedia":[{"embeddable":true,"href":"https:\/\/swiat24.pl.ua\/index.php?rest_route=\/wp\/v2\/media\/23222"}],"wp:attachment":[{"href":"https:\/\/swiat24.pl.ua\/index.php?rest_route=%2Fwp%2Fv2%2Fmedia&parent=23220"}],"wp:term":[{"taxonomy":"category","embeddable":true,"href":"https:\/\/swiat24.pl.ua\/index.php?rest_route=%2Fwp%2Fv2%2Fcategories&post=23220"},{"taxonomy":"post_tag","embeddable":true,"href":"https:\/\/swiat24.pl.ua\/index.php?rest_route=%2Fwp%2Fv2%2Ftags&post=23220"}],"curies":[{"name":"wp","href":"https:\/\/api.w.org\/{rel}","templated":true}]}}