{"id":23211,"date":"2026-03-01T13:32:03","date_gmt":"2026-03-01T13:32:03","guid":{"rendered":"https:\/\/swiat24.pl.ua\/?p=23211"},"modified":"2026-03-01T13:32:03","modified_gmt":"2026-03-01T13:32:03","slug":"pilny-komunikat-lot-przestrzen-powietrzna-na-bliskim-wschodzie-zamknieta-dziesiatki-lotow-odwolane","status":"publish","type":"post","link":"https:\/\/swiat24.pl.ua\/?p=23211","title":{"rendered":"Pilny komunikat LOT \u2013 przestrze\u0144 powietrzna na Bliskim Wschodzie zamkni\u0119ta, dziesi\u0105tki lot\u00f3w odwo\u0142ane"},"content":{"rendered":"\n<p>Bliski Wsch\u00f3d znajduje si\u0119 w stanie kryzysu wywo\u0142anego atakami USA i Izraela na Iran. W wyniku tych dzia\u0142a\u0144 wiele pa\u0144stw regionu zamkn\u0119\u0142o swoj\u0105 przestrze\u0144 powietrzn\u0105, a mi\u0119dzynarodowe linie lotnicze masowo odwo\u0142uj\u0105 po\u0142\u0105czenia. Sytuacja dotyka r\u00f3wnie\u017c polskich pasa\u017cer\u00f3w i Polskich Linii Lotniczych LOT.<\/p>\n\n\n\n<h2 class=\"wp-block-heading\">Zamkni\u0119ta przestrze\u0144 powietrzna w regionie<\/h2>\n\n\n\n<p>Atak przeprowadzony w sobot\u0119 doprowadzi\u0142 do parali\u017cu lotniczego w ca\u0142ym regionie. Co najmniej osiem pa\u0144stw og\u0142osi\u0142o zamkni\u0119cie przestrzeni powietrznej: Iran, Izrael, Irak, Jordania, Katar, Bahrajn, Kuwejt i Zjednoczone Emiraty Arabskie. Wst\u0119pne szacunki m\u00f3wi\u0105 o ponad tysi\u0105cu odwo\u0142anych lotach, cho\u0107 liczba ta zapewne wzro\u015bnie.<\/p>\n\n\n\n<h2 class=\"wp-block-heading\">Decyzje Polskich Linii Lotniczych LOT<\/h2>\n\n\n\n<p>PLL LOT podj\u0119\u0142a natychmiastowe kroki w odpowiedzi na kryzys. Rzecznik przewo\u017anika Krzysztof Moczulski poinformowa\u0142, \u017ce linia zawiesza po\u0142\u0105czenia do Tel Awiwu do 15 marca w\u0142\u0105cznie. Dodatkowo odwo\u0142ane zosta\u0142y rejsy do Dubaju i Rijadu w Arabii Saudyjskiej do 2 marca. W sobot\u0119 rano samolot LOT lec\u0105cy do Dubaju zawr\u00f3ci\u0142 do Warszawy z powodu zamkni\u0119cia przestrzeni powietrznej Zjednoczonych Emirat\u00f3w Arabskich.<\/p>\n\n\n\n<p>Decyzje te wynikaj\u0105 ze zalece\u0144 Europejskiej Agencji ds. Bezpiecze\u0144stwa Lotniczego (EASA) oraz konieczno\u015bci unikania ira\u0144skiej przestrzeni powietrznej ze wzgl\u0119d\u00f3w bezpiecze\u0144stwa. Samoloty PLL LOT od d\u0142u\u017cszego czasu nie korzystaj\u0105 z ira\u0144skiego nieba.<\/p>\n\n\n\n<figure class=\"wp-block-image\"><img decoding=\"async\" src=\"https:\/\/bystragrazyna.pl\/wp-content\/uploads\/2026\/03\/301.jpg\" alt=\"obrazek\"\/><\/figure>\n\n\n\n<h2 class=\"wp-block-heading\">Inne linie lotnicze wstrzymuj\u0105 operacje<\/h2>\n\n\n\n<p>Nie tylko LOT ograniczy\u0142a operacje na Bliskim Wschodzie. Lufthansa zawiesi\u0142a loty do Tel Awiwu, Bejrutu i Omanu do 7 marca, a tak\u017ce do Dubaju w sobot\u0119 i niedziel\u0119. Linia nie b\u0119dzie lata\u0107 nad izraelsk\u0105, liba\u0144sk\u0105, jorda\u0144sk\u0105, irack\u0105 i ira\u0144sk\u0105 przestrzeni\u0105 powietrzn\u0105 do 7 marca. KLM zawiesi\u0142 loty do Tel Awiwu od niedzieli, a ITA Airways zawiesi\u0142a po\u0142\u0105czenia do Tel Awiwu, r\u00f3wnie\u017c unikaj\u0105c pi\u0119ciu kraj\u00f3w do 7 marca.<\/p>\n\n\n\n<p>Wizz Air wstrzyma\u0142 loty do Izraela, Dubaju, Abu Zabi i Ammanu a\u017c do 7 marca. Linia obieca\u0142a daleko id\u0105ce przegl\u0105dy harmonogramu w miar\u0119 ewolucji sytuacji. Air Canada odwo\u0142a\u0142 loty do Izraela do 8 marca oraz do Dubaju do 3 marca, a Turkish Airlines zawiesi\u0142 po\u0142\u0105czenia do Libanu, Syrii, Iraku, Iranu i Jordanii do 2 marca.<\/p>\n\n\n\n<h2 class=\"wp-block-heading\">Konsekwencje dla pasa\u017cer\u00f3w z Polski<\/h2>\n\n\n\n<p>Odwo\u0142ane loty dotycz\u0105 r\u00f3wnie\u017c pasa\u017cer\u00f3w odlatuj\u0105cych z polskich port\u00f3w lotniczych. Z Katowic w Pyrzowicach, Warszawy na Lotnisku Chopina oraz z Krakowa wiele po\u0142\u0105cze\u0144 zosta\u0142o anulowanych. Enter Air odwo\u0142a\u0142 loty do Ras Al-Chajmy, Salali, Goa i Tel Awiwu. Wizz Air anulowa\u0142 rejsy do Abu Zabi, a te informacje widniej\u0105 na tablicach odlot\u00f3w lotnisk jako \u201eodwo\u0142ane\u201d.<\/p>\n\n\n\n<p>Pasa\u017cerowie lot\u00f3w czarterowych Enter Air powinni niezw\u0142ocznie skontaktowa\u0107 si\u0119 z biurem podr\u00f3\u017cy, w kt\u00f3rym zakupili wycieczk\u0119. Pasa\u017cerowie linii Wizz Air i LOT musz\u0105 kontaktowa\u0107 si\u0119 bezpo\u015brednio z przewo\u017anikami celem ustalenia warunk\u00f3w zmiany rezerwacji lub zwrotu pieni\u0119dzy.<\/p>\n\n\n\n<h2 class=\"wp-block-heading\">Co w przypadku si\u0142y wy\u017cszej?<\/h2>\n\n\n\n<p>Konflikty zbrojne uznawane s\u0105 za zdarzenia si\u0142y wy\u017cszej. Zgodnie z przepisami Unii Europejskiej, przewo\u017anicy nie musz\u0105 wyp\u0142aca\u0107 odszkodowa\u0144 finansowych pasa\u017cerom w takich sytuacjach. Jednak linie lotnicze musz\u0105 zapewni\u0107 bezp\u0142atn\u0105 opiek\u0119 na lotnisku, w tym posi\u0142ki i zakwaterowanie, je\u015bli to konieczne, oraz mo\u017cliwo\u015b\u0107 bezkosztowej zmiany terminu lotu bez dodatkowych op\u0142at.<\/p>\n\n\n\n<blockquote class=\"wp-block-quote is-layout-flow wp-block-quote-is-layout-flow\">\n<p>\u201eZe wzgl\u0119du na wstrzymanie operacji na lotnisku w Tel Awiwie do 10 marca, wszystkie rejsy PLL LOT do i z Tel Awiwu w tym okresie zostan\u0105 odwo\u0142ane. Ponadto, ze wzgl\u0119d\u00f3w bezpiecze\u0144stwa, samoloty PLL LOT ju\u017c od d\u0142u\u017cszego czasu nie korzystaj\u0105 z ira\u0144skiej przestrzeni powietrznej\u201d \u2013 o\u015bwiadczy\u0142 Krzysztof Moczulski, rzecznik LOT.<\/p>\n<\/blockquote>\n\n\n\n<h2 class=\"wp-block-heading\">Dalsze perspektywy<\/h2>\n\n\n\n<p>Polska Ministerstwo Spraw Zagranicznych ostrzeg\u0142o, \u017ce prawdopodobne s\u0105 dalsze zamkni\u0119cia przestrzeni powietrznej lub znaczne utrudnienia w ruchu lotniczym, r\u00f3wnie\u017c nad Jordani\u0105, Arabi\u0105 Saudyjsk\u0105, Libanem i Syri\u0105. Pasa\u017cerowie planuj\u0105cy podr\u00f3\u017ce do regionu powinni na bie\u017c\u0105co \u015bledzi\u0107 komunikaty przewo\u017anik\u00f3w i lotnisk, a w przypadku w\u0105tpliwo\u015bci niezw\u0142ocznie kontaktowa\u0107 si\u0119 z liniami lotniczymi.<\/p>\n","protected":false},"excerpt":{"rendered":"Bliski Wsch\u00f3d znajduje si\u0119 w stanie kryzysu wywo\u0142anego atakami USA i Izraela na Iran. W wyniku tych dzia\u0142a\u0144 wiele pa\u0144stw regionu zamkn\u0119\u0142o swoj\u0105 \n<a class=\"moretag\" href=\"https:\/\/swiat24.pl.ua\/?p=23211\"> [...]<\/a>","protected":false},"author":1,"featured_media":23212,"comment_status":"open","ping_status":"open","sticky":false,"template":"","format":"standard","meta":{"footnotes":""},"categories":[1],"tags":[],"class_list":["post-23211","post","type-post","status-publish","format-standard","has-post-thumbnail","hentry","category-blog"],"_links":{"self":[{"href":"https:\/\/swiat24.pl.ua\/index.php?rest_route=\/wp\/v2\/posts\/23211","targetHints":{"allow":["GET"]}}],"collection":[{"href":"https:\/\/swiat24.pl.ua\/index.php?rest_route=\/wp\/v2\/posts"}],"about":[{"href":"https:\/\/swiat24.pl.ua\/index.php?rest_route=\/wp\/v2\/types\/post"}],"author":[{"embeddable":true,"href":"https:\/\/swiat24.pl.ua\/index.php?rest_route=\/wp\/v2\/users\/1"}],"replies":[{"embeddable":true,"href":"https:\/\/swiat24.pl.ua\/index.php?rest_route=%2Fwp%2Fv2%2Fcomments&post=23211"}],"version-history":[{"count":1,"href":"https:\/\/swiat24.pl.ua\/index.php?rest_route=\/wp\/v2\/posts\/23211\/revisions"}],"predecessor-version":[{"id":23213,"href":"https:\/\/swiat24.pl.ua\/index.php?rest_route=\/wp\/v2\/posts\/23211\/revisions\/23213"}],"wp:featuredmedia":[{"embeddable":true,"href":"https:\/\/swiat24.pl.ua\/index.php?rest_route=\/wp\/v2\/media\/23212"}],"wp:attachment":[{"href":"https:\/\/swiat24.pl.ua\/index.php?rest_route=%2Fwp%2Fv2%2Fmedia&parent=23211"}],"wp:term":[{"taxonomy":"category","embeddable":true,"href":"https:\/\/swiat24.pl.ua\/index.php?rest_route=%2Fwp%2Fv2%2Fcategories&post=23211"},{"taxonomy":"post_tag","embeddable":true,"href":"https:\/\/swiat24.pl.ua\/index.php?rest_route=%2Fwp%2Fv2%2Ftags&post=23211"}],"curies":[{"name":"wp","href":"https:\/\/api.w.org\/{rel}","templated":true}]}}