{"id":23196,"date":"2026-02-28T17:59:34","date_gmt":"2026-02-28T17:59:34","guid":{"rendered":"https:\/\/swiat24.pl.ua\/?p=23196"},"modified":"2026-02-28T17:59:34","modified_gmt":"2026-02-28T17:59:34","slug":"ostatnia-wiadomosc-od-bozeny-dykiel-przed-smiercia-te-slowa-sciskaja-za-serce-2","status":"publish","type":"post","link":"https:\/\/swiat24.pl.ua\/?p=23196","title":{"rendered":"Ostatnia wiadomo\u015b\u0107 od Bo\u017ceny Dykiel przed \u015bmierci\u0105. Te s\u0142owa \u015bciskaj\u0105 za serce"},"content":{"rendered":"\n<p>Odesz\u0142a jedna z najbardziej wyrazistych postaci polskiego kina i telewizji \u2013 Bo\u017cena Dykiel.<\/p>\n\n\n\n<p>Dzi\u015b szczeg\u00f3lnego znaczenia nabiera jej ostatnia wiadomo\u015b\u0107 wys\u0142ana do bliskiej osoby.<\/p>\n\n\n\n<p>Dla rodziny i wsp\u00f3\u0142pracownik\u00f3w sta\u0142a si\u0119 symbolem ciep\u0142a, kt\u00f3re zostawi\u0142a po sobie.<\/p>\n\n\n\n<p>Bo\u017cena Dykiel urodzi\u0142a si\u0119 26 sierpnia 1948 roku w Grabowie.<\/p>\n\n\n\n<p>Swoj\u0105 przysz\u0142o\u015b\u0107 od pocz\u0105tku wi\u0105za\u0142a z Warszaw\u0105 i scen\u0105 teatraln\u0105.<\/p>\n\n\n\n<p>Uko\u0144czy\u0142a Pa\u0144stwow\u0105 Wy\u017csz\u0105 Szko\u0142\u0119 Teatraln\u0105 im. Aleksandra Zelwerowicza, co otworzy\u0142o jej drog\u0119 do zawodowego aktorstwa.<\/p>\n\n\n\n<p>W latach 70. wyst\u0119powa\u0142a w Studenckim Teatrze Satyryk\u00f3w.<\/p>\n\n\n\n<p>Nast\u0119pnie przez ponad dekad\u0119 by\u0142a zwi\u0105zana z Teatrem Narodowym w Warszawie.<\/p>\n\n\n\n<p>To w\u0142a\u015bnie tam budowa\u0142a swoj\u0105 sceniczn\u0105 legend\u0119.<\/p>\n\n\n\n<p>Popularno\u015b\u0107 przynios\u0142y jej role filmowe.<\/p>\n\n\n\n<p>Zagra\u0142a Kasi\u0119 w \u201eWeselu\u201d w re\u017cyserii Andrzej Wajda.<\/p>\n\n\n\n<p>Wyst\u0105pi\u0142a tak\u017ce jako Mada M\u00fcller w \u201eZiemi obiecanej\u201d.<\/p>\n\n\n\n<p>Widzowie zapami\u0119tali j\u0105 r\u00f3wnie\u017c z serialu \u201eAlternatywy 4\u201d.<\/p>\n\n\n\n<p>Dla m\u0142odszej publiczno\u015bci by\u0142a przede wszystkim Mari\u0105 Zi\u0119b\u0105 z \u201eNa Wsp\u00f3lnej\u201d.<\/p>\n\n\n\n<p>W serialu emitowanym przez TVN gra\u0142a nieprzerwanie od 2003 do 2025 roku.<\/p>\n\n\n\n<p>Sta\u0142a si\u0119 jedn\u0105 z centralnych postaci produkcji i jej emocjonalnym filarem.<\/p>\n\n\n\n<p>Prowadzi\u0142a tak\u017ce program kulinarny w Polsacie i bra\u0142a udzia\u0142 w show rozrywkowych.<\/p>\n\n\n\n<p>By\u0142a aktork\u0105 wszechstronn\u0105, obecn\u0105 zar\u00f3wno w ambitnym kinie, jak i w telewizji popularnej.<\/p>\n\n\n\n<p>W jej \u017cyciu nie brakowa\u0142o jednak trudnych do\u015bwiadcze\u0144.<\/p>\n\n\n\n<p>W 2017 roku straci\u0142a przytomno\u015b\u0107 na planie \u201eNa Wsp\u00f3lnej\u201d.<\/p>\n\n\n\n<p>Badania wykaza\u0142y powa\u017cn\u0105 chorob\u0119 serca.<\/p>\n\n\n\n<p>W 2021 roku przesz\u0142a operacj\u0119 wszczepienia sztucznej zastawki aortalnej.<\/p>\n\n\n\n<p>Zabieg przeprowadzi\u0142 kardiochirurg Andrzej Bochenek.<\/p>\n\n\n\n<p>Aktorka otwarcie m\u00f3wi\u0142a, \u017ce wcze\u015bniej bagatelizowa\u0142a swoje zdrowie.<\/p>\n\n\n\n<p>Przyzna\u0142a r\u00f3wnie\u017c, \u017ce zmaga\u0142a si\u0119 z depresj\u0105.<\/p>\n\n\n\n<p>Podczas konferencji kampanii \u201eTwarze depresji. Nie oceniam. Akceptuj\u0119\u201d apelowa\u0142a o empati\u0119 i wzajemne wsparcie.<\/p>\n\n\n\n<p>Podkre\u015bla\u0142a, \u017ce u\u015bmiech i \u017cyczliwo\u015b\u0107 maj\u0105 ogromne znaczenie.<\/p>\n\n\n\n<p>Prywatnie by\u0142a \u017con\u0105 Ryszarda Kirejczyka.<\/p>\n\n\n\n<p>Mia\u0142a dwie c\u00f3rki \u2013 Mari\u0119 i Zofi\u0119.<\/p>\n\n\n\n<p>Rodzina pozostawa\u0142a dla niej wa\u017cnym oparciem.<\/p>\n\n\n\n<p>Informacj\u0119 o jej \u015bmierci przekaza\u0142 m\u0105\u017c, a potwierdzi\u0142a j\u0105 Polska Agencja Prasowa.<\/p>\n\n\n\n<p>Wcze\u015bniej o odej\u015bciu artystki poinformowa\u0142 publicznie Andrzej Luter.<\/p>\n\n\n\n<p>\u015arodowisko artystyczne zareagowa\u0142o fal\u0105 wspomnie\u0144.<\/p>\n\n\n\n<p>Szczeg\u00f3lnie poruszaj\u0105ce by\u0142y s\u0142owa Ewa Gawryluk, kt\u00f3ra przez lata gra\u0142a z ni\u0105 w \u201eNa Wsp\u00f3lnej\u201d.<\/p>\n\n\n\n<p>Opowiada\u0142a o wsp\u00f3lnych chwilach na planie i o drobnych gestach, kt\u00f3re najlepiej oddawa\u0142y charakter Dykiel.<\/p>\n\n\n\n<p>Wspomina\u0142a domowe d\u017cemy przynoszone dla jej c\u00f3rki i serdeczno\u015b\u0107, kt\u00f3r\u0105 aktorka okazywa\u0142a na co dzie\u0144.<\/p>\n\n\n\n<p>Najwi\u0119ksze emocje wzbudzi\u0142a relacja o ostatnim SMS-ie.<\/p>\n\n\n\n<p>Wys\u0142any w sylwestrow\u0105 noc, zawiera\u0142 noworoczne \u017cyczenia i serduszko w odpowiedzi.<\/p>\n\n\n\n<p>Dzi\u015b ta kr\u00f3tka wiadomo\u015b\u0107 sta\u0142a si\u0119 czym\u015b wi\u0119cej ni\u017c zwyk\u0142ym tekstem.<\/p>\n\n\n\n<p>Dla bliskich to pami\u0105tka, kt\u00f3rej nie da si\u0119 usun\u0105\u0107 ani zapomnie\u0107.<\/p>\n\n\n\n<p>Bo\u017cena Dykiel pozostanie w pami\u0119ci jako artystka o niezwyk\u0142ym temperamencie.<\/p>\n\n\n\n<p>\u0141\u0105czy\u0142a sceniczn\u0105 si\u0142\u0119 z prywatn\u0105 wra\u017cliwo\u015bci\u0105.<\/p>\n\n\n\n<p>Jej odej\u015bcie to nie tylko strata dla kultury, lecz tak\u017ce wyrwa w sercach tych, kt\u00f3rzy znali j\u0105 osobi\u015bcie.<\/p>\n","protected":false},"excerpt":{"rendered":"Odesz\u0142a jedna z najbardziej wyrazistych postaci polskiego kina i telewizji \u2013 Bo\u017cena Dykiel. Dzi\u015b szczeg\u00f3lnego znaczenia nabiera jej ostatnia wiadomo\u015b\u0107 wys\u0142ana do bliskiej \n<a class=\"moretag\" href=\"https:\/\/swiat24.pl.ua\/?p=23196\"> [...]<\/a>","protected":false},"author":1,"featured_media":23197,"comment_status":"open","ping_status":"open","sticky":false,"template":"","format":"standard","meta":{"footnotes":""},"categories":[1],"tags":[],"class_list":["post-23196","post","type-post","status-publish","format-standard","has-post-thumbnail","hentry","category-blog"],"_links":{"self":[{"href":"https:\/\/swiat24.pl.ua\/index.php?rest_route=\/wp\/v2\/posts\/23196","targetHints":{"allow":["GET"]}}],"collection":[{"href":"https:\/\/swiat24.pl.ua\/index.php?rest_route=\/wp\/v2\/posts"}],"about":[{"href":"https:\/\/swiat24.pl.ua\/index.php?rest_route=\/wp\/v2\/types\/post"}],"author":[{"embeddable":true,"href":"https:\/\/swiat24.pl.ua\/index.php?rest_route=\/wp\/v2\/users\/1"}],"replies":[{"embeddable":true,"href":"https:\/\/swiat24.pl.ua\/index.php?rest_route=%2Fwp%2Fv2%2Fcomments&post=23196"}],"version-history":[{"count":1,"href":"https:\/\/swiat24.pl.ua\/index.php?rest_route=\/wp\/v2\/posts\/23196\/revisions"}],"predecessor-version":[{"id":23198,"href":"https:\/\/swiat24.pl.ua\/index.php?rest_route=\/wp\/v2\/posts\/23196\/revisions\/23198"}],"wp:featuredmedia":[{"embeddable":true,"href":"https:\/\/swiat24.pl.ua\/index.php?rest_route=\/wp\/v2\/media\/23197"}],"wp:attachment":[{"href":"https:\/\/swiat24.pl.ua\/index.php?rest_route=%2Fwp%2Fv2%2Fmedia&parent=23196"}],"wp:term":[{"taxonomy":"category","embeddable":true,"href":"https:\/\/swiat24.pl.ua\/index.php?rest_route=%2Fwp%2Fv2%2Fcategories&post=23196"},{"taxonomy":"post_tag","embeddable":true,"href":"https:\/\/swiat24.pl.ua\/index.php?rest_route=%2Fwp%2Fv2%2Ftags&post=23196"}],"curies":[{"name":"wp","href":"https:\/\/api.w.org\/{rel}","templated":true}]}}