{"id":23152,"date":"2026-02-28T11:49:13","date_gmt":"2026-02-28T11:49:13","guid":{"rendered":"https:\/\/swiat24.pl.ua\/?p=23152"},"modified":"2026-02-28T11:49:13","modified_gmt":"2026-02-28T11:49:13","slug":"incydent-w-parku-publicznym-prowadzi-do-aresztowania-i-wywoluje-ogolnokrajowa-debate-na-temat-granic","status":"publish","type":"post","link":"https:\/\/swiat24.pl.ua\/?p=23152","title":{"rendered":"Incydent w parku publicznym prowadzi do aresztowania i wywo\u0142uje og\u00f3lnokrajow\u0105 debat\u0119 na temat granic"},"content":{"rendered":"\n<p>W Stanach Zjednoczonych, kraju o jednym z najwy\u017cszych wska\u017anik\u00f3w uwi\u0119zienia na \u015bwiecie, kwestia skazywania dzieci, kt\u00f3re pope\u0142ni\u0142y powa\u017cne przest\u0119pstwa, pozostaje jedn\u0105 z najtrudniejszych debat w systemie wymiaru sprawiedliwo\u015bci w sprawach karnych.<\/p>\n\n\n\n<p>Badania przeprowadzone przez organizacje takie jak Human Rights Watch i Equal Justice Initiative ujawniaj\u0105 przypadki, w kt\u00f3rych osoby skazano na do\u017cywocie za przest\u0119pstwa pope\u0142nione przed uko\u0144czeniem 14. roku \u017cycia, co wywo\u0142a\u0142o o\u017cywion\u0105 debat\u0119 na szczeblu krajowym.<\/p>\n\n\n\n<p>Za tymi statystykami kryj\u0105 si\u0119 z\u0142o\u017cone sytuacje. Niekt\u00f3re przypadki dotycz\u0105 powa\u017cnej przemocy, w tym zab\u00f3jstwa, podczas gdy inne dotycz\u0105 wsp\u00f3\u0142sprawstwa, gdzie nieletni nie pope\u0142ni\u0142 bezpo\u015brednio czynu \u015bmiertelnego, ale mimo to ponosi odpowiedzialno\u015b\u0107 prawn\u0105.<\/p>\n\n\n\n<p>Wielu m\u0142odych ludzi w tych przypadkach do\u015bwiadczy\u0142o ub\u00f3stwa, niestabilno\u015bci, traumy, przemocy lub ograniczonego dost\u0119pu do edukacji i wsparcia. Obro\u0144cy argumentuj\u0105, \u017ce te czynniki powinny wp\u0142ywa\u0107 na wymiar kary, a nie usprawiedliwia\u0107 krzywd\u0119.<\/p>\n\n\n\n<p>Nauka o rozwoju r\u00f3wnie\u017c odgrywa kluczow\u0105 rol\u0119. Naukowcy zauwa\u017caj\u0105, \u017ce m\u00f3zg nastolatka nadal dojrzewa w obszarach zwi\u0105zanych z kontrol\u0105 impuls\u00f3w, d\u0142ugoterminowym planowaniem i ocen\u0105 ryzyka, co sugeruje, \u017ce dzieci maj\u0105 wi\u0119ksz\u0105 zdolno\u015b\u0107 do zmian ni\u017c doro\u015bli.<\/p>\n\n\n\n<p>S\u0105d Najwy\u017cszy Stan\u00f3w Zjednoczonych zaj\u0105\u0142 si\u0119 t\u0105 kwesti\u0105 w wa\u017cnych orzeczeniach. W 2012 roku orzek\u0142, \u017ce obowi\u0105zkowe kary do\u017cywotniego pozbawienia wolno\u015bci bez mo\u017cliwo\u015bci zwolnienia warunkowego dla nieletnich s\u0105 niezgodne z konstytucj\u0105, a w 2016 roku orzek\u0142, \u017ce orzeczenie musi obowi\u0105zywa\u0107 wstecz.<\/p>\n\n\n\n<p>Decyzje te wymagaj\u0105 indywidualnego wydawania wyrok\u00f3w, uwzgl\u0119dniaj\u0105cych wiek, pochodzenie i potencjaln\u0105 resocjalizacj\u0119. Jednak wdra\u017canie tych wyrok\u00f3w r\u00f3\u017cni si\u0119 w poszczeg\u00f3lnych stanach, co prowadzi do nier\u00f3wnych wynik\u00f3w i ci\u0105g\u0142ych problem\u00f3w prawnych.<\/p>\n\n\n\n<p>Debata odzwierciedla szersze napi\u0119cie: r\u00f3wnowa\u017cenie odpowiedzialno\u015bci za powa\u017cne krzywdy z uznaniem, \u017ce dzieci r\u00f3\u017cni\u0105 si\u0119 pod wzgl\u0119dem rozwojowym. Dyskusja trwa, poniewa\u017c podnosi fundamentalne pytania o sprawiedliwo\u015b\u0107, bezpiecze\u0144stwo publiczne i to, czy sprawiedliwo\u015b\u0107 powinna pozostawia\u0107 miejsce na resocjalizacj\u0119 i odkupienie.<\/p>\n","protected":false},"excerpt":{"rendered":"W Stanach Zjednoczonych, kraju o jednym z najwy\u017cszych wska\u017anik\u00f3w uwi\u0119zienia na \u015bwiecie, kwestia skazywania dzieci, kt\u00f3re pope\u0142ni\u0142y powa\u017cne przest\u0119pstwa, pozostaje jedn\u0105 z najtrudniejszych \n<a class=\"moretag\" href=\"https:\/\/swiat24.pl.ua\/?p=23152\"> [...]<\/a>","protected":false},"author":1,"featured_media":23153,"comment_status":"open","ping_status":"open","sticky":false,"template":"","format":"standard","meta":{"footnotes":""},"categories":[1],"tags":[],"class_list":["post-23152","post","type-post","status-publish","format-standard","has-post-thumbnail","hentry","category-blog"],"_links":{"self":[{"href":"https:\/\/swiat24.pl.ua\/index.php?rest_route=\/wp\/v2\/posts\/23152","targetHints":{"allow":["GET"]}}],"collection":[{"href":"https:\/\/swiat24.pl.ua\/index.php?rest_route=\/wp\/v2\/posts"}],"about":[{"href":"https:\/\/swiat24.pl.ua\/index.php?rest_route=\/wp\/v2\/types\/post"}],"author":[{"embeddable":true,"href":"https:\/\/swiat24.pl.ua\/index.php?rest_route=\/wp\/v2\/users\/1"}],"replies":[{"embeddable":true,"href":"https:\/\/swiat24.pl.ua\/index.php?rest_route=%2Fwp%2Fv2%2Fcomments&post=23152"}],"version-history":[{"count":1,"href":"https:\/\/swiat24.pl.ua\/index.php?rest_route=\/wp\/v2\/posts\/23152\/revisions"}],"predecessor-version":[{"id":23154,"href":"https:\/\/swiat24.pl.ua\/index.php?rest_route=\/wp\/v2\/posts\/23152\/revisions\/23154"}],"wp:featuredmedia":[{"embeddable":true,"href":"https:\/\/swiat24.pl.ua\/index.php?rest_route=\/wp\/v2\/media\/23153"}],"wp:attachment":[{"href":"https:\/\/swiat24.pl.ua\/index.php?rest_route=%2Fwp%2Fv2%2Fmedia&parent=23152"}],"wp:term":[{"taxonomy":"category","embeddable":true,"href":"https:\/\/swiat24.pl.ua\/index.php?rest_route=%2Fwp%2Fv2%2Fcategories&post=23152"},{"taxonomy":"post_tag","embeddable":true,"href":"https:\/\/swiat24.pl.ua\/index.php?rest_route=%2Fwp%2Fv2%2Ftags&post=23152"}],"curies":[{"name":"wp","href":"https:\/\/api.w.org\/{rel}","templated":true}]}}