{"id":23091,"date":"2026-02-26T18:14:32","date_gmt":"2026-02-26T18:14:32","guid":{"rendered":"https:\/\/swiat24.pl.ua\/?p=23091"},"modified":"2026-02-26T18:14:32","modified_gmt":"2026-02-26T18:14:32","slug":"warszawa-w-zalobie-czarne-flagi-na-budynkach-politechniki-warszawskiej-poruszajacy-gest-solidarnosci-2","status":"publish","type":"post","link":"https:\/\/swiat24.pl.ua\/?p=23091","title":{"rendered":"Warszawa w \u017ca\u0142obie. Czarne flagi na budynkach Politechniki Warszawskiej \u2013 poruszaj\u0105cy gest solidarno\u015bci"},"content":{"rendered":"\n<p>Na budynkach Politechniki Warszawskiej zawis\u0142y czarne flagi, kt\u00f3re natychmiast przykuwaj\u0105 uwag\u0119 przechodni\u00f3w w kampusie. <\/p>\n\n\n\n<p>Ten symboliczny gest sk\u0142ania do refleksji i nie pozostawia w\u0105tpliwo\u015bci \u2013 wyra\u017ca g\u0142\u0119boki smutek i \u017ca\u0142ob\u0119 ca\u0142ej spo\u0142eczno\u015bci akademickiej. Takie oznaczenia s\u0105 zarezerwowane na wyj\u0105tkowe okazje, zw\u0142aszcza w zwi\u0105zku z odej\u015bciem wybitnych osobisto\u015bci, kt\u00f3re mia\u0142y znacz\u0105cy wp\u0142yw na rozw\u00f3j uczelni.<\/p>\n\n\n\n<h2 class=\"wp-block-heading\">Czarne flagi na Politechnice Warszawskiej \u2013 symbol \u017ca\u0142oby akademickiej<\/h2>\n\n\n\n<p>Na wszystkich obiektach Politechniki Warszawskiej powiewaj\u0105 czarne flagi, symbolizuj\u0105ce \u017ca\u0142ob\u0119 spo\u0142eczno\u015bci akademickiej. Ten gest zauwa\u017cyli nie tylko pracownicy i studenci, ale tak\u017ce mieszka\u0144cy Warszawy, kt\u00f3rzy z zaciekawieniem dopytuj\u0105 o jego przyczyn\u0119. Zawieszenie czarnych flag na uczelniach jest zarezerwowane na szczeg\u00f3lne momenty zwi\u0105zane ze strat\u0105 wa\u017cnych osobisto\u015bci z \u017cycia akademickiego.<\/p>\n\n\n\n<p>W\u0142adze Politechniki Warszawskiej uczci\u0142y w ten spos\u00f3b pami\u0119\u0107 wybitnego profesora, kt\u00f3ry przez lata wsp\u00f3\u0142tworzy\u0142 presti\u017c uczelni, b\u0119d\u0105c kluczow\u0105 postaci\u0105 jej naukowego i organizacyjnego rozwoju. \u017ba\u0142obne flagi to wyraz szacunku i komunikat dla ca\u0142ej wsp\u00f3lnoty \u2013 Politechnika straci\u0142a niezmiernie wa\u017cn\u0105 osob\u0119.<\/p>\n\n\n\n<figure class=\"wp-block-image\"><img decoding=\"async\" src=\"https:\/\/cenneinfo.pl\/wp-content\/uploads\/2026\/02\/110.jpg\" alt=\"obrazek\"\/><\/figure>\n\n\n\n<h2 class=\"wp-block-heading\">Nie \u017cyje prof. Jan Szmidt. Oficjalne potwierdzenie uczelni<\/h2>\n\n\n\n<p>Na pocz\u0105tku lutego Politechnika Warszawska opublikowa\u0142a smutn\u0105 informacj\u0119 o \u015bmierci prof. Jana Szmidta, wieloletniego rektora i cenionego naukowca. Komunikat pojawi\u0142 si\u0119 w oficjalnych kana\u0142ach spo\u0142eczno\u015bciowych uczelni:<\/p>\n\n\n\n<blockquote class=\"wp-block-quote is-layout-flow wp-block-quote-is-layout-flow\">\n<p>\u201eZ wielkim smutkiem i \u017calem informujemy, \u017ce nie \u017cyje prof. Jan Szmidt \u2013 Rektor Politechniki Warszawskiej w latach 2012\u20132020, wybitny elektronik, wspania\u0142y nauczyciel akademicki, zas\u0142u\u017cony dla polskiej nauki organizator i innowator\u201d \u2013 g\u0142osi oficjalne o\u015bwiadczenie.<\/p>\n<\/blockquote>\n\n\n\n<p>\u015amier\u0107 profesora g\u0142\u0119boko poruszy\u0142a obecnych i by\u0142ych pracownik\u00f3w, student\u00f3w oraz absolwent\u00f3w, kt\u00f3rzy mieli okazj\u0119 z nim wsp\u00f3\u0142pracowa\u0107. Dla wielu by\u0142 nie tylko prze\u0142o\u017conym czy wyk\u0142adowc\u0105, ale tak\u017ce mentorem i autorytetem, \u0142\u0105cz\u0105cym wysokie wymagania z otwarto\u015bci\u0105 i \u017cyczliwo\u015bci\u0105.<\/p>\n\n\n\n<h2 class=\"wp-block-heading\">Kto by\u0142 prof. Jan Szmidt \u2013 legenda Politechniki Warszawskiej<\/h2>\n\n\n\n<p><strong>Prof. dr hab. in\u017c. Jan Franciszek Szmidt<\/strong>&nbsp;urodzi\u0142 si\u0119 3 grudnia 1952 roku w Bi\u0142goraju. Jego kariera naukowa by\u0142a nierozerwalnie zwi\u0105zana z Politechnik\u0105 Warszawsk\u0105, gdzie zdobywa\u0142 kolejne stopnie i tytu\u0142y. W 1985 roku obroni\u0142 doktorat, w 1995 roku habilitacj\u0119, a w 2005 roku otrzyma\u0142 tytu\u0142 profesora nauk technicznych.<\/p>\n\n\n\n<p>Specjalizowa\u0142 si\u0119 w mikroelektronice i technologii cienkich warstw. Jego badania odegra\u0142y kluczow\u0105 rol\u0119 w rozwoju nowoczesnych technologii, zw\u0142aszcza w polskiej szkole naukowej technik plazmowych, stosowanych m.in. do produkcji cienkich warstw dielektrycznych i p\u00f3\u0142przewodnikowych.<\/p>\n\n\n\n<p>Opr\u00f3cz dzia\u0142alno\u015bci naukowej pe\u0142ni\u0142 wa\u017cne funkcje organizacyjne, w tym stanowisko rektora Politechniki Warszawskiej w latach 2012\u20132020.<\/p>\n\n\n\n<p>W oficjalnym po\u017cegnaniu w\u0142adze uczelni podkre\u015bli\u0142y jego cechy charakteru i ogromny wp\u0142yw na \u015brodowisko akademickie:<\/p>\n\n\n\n<blockquote class=\"wp-block-quote is-layout-flow wp-block-quote-is-layout-flow\">\n<p>\u201eOdszed\u0142 od nas cz\u0142owiek pe\u0142en pasji, \u017cyczliwy, otwarty. Polskie \u015brodowisko naukowe straci\u0142o znakomitego badacza, a Politechnika Warszawska swojego profesora, mentora i przyjaciela. To wielka strata i wyrwa, kt\u00f3r\u0105 trudno b\u0119dzie wype\u0142ni\u0107\u201d \u2013 stwierdzono.<\/p>\n<\/blockquote>\n\n\n\n<p>Te s\u0142owa oddaj\u0105 skal\u0119 straty, jak\u0105 ponios\u0142a uczelnia i polska nauka po odej\u015bciu prof. Jana Szmidta.<\/p>\n","protected":false},"excerpt":{"rendered":"Na budynkach Politechniki Warszawskiej zawis\u0142y czarne flagi, kt\u00f3re natychmiast przykuwaj\u0105 uwag\u0119 przechodni\u00f3w w kampusie. Ten symboliczny gest sk\u0142ania do refleksji i nie pozostawia \n<a class=\"moretag\" href=\"https:\/\/swiat24.pl.ua\/?p=23091\"> [...]<\/a>","protected":false},"author":1,"featured_media":23092,"comment_status":"open","ping_status":"open","sticky":false,"template":"","format":"standard","meta":{"footnotes":""},"categories":[1],"tags":[],"class_list":["post-23091","post","type-post","status-publish","format-standard","has-post-thumbnail","hentry","category-blog"],"_links":{"self":[{"href":"https:\/\/swiat24.pl.ua\/index.php?rest_route=\/wp\/v2\/posts\/23091","targetHints":{"allow":["GET"]}}],"collection":[{"href":"https:\/\/swiat24.pl.ua\/index.php?rest_route=\/wp\/v2\/posts"}],"about":[{"href":"https:\/\/swiat24.pl.ua\/index.php?rest_route=\/wp\/v2\/types\/post"}],"author":[{"embeddable":true,"href":"https:\/\/swiat24.pl.ua\/index.php?rest_route=\/wp\/v2\/users\/1"}],"replies":[{"embeddable":true,"href":"https:\/\/swiat24.pl.ua\/index.php?rest_route=%2Fwp%2Fv2%2Fcomments&post=23091"}],"version-history":[{"count":1,"href":"https:\/\/swiat24.pl.ua\/index.php?rest_route=\/wp\/v2\/posts\/23091\/revisions"}],"predecessor-version":[{"id":23093,"href":"https:\/\/swiat24.pl.ua\/index.php?rest_route=\/wp\/v2\/posts\/23091\/revisions\/23093"}],"wp:featuredmedia":[{"embeddable":true,"href":"https:\/\/swiat24.pl.ua\/index.php?rest_route=\/wp\/v2\/media\/23092"}],"wp:attachment":[{"href":"https:\/\/swiat24.pl.ua\/index.php?rest_route=%2Fwp%2Fv2%2Fmedia&parent=23091"}],"wp:term":[{"taxonomy":"category","embeddable":true,"href":"https:\/\/swiat24.pl.ua\/index.php?rest_route=%2Fwp%2Fv2%2Fcategories&post=23091"},{"taxonomy":"post_tag","embeddable":true,"href":"https:\/\/swiat24.pl.ua\/index.php?rest_route=%2Fwp%2Fv2%2Ftags&post=23091"}],"curies":[{"name":"wp","href":"https:\/\/api.w.org\/{rel}","templated":true}]}}