{"id":23085,"date":"2026-02-26T16:10:01","date_gmt":"2026-02-26T16:10:01","guid":{"rendered":"https:\/\/swiat24.pl.ua\/?p=23085"},"modified":"2026-02-26T16:10:01","modified_gmt":"2026-02-26T16:10:01","slug":"wyszla-za-maz-za-arabskiego-milionera-i-zmarla-nastepnego-dnia-kiedy-jej-rodzice-dowiedzieli-sie-o-przyczynie-wlosy-stanely-im-deba-2","status":"publish","type":"post","link":"https:\/\/swiat24.pl.ua\/?p=23085","title":{"rendered":"Wysz\u0142a za m\u0105\u017c za arabskiego milionera i zmar\u0142a nast\u0119pnego dnia. Kiedy jej rodzice dowiedzieli si\u0119 o przyczynie, w\u0142osy stan\u0119\u0142y im d\u0119ba\u2026"},"content":{"rendered":"\n<p>Teresa przyjecha\u0142a na tydzie\u0144 do Dubaju. Nie mia\u0142a \u017cadnych szczeg\u00f3lnych oczekiwa\u0144, ale wyjecha\u0142a do Meksyku z g\u0142ow\u0105 pe\u0142n\u0105 marze\u0144.<\/p>\n\n\n\n<ul class=\"wp-block-list\">\n<li>Wysz\u0142a za m\u0105\u017c za arabskiego milionera i ZMAR\u0141A nast\u0119pnego dnia. Kiedy jej rodzice dowiedzieli si\u0119 o przyczynie, w\u0142osy stan\u0119\u0142y im d\u0119ba\u2026\u00a0<\/li>\n\n\n\n<li>(\u00a01\/10\u00a0)Przyjecha\u0142a na pustyni\u0119, aby wzi\u0105\u0107 udzia\u0142 w \u015blubie swojej kuzynki Josefiny. Ta podr\u00f3\u017c by\u0142a dla niej prawdziwym objawieniem \u2013 opu\u015bci\u0142a rodzinny Meksyk i uda\u0142a si\u0119 do kraju, kt\u00f3rego nie zna\u0142a. By\u0142a ca\u0142kowicie oczarowana ca\u0142ym tym przepychem, kt\u00f3ry rozgrywa\u0142 si\u0119 na jej oczach.<\/li>\n<\/ul>\n\n\n\n<figure class=\"wp-block-image\"><img decoding=\"async\" src=\"https:\/\/www.viepratique.fr\/wp-content\/uploads\/sites\/4\/2025\/04\/shutterstock_1819291976-2-750x394.jpeg\" alt=\"Wysz\u0142a za m\u0105\u017c za arabskiego milionera i zmar\u0142a nast\u0119pnego dnia. Kiedy jej rodzice dowiedzieli si\u0119 o przyczynie, w\u0142osy stan\u0119\u0142y im d\u0119ba\u2026\"\/><\/figure>\n\n\n\n<ul class=\"wp-block-list\">\n<li>Przygotowania i niejasne my\u015bli\u00a0(\u00a02\/10\u00a0)Przygotowuj\u0105c si\u0119 do ceremonii, Teresa poczu\u0142a dziwne napi\u0119cie. Pomy\u015bla\u0142a o Samuelu, swoim ch\u0142opaku, kt\u00f3ry zosta\u0142. Samuel i Teresa byli razem od wielu lat, a nami\u0119tno\u015b\u0107 mi\u0119dzy nimi stopniowo os\u0142ab\u0142a.<\/li>\n<\/ul>\n\n\n\n<figure class=\"wp-block-image\"><img decoding=\"async\" src=\"https:\/\/www.viepratique.fr\/wp-content\/uploads\/sites\/4\/2025\/04\/shutterstock_1819291994-2-750x394.jpeg\" alt=\"Przygotowania i niejasne my\u015bli\"\/><\/figure>\n\n\n\n<ul class=\"wp-block-list\">\n<li>Wielkie wesele\u00a0(\u00a03\/10\u00a0)Podczas ceremonii pan m\u0142ody patrzy\u0142 na Josefin\u0119, jakby by\u0142a jego \u015bwiat\u0142em przewodnim. Splendor wesela ol\u015bni\u0142 wszystkich go\u015bci, a Teres\u0119 przede wszystkim. Odkry\u0142a zupe\u0142nie nowy \u015bwiat. Od jedzenia i aromat\u00f3w po muzyk\u0119, ka\u017cda minuta by\u0142a dla Meksykanki \u017ar\u00f3d\u0142em zachwytu.<\/li>\n<\/ul>\n\n\n\n<figure class=\"wp-block-image\"><img decoding=\"async\" src=\"https:\/\/www.viepratique.fr\/wp-content\/uploads\/sites\/4\/2025\/04\/shutterstock_1967524699-2-750x394.jpeg\" alt=\"Wielkie wesele\"\/><\/figure>\n\n\n\n<ul class=\"wp-block-list\">\n<li>Nieoczekiwane spotkanie\u00a0(\u00a04\/10\u00a0)Punktem kulminacyjnym by\u0142 niew\u0105tpliwie moment, w kt\u00f3rym z\u0142apa\u0142a wzrok Edwarda. Nast\u0119pnie rozst\u0105pi\u0142 t\u0142um w stron\u0119 Teresy. Patrzy\u0142a, jak si\u0119 zbli\u017ca, czuj\u0105c, jak jej serce wali jak m\u0142otem, gdy si\u0119 zbli\u017ca\u0142. Widz\u0105c t\u0119 \u200b\u200bchwil\u0119, Josefina skorzysta\u0142a z okazji, by przedstawi\u0107 si\u0119 kuzynce.\u00a0<em>\u201eTo kuzynka mojego m\u0119\u017ca\u201d.<\/em><\/li>\n<\/ul>\n\n\n\n<figure class=\"wp-block-image\"><img decoding=\"async\" src=\"https:\/\/www.viepratique.fr\/wp-content\/uploads\/sites\/4\/2025\/04\/shutterstock_2193457895-2-750x394.jpeg\" alt=\"Nieoczekiwane spotkanie\"\/><\/figure>\n\n\n\n<ul class=\"wp-block-list\">\n<li>Fascynuj\u0105ca rozmowa\u00a0(\u00a05\/10\u00a0)Reszta wieczoru by\u0142a czyst\u0105 magi\u0105. Oboje sp\u0119dzili noc na rozmowach, ca\u0142kowicie zapominaj\u0105c o ceremonii i powodzie swojej obecno\u015bci. Czuli si\u0119, jakby znali si\u0119 od zawsze. To spotkanie zmusi\u0142o Teres\u0119 do konfrontacji z druzgoc\u0105c\u0105 \u015bwiadomo\u015bci\u0105 jej relacji z Samuelem.<\/li>\n<\/ul>\n\n\n\n<figure class=\"wp-block-image\"><img decoding=\"async\" src=\"https:\/\/www.viepratique.fr\/wp-content\/uploads\/sites\/4\/2025\/04\/shutterstock_2281696319-2-750x394.jpeg\" alt=\"Fascynuj\u0105ca rozmowa\"\/><\/figure>\n\n\n\n<ul class=\"wp-block-list\">\n<li>Porada Josefiny\u00a0(\u00a06\/10\u00a0)Punktem kulminacyjnym by\u0142 niew\u0105tpliwie moment, w kt\u00f3rym z\u0142apa\u0142a wzrok Edwarda. Nast\u0119pnie rozst\u0105pi\u0142 t\u0142um w stron\u0119 Teresy. Patrzy\u0142a, jak si\u0119 zbli\u017ca, czuj\u0105c, jak jej serce wali jak m\u0142otem, gdy si\u0119 zbli\u017ca\u0142. Widz\u0105c t\u0119 \u200b\u200bchwil\u0119, Josefina skorzysta\u0142a z okazji, by przedstawi\u0107 si\u0119 kuzynce.\u00a0<em>\u201eTo kuzynka mojego m\u0119\u017ca\u201d.<\/em><\/li>\n<\/ul>\n\n\n\n<figure class=\"wp-block-image\"><img decoding=\"async\" src=\"https:\/\/www.viepratique.fr\/wp-content\/uploads\/sites\/4\/2025\/04\/shutterstock_2288479967-2-750x394.jpeg\" alt=\"Rada J\u00f3zefiny\"\/><\/figure>\n\n\n\n<ul class=\"wp-block-list\">\n<li>Tydzie\u0144 poza czasem\u00a0(\u00a07\/10\u00a0)Tydzie\u0144 w Dubaju min\u0105\u0142 jak z bicza strzeli\u0142. Teresa odkry\u0142a bogat\u0105 kultur\u0119, magiczne krajobrazy i niezapomniane, gwie\u017adziste noce u boku Edwarda. Rozmawia\u0142 z ni\u0105 o sztuce, nauce i arabskiej poezji. Poruszy\u0142o j\u0105 to do g\u0142\u0119bi, bardziej, ni\u017c mog\u0142a sobie wyobrazi\u0107. Niepr\u0119dko zapomni t\u0119 czaruj\u0105c\u0105 chwil\u0119.<\/li>\n<\/ul>\n\n\n\n<figure class=\"wp-block-image\"><img decoding=\"async\" src=\"https:\/\/www.viepratique.fr\/wp-content\/uploads\/sites\/4\/2025\/04\/shutterstock_2317348259-2-750x394.jpeg\" alt=\"Tydzie\u0144 poza czasem\"\/><\/figure>\n\n\n\n<ul class=\"wp-block-list\">\n<li>Trudne po\u017cegnanie\u00a0(\u00a08\/10\u00a0)Na lotnisku po\u017cegnania by\u0142y ci\u0119\u017ckie. Josefina powiedzia\u0142a kuzynce:\u00a0<em>\u201ePami\u0119taj wszystko, czego tu do\u015bwiadczy\u0142a\u015b\u201d.<\/em>\u00a0Edward z kolei wyszepta\u0142:\u00a0<em>\u201ePustynia jest pe\u0142na tajemnic\u2026 Mam nadziej\u0119, \u017ce znajdziesz swoj\u0105 oaz\u0119\u201d.<\/em>\u00a0Te s\u0142owa d\u0142ugo d\u017awi\u0119cza\u0142y w g\u0142owie Teresy.<\/li>\n<\/ul>\n\n\n\n<figure class=\"wp-block-image\"><img decoding=\"async\" src=\"https:\/\/www.viepratique.fr\/wp-content\/uploads\/sites\/4\/2025\/04\/shutterstock_2330755087-2-750x394.jpeg\" alt=\"Trudne po\u017cegnanie\"\/><\/figure>\n\n\n\n<ul class=\"wp-block-list\">\n<li>Powr\u00f3t do codzienno\u015bci\u00a0(\u00a09\/10\u00a0)Po powrocie do Meksyku \u017cycie wydawa\u0142o mu si\u0119 bardzo nudne. Nawet tacos i ha\u0142a\u015bliwe ulice nie przynosi\u0142y mu ju\u017c rado\u015bci. Samuel, wci\u0105\u017c bez wyrazu, powiedzia\u0142 po prostu:\u00a0<em>\u201eWr\u00f3ci\u0142e\u015b!<\/em>\u00a0\u201d.<\/li>\n<\/ul>\n\n\n\n<figure class=\"wp-block-image\"><img decoding=\"async\" src=\"https:\/\/www.viepratique.fr\/wp-content\/uploads\/sites\/4\/2025\/04\/shutterstock_2497475057-2-750x394.jpeg\" alt=\"Powr\u00f3t do codzienno\u015bci\"\/><\/figure>\n\n\n\n<ul class=\"wp-block-list\">\n<li>Oczekiwana decyzja\u00a0(\u00a010\/10\u00a0)Josefina dzwoni\u0142a do niej codziennie. Codziennie delikatnie m\u00f3wi\u0142a jej o Edwardzie:\u00a0<em>\u201eOn wci\u0105\u017c o ciebie pyta\u201d.<\/em>\u00a0Ka\u017cde s\u0142owo przyprawia\u0142o Teres\u0119 o szybsze bicie serca. Co\u015b w jej wn\u0119trzu zmieni\u0142o si\u0119 na zawsze.<\/li>\n<\/ul>\n\n\n\n<figure class=\"wp-block-image\"><img decoding=\"async\" src=\"https:\/\/www.viepratique.fr\/wp-content\/uploads\/sites\/4\/2025\/04\/shutterstock_2500668071-2-750x394.jpeg\" alt=\"Decyzja, kt\u00f3rej si\u0119 oczekuje\"\/><\/figure>\n","protected":false},"excerpt":{"rendered":"Teresa przyjecha\u0142a na tydzie\u0144 do Dubaju. Nie mia\u0142a \u017cadnych szczeg\u00f3lnych oczekiwa\u0144, ale wyjecha\u0142a do Meksyku z g\u0142ow\u0105 pe\u0142n\u0105 marze\u0144.\n<a class=\"moretag\" href=\"https:\/\/swiat24.pl.ua\/?p=23085\"> [...]<\/a>","protected":false},"author":1,"featured_media":23086,"comment_status":"open","ping_status":"open","sticky":false,"template":"","format":"standard","meta":{"footnotes":""},"categories":[1],"tags":[],"class_list":["post-23085","post","type-post","status-publish","format-standard","has-post-thumbnail","hentry","category-blog"],"_links":{"self":[{"href":"https:\/\/swiat24.pl.ua\/index.php?rest_route=\/wp\/v2\/posts\/23085","targetHints":{"allow":["GET"]}}],"collection":[{"href":"https:\/\/swiat24.pl.ua\/index.php?rest_route=\/wp\/v2\/posts"}],"about":[{"href":"https:\/\/swiat24.pl.ua\/index.php?rest_route=\/wp\/v2\/types\/post"}],"author":[{"embeddable":true,"href":"https:\/\/swiat24.pl.ua\/index.php?rest_route=\/wp\/v2\/users\/1"}],"replies":[{"embeddable":true,"href":"https:\/\/swiat24.pl.ua\/index.php?rest_route=%2Fwp%2Fv2%2Fcomments&post=23085"}],"version-history":[{"count":1,"href":"https:\/\/swiat24.pl.ua\/index.php?rest_route=\/wp\/v2\/posts\/23085\/revisions"}],"predecessor-version":[{"id":23087,"href":"https:\/\/swiat24.pl.ua\/index.php?rest_route=\/wp\/v2\/posts\/23085\/revisions\/23087"}],"wp:featuredmedia":[{"embeddable":true,"href":"https:\/\/swiat24.pl.ua\/index.php?rest_route=\/wp\/v2\/media\/23086"}],"wp:attachment":[{"href":"https:\/\/swiat24.pl.ua\/index.php?rest_route=%2Fwp%2Fv2%2Fmedia&parent=23085"}],"wp:term":[{"taxonomy":"category","embeddable":true,"href":"https:\/\/swiat24.pl.ua\/index.php?rest_route=%2Fwp%2Fv2%2Fcategories&post=23085"},{"taxonomy":"post_tag","embeddable":true,"href":"https:\/\/swiat24.pl.ua\/index.php?rest_route=%2Fwp%2Fv2%2Ftags&post=23085"}],"curies":[{"name":"wp","href":"https:\/\/api.w.org\/{rel}","templated":true}]}}