{"id":22880,"date":"2026-02-23T10:32:29","date_gmt":"2026-02-23T10:32:29","guid":{"rendered":"https:\/\/swiat24.pl.ua\/?p=22880"},"modified":"2026-02-23T10:32:29","modified_gmt":"2026-02-23T10:32:29","slug":"enrico-macias-jego-ostatni-koncert-poszedl-nie-tak-artysta-zostal-przerwany-na-zywo","status":"publish","type":"post","link":"https:\/\/swiat24.pl.ua\/?p=22880","title":{"rendered":"Enrico Macias: jego ostatni koncert poszed\u0142 nie tak, artysta zosta\u0142 przerwany na \u017cywo"},"content":{"rendered":"\n<p>Muzyka koi dusz\u0119, jak m\u00f3wi\u0105, ale czasami musi stawi\u0107 czo\u0142a nieoczekiwanym zak\u0142\u00f3ceniom. W sobot\u0119 15 marca 2025 roku Enrico Macias da\u0142 niezapomniany koncert w D\u00f4me de Paris, pomimo incydentu, kt\u00f3ry m\u00f3g\u0142 wszystko zrujnowa\u0107.<\/p>\n\n\n\n<p>Otoczony celebrytami i przed publiczno\u015bci\u0105 licz\u0105c\u0105 3500 os\u00f3b, 86-letni artysta udowodni\u0142, \u017ce nic nie jest w stanie przy\u0107mi\u0107 jego pasji do sceny.<\/p>\n\n\n\n<h2 class=\"wp-block-heading\">Koncert z okazji 60-lecia kariery(1\/12)<\/h2>\n\n\n\n<p>Enrico Macias \u015bwi\u0119towa\u0142 60-lecie swojej kariery koncertem w D\u00f4me de Paris w otoczeniu wielu osobisto\u015bci.<\/p>\n\n\n\n<p><img loading=\"lazy\" decoding=\"async\" src=\"https:\/\/www.viepratique.fr\/wp-content\/uploads\/sites\/4\/2025\/06\/concert-de-celebration-des-60-ans-de-carriere-547x410.jpg\" width=\"547\" height=\"410\">\u00a9 Pinterest<\/p>\n\n\n\n<h2 class=\"wp-block-heading\">Koncert przerwany przez bomby \u015bmierdz\u0105ce(2\/12)<\/h2>\n\n\n\n<p>Koncert przerwa\u0142 incydent: rzucono bombami \u015bmierdz\u0105cymi, ale Enrico Macias zareagowa\u0142 z odwag\u0105. \u201eBy\u0142o kilku porywczych, kt\u00f3rzy chcieli sabotowa\u0107 koncert, ale mnie to nie obchodzi. Impreza trwa! Mog\u0105 robi\u0107, co chc\u0105, nawet rzuci\u0107 we mnie bomb\u0105! Na szcz\u0119\u015bcie to by\u0142y tylko bomby \u015bmierdz\u0105ce\u201d \u2013 powiedzia\u0142 artysta.<\/p>\n\n\n\n<p><img loading=\"lazy\" decoding=\"async\" src=\"https:\/\/www.viepratique.fr\/wp-content\/uploads\/sites\/4\/2025\/06\/interruption-du-concert-par-des-boules-puantes-563x410.jpg\" width=\"563\" height=\"410\">\u00a9 Pinterest<\/p>\n\n\n\n<h2 class=\"wp-block-heading\">Wznowienie koncertu i sesja autograf\u00f3w&nbsp;(3\/12)<\/h2>\n\n\n\n<p>Koncert wznowiono po kr\u00f3tkiej przerwie, a Enrico Macias zadedykowa\u0142 piosenk\u0119 rodzinie Bibas.<\/p>\n\n\n\n<p><img loading=\"lazy\" decoding=\"async\" src=\"https:\/\/www.viepratique.fr\/wp-content\/uploads\/sites\/4\/2025\/06\/reprise-du-concert-et-dedicace-541x410.jpg\" width=\"541\" height=\"410\">\u00a9 Pinterest<\/p>\n\n\n\n<h2 class=\"wp-block-heading\">Emocjonalna obecno\u015b\u0107 piosenkarza i jego \u017cony&nbsp;(4\/12)<\/h2>\n\n\n\n<p>Hugues Aufray, przyjaciel Enrico Maciasa, pojawi\u0142 si\u0119 na koncercie wraz z \u017con\u0105, co doda\u0142o wieczorowi emocji.<\/p>\n\n\n\n<p><img loading=\"lazy\" decoding=\"async\" src=\"https:\/\/www.viepratique.fr\/wp-content\/uploads\/sites\/4\/2025\/06\/presence-emotive-dun-chanteur-et-de-sa-femme-1024x759.jpg\" width=\"1024\" height=\"759\">\u00a9 Pinterest<\/p>\n\n\n\n<h2 class=\"wp-block-heading\">Trwa\u0142e zaanga\u017cowanie w muzyk\u0119&nbsp;(5\/12)<\/h2>\n\n\n\n<p>Pomimo tego incydentu Enrico Macias pozostaje oddany muzyce i swojej publiczno\u015bci, kontynuuj\u0105c tras\u0119 koncertow\u0105.<\/p>\n\n\n\n<p><img loading=\"lazy\" decoding=\"async\" src=\"https:\/\/www.viepratique.fr\/wp-content\/uploads\/sites\/4\/2025\/06\/engagement-continu-envers-la-musique-1024x576.jpg\" width=\"1024\" height=\"576\">\u00a9 Pinterest<\/p>\n\n\n\n<h2 class=\"wp-block-heading\">Skarga i dochodzenie po incydencie&nbsp;(6\/12)<\/h2>\n\n\n\n<p>Producent z\u0142o\u017cy\u0142 skarg\u0119 na incydent, a paryska prokuratura wszcz\u0119\u0142a dochodzenie.<\/p>\n\n\n\n<p><img loading=\"lazy\" decoding=\"async\" src=\"https:\/\/www.viepratique.fr\/wp-content\/uploads\/sites\/4\/2025\/06\/plainte-et-enquete-apres-lincident-1024x768.jpg\" width=\"1024\" height=\"768\">\u00a9 Pinterest<\/p>\n\n\n\n<h2 class=\"wp-block-heading\">Zaanga\u017cowanie w walk\u0119 z nienawi\u015bci\u0105&nbsp;(7\/12)<\/h2>\n\n\n\n<p>Enrico Macias potwierdzi\u0142 swoje zaanga\u017cowanie w walk\u0119 z nienawi\u015bci\u0105, o\u015bwiadczaj\u0105c, \u017ce mi\u0142o\u015b\u0107 zawsze zwyci\u0119\u017cy.<\/p>\n\n\n\n<p><img loading=\"lazy\" decoding=\"async\" src=\"https:\/\/www.viepratique.fr\/wp-content\/uploads\/sites\/4\/2025\/06\/engagement-contre-la-haine-1024x576.jpg\" width=\"1024\" height=\"576\">\u00a9 Pinterest<\/p>\n\n\n\n<h2 class=\"wp-block-heading\">Demonstracje w odpowiedzi na pogl\u0105dy polityczne&nbsp;(8\/12)<\/h2>\n\n\n\n<p>Od 2023 roku Enrico Macias spotyka si\u0119 z protestami z powodu swoich pogl\u0105d\u00f3w politycznych.<\/p>\n\n\n\n<p><img loading=\"lazy\" decoding=\"async\" src=\"https:\/\/www.viepratique.fr\/wp-content\/uploads\/sites\/4\/2025\/06\/manifestations-face-aux-opinions-politiques-1024x576.jpg\" width=\"1024\" height=\"576\">\u00a9 Pinterest<\/p>\n\n\n\n<h2 class=\"wp-block-heading\">Trasa koncertowa trwa z pasj\u0105&nbsp;(9\/12)<\/h2>\n\n\n\n<p>Enrico Macias kontynuuje tras\u0119 koncertow\u0105, maj\u0105c w planach wiele koncert\u00f3w i tym samym udowadnia swoj\u0105 pasj\u0119 do sceny.<\/p>\n\n\n\n<p><img loading=\"lazy\" decoding=\"async\" src=\"https:\/\/www.viepratique.fr\/wp-content\/uploads\/sites\/4\/2025\/06\/tournee-continue-avec-passion-1024x576.jpg\" width=\"1024\" height=\"576\">\u00a9 Pinterest<\/p>\n\n\n\n<h2 class=\"wp-block-heading\">Zwi\u0119kszona determinacja po incydencie&nbsp;(10\/12)<\/h2>\n\n\n\n<p>Incydent ten wzmocni\u0142 determinacj\u0119 Enrico Maciasa, gotowego stawi\u0107 czo\u0142a wyzwaniom.<\/p>\n\n\n\n<p><img loading=\"lazy\" decoding=\"async\" src=\"https:\/\/www.viepratique.fr\/wp-content\/uploads\/sites\/4\/2025\/06\/determination-renforcee-apres-lincident-1024x683.jpg\" width=\"1024\" height=\"683\">\u00a9 Pinterest<\/p>\n\n\n\n<h2 class=\"wp-block-heading\">Motywy nieznane, misja artystyczna trwa&nbsp;(11\/12)<\/h2>\n\n\n\n<p>Motywy awanturnik\u00f3w pozostaj\u0105 nieznane, ale Enrico Macias kontynuuje swoj\u0105 artystyczn\u0105 misj\u0119.<\/p>\n\n\n\n<p><img loading=\"lazy\" decoding=\"async\" src=\"https:\/\/www.viepratique.fr\/wp-content\/uploads\/sites\/4\/2025\/06\/motivations-inconnues-mission-artistique-continue-1024x684.jpg\" width=\"1024\" height=\"684\">\u00a9 Pinterest<\/p>\n\n\n\n<h2 class=\"wp-block-heading\">Lekcja odwagi i ikoniczna posta\u0107&nbsp;(12\/12)<\/h2>\n\n\n\n<p>Enrico Macias wykorzysta\u0142 to zdarzenie jako lekcj\u0119 odwagi i pozosta\u0142 postaci\u0105 kultow\u0105.<\/p>\n\n\n\n<figure class=\"wp-block-image\"><img decoding=\"async\" src=\"https:\/\/www.viepratique.fr\/wp-content\/uploads\/sites\/4\/2025\/06\/lecon-de-courage-et-figure-emblematique-1024x766.jpg\" alt=\"\"\/><\/figure>\n","protected":false},"excerpt":{"rendered":"Muzyka koi dusz\u0119, jak m\u00f3wi\u0105, ale czasami musi stawi\u0107 czo\u0142a nieoczekiwanym zak\u0142\u00f3ceniom. W sobot\u0119 15 marca 2025 roku Enrico Macias da\u0142 niezapomniany koncert \n<a class=\"moretag\" href=\"https:\/\/swiat24.pl.ua\/?p=22880\"> [...]<\/a>","protected":false},"author":1,"featured_media":0,"comment_status":"open","ping_status":"open","sticky":false,"template":"","format":"standard","meta":{"footnotes":""},"categories":[1],"tags":[],"class_list":["post-22880","post","type-post","status-publish","format-standard","hentry","category-blog"],"_links":{"self":[{"href":"https:\/\/swiat24.pl.ua\/index.php?rest_route=\/wp\/v2\/posts\/22880","targetHints":{"allow":["GET"]}}],"collection":[{"href":"https:\/\/swiat24.pl.ua\/index.php?rest_route=\/wp\/v2\/posts"}],"about":[{"href":"https:\/\/swiat24.pl.ua\/index.php?rest_route=\/wp\/v2\/types\/post"}],"author":[{"embeddable":true,"href":"https:\/\/swiat24.pl.ua\/index.php?rest_route=\/wp\/v2\/users\/1"}],"replies":[{"embeddable":true,"href":"https:\/\/swiat24.pl.ua\/index.php?rest_route=%2Fwp%2Fv2%2Fcomments&post=22880"}],"version-history":[{"count":1,"href":"https:\/\/swiat24.pl.ua\/index.php?rest_route=\/wp\/v2\/posts\/22880\/revisions"}],"predecessor-version":[{"id":22881,"href":"https:\/\/swiat24.pl.ua\/index.php?rest_route=\/wp\/v2\/posts\/22880\/revisions\/22881"}],"wp:attachment":[{"href":"https:\/\/swiat24.pl.ua\/index.php?rest_route=%2Fwp%2Fv2%2Fmedia&parent=22880"}],"wp:term":[{"taxonomy":"category","embeddable":true,"href":"https:\/\/swiat24.pl.ua\/index.php?rest_route=%2Fwp%2Fv2%2Fcategories&post=22880"},{"taxonomy":"post_tag","embeddable":true,"href":"https:\/\/swiat24.pl.ua\/index.php?rest_route=%2Fwp%2Fv2%2Ftags&post=22880"}],"curies":[{"name":"wp","href":"https:\/\/api.w.org\/{rel}","templated":true}]}}