{"id":22857,"date":"2026-02-22T18:12:42","date_gmt":"2026-02-22T18:12:42","guid":{"rendered":"https:\/\/swiat24.pl.ua\/?p=22857"},"modified":"2026-02-22T18:12:42","modified_gmt":"2026-02-22T18:12:42","slug":"sa-juz-prognozy-na-tegoroczne-lato-polacy-beda-zaskoczeni-to-pierwszy-raz-od-1850-roku","status":"publish","type":"post","link":"https:\/\/swiat24.pl.ua\/?p=22857","title":{"rendered":"S\u0105 ju\u017c prognozy na tegoroczne lato. Polacy b\u0119d\u0105 zaskoczeni, to pierwszy raz od 1850 roku"},"content":{"rendered":"\n<p>Coraz wi\u0119cej os\u00f3b interesuje si\u0119 prognozami pogody na lato 2026 roku, zw\u0142aszcza po nieprzewidywalnej i zmiennej zimie.<\/p>\n\n\n\n<p>Wed\u0142ug wst\u0119pnych d\u0142ugoterminowych modeli meteorologicznych, spodziewamy si\u0119 gwa\u0142townych zjawisk atmosferycznych.<\/p>\n\n\n\n<p>Je\u015bli te przewidywania si\u0119 potwierdz\u0105, lato 2026 zapowiada si\u0119 jako bardziej ekstremalne ni\u017c poprzednie sezony.<\/p>\n\n\n\n<figure class=\"wp-block-image\"><img decoding=\"async\" src=\"https:\/\/images.iberion.media\/images\/origin\/mroz_sople_7680c79b1d.jpg\" alt=\"S\u0105 ju\u017c prognozy na tegoroczne lato. Polacy b\u0119d\u0105 zaskoczeni, to pierwszy raz od 1850 roku\"\/><figcaption class=\"wp-element-caption\">Fot. TrueCreatives\/CanvaPro<\/figcaption><\/figure>\n\n\n\n<h2 class=\"wp-block-heading\">Zmiany klimatyczne w Polsce \u2013 co nas czeka tego lata?<\/h2>\n\n\n\n<p>Polska, po\u0142o\u017cona w strefie klimatu umiarkowanego przej\u015bciowego, od kilku dekad coraz silniej odczuwa skutki globalnego ocieplenia, kt\u00f3re w Europie post\u0119puje szybciej, ni\u017c zak\u0142adano na pocz\u0105tku XXI wieku. Cho\u0107 tradycyjnie wyr\u00f3\u017cniamy cztery pory roku, w praktyce ich granice si\u0119 zacieraj\u0105 i przekszta\u0142caj\u0105.<\/p>\n\n\n\n<p>Zimy znane z opowie\u015bci dziadk\u00f3w \u2013 stabilne, d\u0142ugie, mro\u017ane i \u015bnie\u017cne \u2013 staj\u0105 si\u0119 rzadko\u015bci\u0105. Z\u53d6aj\u0105 je one hybrydowe warunki pogodowe, w kt\u00f3rych ciep\u0142e okresy wiosenne przeplataj\u0105 si\u0119 z nag\u0142ymi powrotami zimy, parali\u017cuj\u0105c infrastruktur\u0119 nieprzystosowan\u0105 do takich ekstrem\u00f3w.<\/p>\n\n\n\n<figure class=\"wp-block-image\"><img decoding=\"async\" src=\"https:\/\/czu.pl\/wp-content\/uploads\/2026\/02\/219.jpg\" alt=\"obrazek\"\/><\/figure>\n\n\n\n<p>Dane klimatyczne wskazuj\u0105 na wyra\u017any wzrost \u015brednich rocznych temperatur. Nie oznacza to jednak ca\u0142kowitego zaniku zimy \u2013 przeciwnie, staje si\u0119 ona bardziej niebezpieczna i nieprzewidywalna. Zjawiska kiedy\u015b traktowane jako anomalie, dzi\u015b wchodz\u0105 w norm\u0119. Wielodniowe blokady wy\u017cowe lub ni\u017cowe, blokuj\u0105ce cyrkulacj\u0119 powietrza nad Europ\u0105, to efekt uk\u0142ad\u00f3w barycznych, kt\u00f3re coraz cz\u0119\u015bciej kszta\u0142tuj\u0105 nasz klimat.<\/p>\n\n\n\n<p>W\u0142a\u015bnie te blokady wywo\u0142uj\u0105 ekstremalne zjawiska pogodowe: zim\u0105 sprowadzaj\u0105 siarczyste mrozy z wschodu, latem za\u015b zwrotnikowe powietrze z Afryki. Synoptycy podkre\u015blaj\u0105, \u017ce zrozumienie tej dynamiki jest kluczowe do interpretacji prognoz na lato 2026. Nie mo\u017cemy ju\u017c liczy\u0107 na \u0142agodn\u0105, stabiln\u0105 aur\u0119 \u2013 warto przygotowa\u0107 si\u0119 na skrajno\u015bci, wymagaj\u0105ce wi\u0119kszej odporno\u015bci i dostosowania infrastruktury energetycznej kraju.<\/p>\n\n\n\n<h2 class=\"wp-block-heading\">Przebieg zimy 2025\/2026 \u2013 co si\u0119 dzia\u0142o?<\/h2>\n\n\n\n<p>Zanim skupimy si\u0119 na lecie i planowaniu wakacji, sp\u00f3jrzmy na zim\u0119 2025\/2026. Grudzie\u0144, stycze\u0144 i luty przynios\u0142y niestabilno\u015b\u0107 pogodow\u0105 \u2013 naprzemienne mrozy i opady powodowa\u0142y powa\u017cne utrudnienia w wielu regionach Polski.<\/p>\n\n\n\n<p>Temperatury mie\u015bci\u0142y si\u0119 w wieloletnich normach, ale nag\u0142e, intensywne epizody mrozu i \u015bnie\u017cyc parali\u017cowa\u0142y drogi. Szczeg\u00f3lnie gro\u017ana by\u0142a go\u0142oled\u017a, zwana \u201eczarnym lodem\u201d, \u0432\u043e\u0437\u043d\u0438\u043a\u0430\u044e\u0449\u0430\u044f po ciep\u0142ych, deszczowych dniach i znacznie utrudniaj\u0105ca jazd\u0119 samochodem.<\/p>\n\n\n\n<p>Mrozy, cho\u0107 kr\u00f3tsze, bywa\u0142y bardzo ostre, a styczniowe ataki zimy przypomnia\u0142y o konieczno\u015bci sta\u0142ego utrzymania sprz\u0119tu od\u015bnie\u017caj\u0105cego. Wiosna 2026 zapowiada si\u0119 \u0142agodniejsza, z gradualnym przej\u015bciem do letnich temperatur.<\/p>\n\n\n\n<figure class=\"wp-block-image\"><img decoding=\"async\" src=\"https:\/\/images.iberion.media\/images\/origin\/wiosna_56f5adbe78.jpg\" alt=\"S\u0105 ju\u017c prognozy na tegoroczne lato. Polacy b\u0119d\u0105 zaskoczeni, to pierwszy raz od 1850 roku\"\/><figcaption class=\"wp-element-caption\">Fot. Be Easy\/CanvaPro<\/figcaption><\/figure>\n\n\n\n<p>Prognozy sugeruj\u0105, \u017ce marzec mo\u017ce przynie\u015b\u0107 ch\u0142odniejsze dni lub norm\u0119 termiczn\u0105, a kwiecie\u0144 i maj \u2013 umiarkowane ocieplenie typowe dla polskiej wiosny. Eksperci ostrzegaj\u0105 jednak, by nie ufa\u0107 zbyt mocno spokojowi wiosny \u2013 nie wyklucza si\u0119 przymrozk\u00f3w, kt\u00f3re mog\u0105 uszkodzi\u0107 sadzonki i podnie\u015b\u0107 ceny owoc\u00f3w.<\/p>\n\n\n\n<h2 class=\"wp-block-heading\">Prognozy na lato 2026 \u2013 rekordowe upa\u0142y?<\/h2>\n\n\n\n<p>Pierwsze analizy wskazuj\u0105, \u017ce lato 2026 mo\u017ce by\u0107 wyj\u0105tkowo gor\u0105ce. Kanadyjskie s\u0142u\u017cby meteorologiczne, cytowane przez portale pogodowe, prognozuj\u0105, \u017ce b\u0119dzie to najcieplejsze lato od pocz\u0105tku systematycznych obserwacji w 1850 roku, ze \u015bredni\u0105 temperatur\u0105 wy\u017csz\u0105 o oko\u0142o 1,46\u00b0C.<\/p>\n\n\n\n<p>Kluczowym czynnikiem jest zjawisko El Ni\u00f1o rozwijaj\u0105ce si\u0119 na Pacyfiku, wp\u0142ywaj\u0105ce na globaln\u0105 cyrkulacj\u0119 powietrza. W Polsce lipiec i sierpie\u0144 przynios\u0105 cz\u0119ste przekroczenia 30\u00b0C, d\u0142ugie fale upa\u0142\u00f3w, burze oraz okresowe susze z gwa\u0142townymi opadami.<\/p>\n","protected":false},"excerpt":{"rendered":"Coraz wi\u0119cej os\u00f3b interesuje si\u0119 prognozami pogody na lato 2026 roku, zw\u0142aszcza po nieprzewidywalnej i zmiennej zimie. Wed\u0142ug wst\u0119pnych d\u0142ugoterminowych modeli meteorologicznych, spodziewamy \n<a class=\"moretag\" href=\"https:\/\/swiat24.pl.ua\/?p=22857\"> [...]<\/a>","protected":false},"author":1,"featured_media":22858,"comment_status":"open","ping_status":"open","sticky":false,"template":"","format":"standard","meta":{"footnotes":""},"categories":[1],"tags":[],"class_list":["post-22857","post","type-post","status-publish","format-standard","has-post-thumbnail","hentry","category-blog"],"_links":{"self":[{"href":"https:\/\/swiat24.pl.ua\/index.php?rest_route=\/wp\/v2\/posts\/22857","targetHints":{"allow":["GET"]}}],"collection":[{"href":"https:\/\/swiat24.pl.ua\/index.php?rest_route=\/wp\/v2\/posts"}],"about":[{"href":"https:\/\/swiat24.pl.ua\/index.php?rest_route=\/wp\/v2\/types\/post"}],"author":[{"embeddable":true,"href":"https:\/\/swiat24.pl.ua\/index.php?rest_route=\/wp\/v2\/users\/1"}],"replies":[{"embeddable":true,"href":"https:\/\/swiat24.pl.ua\/index.php?rest_route=%2Fwp%2Fv2%2Fcomments&post=22857"}],"version-history":[{"count":1,"href":"https:\/\/swiat24.pl.ua\/index.php?rest_route=\/wp\/v2\/posts\/22857\/revisions"}],"predecessor-version":[{"id":22859,"href":"https:\/\/swiat24.pl.ua\/index.php?rest_route=\/wp\/v2\/posts\/22857\/revisions\/22859"}],"wp:featuredmedia":[{"embeddable":true,"href":"https:\/\/swiat24.pl.ua\/index.php?rest_route=\/wp\/v2\/media\/22858"}],"wp:attachment":[{"href":"https:\/\/swiat24.pl.ua\/index.php?rest_route=%2Fwp%2Fv2%2Fmedia&parent=22857"}],"wp:term":[{"taxonomy":"category","embeddable":true,"href":"https:\/\/swiat24.pl.ua\/index.php?rest_route=%2Fwp%2Fv2%2Fcategories&post=22857"},{"taxonomy":"post_tag","embeddable":true,"href":"https:\/\/swiat24.pl.ua\/index.php?rest_route=%2Fwp%2Fv2%2Ftags&post=22857"}],"curies":[{"name":"wp","href":"https:\/\/api.w.org\/{rel}","templated":true}]}}