{"id":22779,"date":"2026-02-21T11:03:48","date_gmt":"2026-02-21T11:03:48","guid":{"rendered":"https:\/\/swiat24.pl.ua\/?p=22779"},"modified":"2026-02-21T11:03:48","modified_gmt":"2026-02-21T11:03:48","slug":"ledwo-oplakali-dykiel-a-tu-takie-wiesci-nie-zyje-ceniony-artysta","status":"publish","type":"post","link":"https:\/\/swiat24.pl.ua\/?p=22779","title":{"rendered":"Ledwo op\u0142akali Dykiel, a tu takie wie\u015bci. Nie \u017cyje ceniony artysta"},"content":{"rendered":"\n<p>Niedawno \u015bwiat kultury op\u0142akiwa\u0142 strat\u0119 Bo\u017ceny Dykiel, a ju\u017c docieraj\u0105 kolejne przykre doniesienia. Zmar\u0142 Erwin Jarz\u0119bski \u2013 artysta grafik, dekorator wn\u0119trz i wokalista, kt\u00f3rego talent przez lata wzbogaca\u0142 lokaln\u0105 kultur\u0119 Gorzowa.<\/p>\n\n\n\n<p> Ta wiadomo\u015b\u0107 wstrz\u0105sn\u0119\u0142a wieloma, kt\u00f3rzy znali jego tw\u00f3rczo\u015b\u0107 i wk\u0142ad w \u017cycie artystyczne miasta.<\/p>\n\n\n\n<h2 class=\"wp-block-heading\">\u015arodowisko artystyczne zn\u00f3w pogr\u0105\u017cone w smutku<\/h2>\n\n\n\n<p>Ledwo zd\u0105\u017cyli\u015bmy po\u017cegna\u0107 Bo\u017cen\u0119 Dykiel, a media obieg\u0142y informacje o odej\u015bciu kolejnego wybitnego tw\u00f3rcy, silnie zwi\u0105zanego z Gorzowem. Jego prace, wystawy i wyst\u0119py inspirowa\u0142y pokolenia, cho\u0107 nie zawsze zyskiwa\u0142y og\u00f3lnopolsk\u0105 s\u0142aw\u0119. Spotkania w Klubie MPiK czy na gorzowskich ulicach pozostan\u0105 w pami\u0119ci wielu.<\/p>\n\n\n\n<p>\u015amier\u0107 Erwina Jarz\u0119bskiego zamyka wa\u017cny rozdzia\u0142 w historii lokalnej kultury plastycznej i muzycznej \u2013 pe\u0142en inspiracji i niezapomnianych do\u015bwiadcze\u0144 dla licznej publiczno\u015bci.<\/p>\n\n\n\n<figure class=\"wp-block-image\"><img decoding=\"async\" src=\"https:\/\/bystragrazyna.pl\/wp-content\/uploads\/2026\/02\/173.jpg\" alt=\"obrazek\"\/><\/figure>\n\n\n\n<figure class=\"wp-block-image\"><img decoding=\"async\" src=\"https:\/\/images.iberion.media\/images\/origin\/Bozena_Dykiel_fot_East_News_5bf2f4a563.jpg\" alt=\"Bo\u017cena Dykiel, fot. East News\"\/><figcaption class=\"wp-element-caption\">Bo\u017cena Dykiel, fot. East News<\/figcaption><\/figure>\n\n\n\n<p>Wspomnienia o nim budz\u0105 nostalgi\u0119 i niedowierzanie \u2013 nie pos\u0142uchamy ju\u017c jego opowie\u015bci o sztuce, nie zobaczymy nowych grafik ani nie us\u0142yszymy jego g\u0142osu. Ta strata przypomina, jak kruche jest \u017cycie artyst\u00f3w, kt\u00f3rzy wydawali si\u0119 nieod\u0142\u0105czn\u0105 cz\u0119\u015bci\u0105 krajobrazu kultury.<\/p>\n\n\n\n<h2 class=\"wp-block-heading\">Bo\u017cena Dykiel odesz\u0142a \u2013 Polska kultura w \u017ca\u0142obie<\/h2>\n\n\n\n<p>\u015amier\u0107 Bo\u017ceny Dykiel wstrz\u0105sn\u0119\u0142a polskim \u015brodowiskiem filmowym, teatralnym i telewizyjnym. Aktorka, wyst\u0119puj\u0105ca przez ponad 50 lat na scenie i przed kamer\u0105, zmar\u0142a w wieku 77 lat. Jej odej\u015bcie potwierdzili bliscy, media oraz instytucje kultury.<\/p>\n\n\n\n<blockquote class=\"wp-block-quote is-layout-flow wp-block-quote-is-layout-flow\">\n<p>Bo\u017cena Dykiel na sta\u0142e zapisa\u0142a si\u0119 w historii polskiego kina, telewizji i teatru. Jej mocne role filmowe od lat 70., obecno\u015b\u0107 w dramatach i komediach oraz ponad dwudziestoletni udzia\u0142 w serialu \u201eNa Wsp\u00f3lnej\u201d sprawi\u0142y, \u017ce by\u0142a kochana przez miliony widz\u00f3w.<\/p>\n<\/blockquote>\n\n\n\n<p>Widzowie zapami\u0119taj\u0105 j\u0105 z r\u00f3l w \u201eZiemi obiecanej\u201d, \u201eWeselu\u201d czy kultowych \u201eAlternatywach 4\u201d. Jej talent i charyzma podbi\u0142y serca publiczno\u015bci, a obecno\u015b\u0107 na ekranie by\u0142a sta\u0142ym elementem polskiej kultury. \u015amier\u0107 aktorki oznacza koniec pewnej ery.<\/p>\n\n\n\n<p>W mediach spo\u0142eczno\u015bciowych i \u015brodowisku artystycznym pojawi\u0142y si\u0119 liczne kondolencje, podkre\u015blaj\u0105ce jej ogromny wp\u0142yw na polsk\u0105 sztuk\u0119 dramatyczn\u0105 i filmow\u0105.<\/p>\n\n\n\n<h2 class=\"wp-block-heading\">Odszed\u0142 Erwin Jarz\u0119bski \u2013 gorzowski artysta o bogatym dorobku<\/h2>\n\n\n\n<p>12 lutego 2026 roku w wieku 84 lat zmar\u0142 Erwin Jarz\u0119bski \u2013 grafik, projektant wn\u0119trz i wokalista, ikona lokalnego \u015brodowiska artystycznego. Urodzony w 1941 roku na terenie \u00f3wczesnych Niemiec, po uko\u0144czeniu studi\u00f3w na Wydziale Architektury Wn\u0119trz PWSSP w Poznaniu w 1964 roku zwi\u0105za\u0142 swoj\u0105 tw\u00f3rczo\u015b\u0107 z Gorzowem.<\/p>\n\n\n\n<p>W latach 60. i 70. aktywnie dzia\u0142a\u0142 w lokalnym \u015brodowisku artystycznym. Kr\u00f3tko kierowa\u0142 Klubem MPiK, a p\u00f3\u017aniej rozwija\u0142 dzia\u0142alno\u015b\u0107 jako grafik u\u017cytkowy i projektant wn\u0119trz w firmie \u201eMars\u201d. Jego realizacje obejmowa\u0142y aran\u017cacje wn\u0119trz komercyjnych, biur oraz projekty graficzne o charakterze u\u017cytkowym.<\/p>\n","protected":false},"excerpt":{"rendered":"Niedawno \u015bwiat kultury op\u0142akiwa\u0142 strat\u0119 Bo\u017ceny Dykiel, a ju\u017c docieraj\u0105 kolejne przykre doniesienia. Zmar\u0142 Erwin Jarz\u0119bski \u2013 artysta grafik, dekorator wn\u0119trz i wokalista, \n<a class=\"moretag\" href=\"https:\/\/swiat24.pl.ua\/?p=22779\"> [...]<\/a>","protected":false},"author":1,"featured_media":22780,"comment_status":"open","ping_status":"open","sticky":false,"template":"","format":"standard","meta":{"footnotes":""},"categories":[1],"tags":[],"class_list":["post-22779","post","type-post","status-publish","format-standard","has-post-thumbnail","hentry","category-blog"],"_links":{"self":[{"href":"https:\/\/swiat24.pl.ua\/index.php?rest_route=\/wp\/v2\/posts\/22779","targetHints":{"allow":["GET"]}}],"collection":[{"href":"https:\/\/swiat24.pl.ua\/index.php?rest_route=\/wp\/v2\/posts"}],"about":[{"href":"https:\/\/swiat24.pl.ua\/index.php?rest_route=\/wp\/v2\/types\/post"}],"author":[{"embeddable":true,"href":"https:\/\/swiat24.pl.ua\/index.php?rest_route=\/wp\/v2\/users\/1"}],"replies":[{"embeddable":true,"href":"https:\/\/swiat24.pl.ua\/index.php?rest_route=%2Fwp%2Fv2%2Fcomments&post=22779"}],"version-history":[{"count":1,"href":"https:\/\/swiat24.pl.ua\/index.php?rest_route=\/wp\/v2\/posts\/22779\/revisions"}],"predecessor-version":[{"id":22781,"href":"https:\/\/swiat24.pl.ua\/index.php?rest_route=\/wp\/v2\/posts\/22779\/revisions\/22781"}],"wp:featuredmedia":[{"embeddable":true,"href":"https:\/\/swiat24.pl.ua\/index.php?rest_route=\/wp\/v2\/media\/22780"}],"wp:attachment":[{"href":"https:\/\/swiat24.pl.ua\/index.php?rest_route=%2Fwp%2Fv2%2Fmedia&parent=22779"}],"wp:term":[{"taxonomy":"category","embeddable":true,"href":"https:\/\/swiat24.pl.ua\/index.php?rest_route=%2Fwp%2Fv2%2Fcategories&post=22779"},{"taxonomy":"post_tag","embeddable":true,"href":"https:\/\/swiat24.pl.ua\/index.php?rest_route=%2Fwp%2Fv2%2Ftags&post=22779"}],"curies":[{"name":"wp","href":"https:\/\/api.w.org\/{rel}","templated":true}]}}