{"id":22768,"date":"2026-02-20T12:33:02","date_gmt":"2026-02-20T12:33:02","guid":{"rendered":"https:\/\/swiat24.pl.ua\/?p=22768"},"modified":"2026-02-20T12:33:02","modified_gmt":"2026-02-20T12:33:02","slug":"lzy-i-napiecie-nieoczekiwane-zalamanie-diddyego","status":"publish","type":"post","link":"https:\/\/swiat24.pl.ua\/?p=22768","title":{"rendered":"\u0141zy i napi\u0119cie: nieoczekiwane za\u0142amanie Diddy&#8217;ego"},"content":{"rendered":"\n<p>W ostatnich miesi\u0105cach Sean \u201eDiddy\u201d Combs znalaz\u0142 si\u0119 pod wzmo\u017con\u0105 obserwacj\u0105 opinii publicznej, nie tylko ze wzgl\u0119du na kwestie prawne, ale tak\u017ce ze wzgl\u0119du na to, jak jego rodzina radzi sobie z t\u0105 uwag\u0105. <\/p>\n\n\n\n<p>W tym szumie medialnym jego c\u00f3rki zdecydowa\u0142y si\u0119 na rzadki krok w stron\u0119 medi\u00f3w, aby odnie\u015b\u0107 si\u0119 do kr\u0105\u017c\u0105cych plotek dotycz\u0105cych zar\u00f3wno ich ojca, jak i zmar\u0142ej matki, Kim Porter.<\/p>\n\n\n\n<p>Kluczowym punktem ich publicznego o\u015bwiadczenia by\u0142o obalenie doniesie\u0144 o rzekomych wspomnieniach Kim Porter zatytu\u0142owanych\u00a0<em>\u201eZaginione s\u0142owa Kim: Podr\u00f3\u017c ku sprawiedliwo\u015bci z drugiej strony\u201d.<\/em><\/p>\n\n\n\n<p>\u00a0Wyra\u017anie stwierdzili, \u017ce taka ksi\u0105\u017cka nie istnieje, a plotki okre\u015blili jako g\u0142\u0119boko bolesne i ca\u0142kowicie fa\u0142szywe. Wed\u0142ug nich ich matka nigdy nie napisa\u0142a \u017cadnych wspomnie\u0144 i zaapelowali do opinii publicznej o odrzucenie dezinformacji.<\/p>\n\n\n\n<p>W ich s\u0142owach s\u0142ycha\u0107 by\u0142o mieszank\u0119 si\u0142y, smutku i frustracji. Zdawali sobie spraw\u0119 z emocjonalnego ci\u0119\u017caru, jaki dla nich stanowi obserwowanie, jak ich rodzina staje si\u0119 przedmiotem ci\u0105g\u0142ych nag\u0142\u00f3wk\u00f3w i spekulacji. Mimo to podeszli do tej sytuacji z dojrza\u0142o\u015bci\u0105, prosz\u0105c o prywatno\u015b\u0107 i szacunek, poniewa\u017c wci\u0105\u017c zmagaj\u0105 si\u0119 z osobistymi wyzwaniami i publicznymi narracjami.<\/p>\n\n\n\n<p>C\u00f3rki podkre\u015bli\u0142y dziedzictwo Kim Porter, opisuj\u0105c j\u0105 jako kobiet\u0119 znan\u0105 z dobroci, kreatywno\u015bci i przede wszystkim mi\u0142o\u015bci do swoich dzieci. Wyrazi\u0142y przekonanie, \u017ce jej warto\u015bci \u017cyj\u0105 w nich i nadal kieruj\u0105 ich wyborami, zw\u0142aszcza w tym burzliwym okresie.<\/p>\n\n\n\n<p>Ich o\u015bwiadczenie by\u0142o humanistycznym przypomnieniem, \u017ce poza nag\u0142\u00f3wkami, istnieje rodzina, kt\u00f3ra walczy o ochron\u0119 swojej prawdy i godno\u015bci. Decyduj\u0105 si\u0119 odpowiedzie\u0107 jasno i z wdzi\u0119kiem, zamiast milczenia lub odwetu, mimo \u017ce znajduj\u0105 si\u0119 w trudnej sytuacji.<\/p>\n\n\n\n<p>Ostatecznie przes\u0142anie c\u00f3rek Diddy&#8217;ego podkre\u015bla wag\u0119 szacunku dla tych, kt\u00f3rzy pogr\u0105\u017ceni s\u0105 w \u017ca\u0142obie i zmagaj\u0105 si\u0119 z trudnymi sytuacjami w \u017cyciu publicznym. Prosz\u0105 nie o wsp\u00f3\u0142czucie, ale o zrozumienie i o to, by prawda wzi\u0119\u0142a g\u00f3r\u0119 nad spekulacjami.<\/p>\n","protected":false},"excerpt":{"rendered":"W ostatnich miesi\u0105cach Sean \u201eDiddy\u201d Combs znalaz\u0142 si\u0119 pod wzmo\u017con\u0105 obserwacj\u0105 opinii publicznej, nie tylko ze wzgl\u0119du na kwestie prawne, ale tak\u017ce ze \n<a class=\"moretag\" href=\"https:\/\/swiat24.pl.ua\/?p=22768\"> [...]<\/a>","protected":false},"author":1,"featured_media":22769,"comment_status":"open","ping_status":"open","sticky":false,"template":"","format":"standard","meta":{"footnotes":""},"categories":[1],"tags":[],"class_list":["post-22768","post","type-post","status-publish","format-standard","has-post-thumbnail","hentry","category-blog"],"_links":{"self":[{"href":"https:\/\/swiat24.pl.ua\/index.php?rest_route=\/wp\/v2\/posts\/22768","targetHints":{"allow":["GET"]}}],"collection":[{"href":"https:\/\/swiat24.pl.ua\/index.php?rest_route=\/wp\/v2\/posts"}],"about":[{"href":"https:\/\/swiat24.pl.ua\/index.php?rest_route=\/wp\/v2\/types\/post"}],"author":[{"embeddable":true,"href":"https:\/\/swiat24.pl.ua\/index.php?rest_route=\/wp\/v2\/users\/1"}],"replies":[{"embeddable":true,"href":"https:\/\/swiat24.pl.ua\/index.php?rest_route=%2Fwp%2Fv2%2Fcomments&post=22768"}],"version-history":[{"count":1,"href":"https:\/\/swiat24.pl.ua\/index.php?rest_route=\/wp\/v2\/posts\/22768\/revisions"}],"predecessor-version":[{"id":22770,"href":"https:\/\/swiat24.pl.ua\/index.php?rest_route=\/wp\/v2\/posts\/22768\/revisions\/22770"}],"wp:featuredmedia":[{"embeddable":true,"href":"https:\/\/swiat24.pl.ua\/index.php?rest_route=\/wp\/v2\/media\/22769"}],"wp:attachment":[{"href":"https:\/\/swiat24.pl.ua\/index.php?rest_route=%2Fwp%2Fv2%2Fmedia&parent=22768"}],"wp:term":[{"taxonomy":"category","embeddable":true,"href":"https:\/\/swiat24.pl.ua\/index.php?rest_route=%2Fwp%2Fv2%2Fcategories&post=22768"},{"taxonomy":"post_tag","embeddable":true,"href":"https:\/\/swiat24.pl.ua\/index.php?rest_route=%2Fwp%2Fv2%2Ftags&post=22768"}],"curies":[{"name":"wp","href":"https:\/\/api.w.org\/{rel}","templated":true}]}}