{"id":22738,"date":"2026-02-20T10:47:49","date_gmt":"2026-02-20T10:47:49","guid":{"rendered":"https:\/\/swiat24.pl.ua\/?p=22738"},"modified":"2026-02-20T10:47:49","modified_gmt":"2026-02-20T10:47:49","slug":"nie-zyje-skoczek-narciarski-mial-zaledwie-37-lat","status":"publish","type":"post","link":"https:\/\/swiat24.pl.ua\/?p=22738","title":{"rendered":"Nie \u017cyje skoczek narciarski. Mia\u0142 zaledwie 37 lat"},"content":{"rendered":"\n<p>Sportowy \u015bwiat obieg\u0142y dzi\u015b smutne informacje. W wieku zaledwie 37 lat tragicznie zmar\u0142 Joonas Ikonen, by\u0142y skoczek narciarski i trener, mistrz \u015bwiata junior\u00f3w z 2005 roku.<\/p>\n\n\n\n<p>Nie \u017cyje Joonas Ikonen<br>Nie \u017cyje Joonas Ikonen, mistrz \u015bwiata junior\u00f3w w skokach narciarskich z 2005 roku i wieloletni trener dywizji skok\u00f3w narciarskich Siilinjarvi Ponnistus.<\/p>\n\n\n\n<p> Fin w sezonie 2005\/06 Pucharu \u015awiata zdoby\u0142 155 punkt\u00f3w, kt\u00f3re pozwoli\u0142y mu zaj\u0105\u0107 30. miejsce w klasyfikacji generalnej. W Sapporo finiszowa\u0142 na 9. i 7. pozycji, by\u0142y to jego jedyne lokaty w czo\u0142owej dziesi\u0105tce zawod\u00f3w najwy\u017cszej rangi. Podczas igrzysk olimpijskich w Turynie pe\u0142ni\u0142 rol\u0119 rezerwowego.<\/p>\n\n\n\n<p>Klub poinformowa\u0142 o tragedii<br>Wiadomo\u015b\u0107 o \u015bmierci Joonasa Ikonena pojawi\u0142a si\u0119 w niedziel\u0119, 25 sierpnia. Mia\u0142o do niej doj\u015b\u0107 ju\u017c tydzie\u0144 wcze\u015bniej. Wyrazy wsp\u00f3\u0142czucia w poruszaj\u0105cym po\u015bcie na Facebooku przekaza\u0142 klub Puijon Hiihtoseura.&nbsp;<\/p>\n\n\n\n<p>Ze smutkiem zawiadamiamy, \u017ce Joonas Ikonen, mistrz \u015bwiata junior\u00f3w w skokach narciarskich z 2005 roku i wieloletni trener sekcji skok\u00f3w narciarskich Siilinj\u00e4rvi Ponnistus, zgin\u0105\u0142 w wypadku \u0142odzi. Sk\u0142adamy nasze serdeczne kondolencje rodzinie i bliskim Joonasa. Pogrzeb Joonasa odbywa si\u0119 w ca\u0142kowitej ciszy. Prosimy o uszanowanie spokoju bliskich pogr\u0105\u017conych w wielkim smutku \u2013 czytamy.<\/p>\n\n\n\n<p>Tragiczna \u015bmier\u0107 Joonasa Ikonena<br>Zobacz: Nie \u017cyje m\u0142oda sportsmenka, zgin\u0119\u0142a w tragicznych okoliczno\u015bciach. Przyjaciel wyjawi\u0142 prawd\u0119&nbsp;<\/p>\n\n\n\n<p>Klub, kt\u00f3rego reprezentantem by\u0142 Ikonen, w swoim komunikacie zdradzi\u0142 r\u00f3wnie\u017c okoliczno\u015bci \u015bmierci by\u0142ego skoczka.<\/p>\n\n\n\n<p>Ze smutkiem zawiadamiamy, \u017ce Joonas Ikonen, mistrz \u015bwiata junior\u00f3w w skokach narciarskich z 2005 roku i wieloletni trener dywizji skok\u00f3w narciarskich Siilinj\u00e4rvi Ponnistus, zgin\u0105\u0142 w wypadku \u0142odzi \u2013 podano.<\/p>\n\n\n\n<p>Joonas Ikonen zako\u0144czy\u0142 karier\u0119 skoczka w 2010 roku. P\u00f3\u017aniej by\u0142 pracownikiem budowlanym, zosta\u0142 te\u017c trenerem m\u0142odzie\u017cy w klubie z Kuopio. Mia\u0142 brata bli\u017aniaka, Tommiego, kt\u00f3ry tak\u017ce skaka\u0142 na nartach.<\/p>\n","protected":false},"excerpt":{"rendered":"Sportowy \u015bwiat obieg\u0142y dzi\u015b smutne informacje. W wieku zaledwie 37 lat tragicznie zmar\u0142 Joonas Ikonen, by\u0142y skoczek narciarski i trener, mistrz \u015bwiata junior\u00f3w \n<a class=\"moretag\" href=\"https:\/\/swiat24.pl.ua\/?p=22738\"> [...]<\/a>","protected":false},"author":1,"featured_media":22739,"comment_status":"open","ping_status":"open","sticky":false,"template":"","format":"standard","meta":{"footnotes":""},"categories":[1],"tags":[],"class_list":["post-22738","post","type-post","status-publish","format-standard","has-post-thumbnail","hentry","category-blog"],"_links":{"self":[{"href":"https:\/\/swiat24.pl.ua\/index.php?rest_route=\/wp\/v2\/posts\/22738","targetHints":{"allow":["GET"]}}],"collection":[{"href":"https:\/\/swiat24.pl.ua\/index.php?rest_route=\/wp\/v2\/posts"}],"about":[{"href":"https:\/\/swiat24.pl.ua\/index.php?rest_route=\/wp\/v2\/types\/post"}],"author":[{"embeddable":true,"href":"https:\/\/swiat24.pl.ua\/index.php?rest_route=\/wp\/v2\/users\/1"}],"replies":[{"embeddable":true,"href":"https:\/\/swiat24.pl.ua\/index.php?rest_route=%2Fwp%2Fv2%2Fcomments&post=22738"}],"version-history":[{"count":1,"href":"https:\/\/swiat24.pl.ua\/index.php?rest_route=\/wp\/v2\/posts\/22738\/revisions"}],"predecessor-version":[{"id":22740,"href":"https:\/\/swiat24.pl.ua\/index.php?rest_route=\/wp\/v2\/posts\/22738\/revisions\/22740"}],"wp:featuredmedia":[{"embeddable":true,"href":"https:\/\/swiat24.pl.ua\/index.php?rest_route=\/wp\/v2\/media\/22739"}],"wp:attachment":[{"href":"https:\/\/swiat24.pl.ua\/index.php?rest_route=%2Fwp%2Fv2%2Fmedia&parent=22738"}],"wp:term":[{"taxonomy":"category","embeddable":true,"href":"https:\/\/swiat24.pl.ua\/index.php?rest_route=%2Fwp%2Fv2%2Fcategories&post=22738"},{"taxonomy":"post_tag","embeddable":true,"href":"https:\/\/swiat24.pl.ua\/index.php?rest_route=%2Fwp%2Fv2%2Ftags&post=22738"}],"curies":[{"name":"wp","href":"https:\/\/api.w.org\/{rel}","templated":true}]}}