{"id":22732,"date":"2026-02-20T10:42:54","date_gmt":"2026-02-20T10:42:54","guid":{"rendered":"https:\/\/swiat24.pl.ua\/?p=22732"},"modified":"2026-02-20T10:42:54","modified_gmt":"2026-02-20T10:42:54","slug":"tragiczny-koniec-ukochana-supergwiazda-zginela-dzis-rano-w-tragicznym-wypadku-samochodowym-3","status":"publish","type":"post","link":"https:\/\/swiat24.pl.ua\/?p=22732","title":{"rendered":"TRAGICZNY KONIEC Ukochana supergwiazda zgin\u0119\u0142a dzi\u015b rano w tragicznym wypadku samochodowym."},"content":{"rendered":"\n<p>Ukochana gwiazda zgin\u0119\u0142a dzi\u015b rano w tragicznym wypadku samochodowym. Fani na ca\u0142ym \u015bwiecie s\u0105 w szoku i op\u0142akuj\u0105 strat\u0119 kogo\u015b, kto poruszy\u0142 tak wiele ludzkich serc. Ta wiadomo\u015b\u0107 jest druzgoc\u0105ca, a \u015bwiat wydaje si\u0119 dzi\u015b nieco bardziej pusty.<\/p>\n\n\n\n<p>Kiedy dowiesz si\u0119, kim jest ta ikoniczna posta\u0107, serce p\u0119knie ci z b\u00f3lu \u2013 \u0142zy s\u0105 nieuniknione. Jego talent, dobro\u0107 i niezapomniana osobowo\u015b\u0107 uczyni\u0142y go legend\u0105, a teraz jego pami\u0119\u0107 b\u0119dzie \u017cy\u0107 wiecznie w sercach milion\u00f3w.<\/p>\n\n\n\n<p>Szczeg\u00f3\u0142y wypadku wci\u0105\u017c s\u0105 ujawniane, ale skutki jego straty s\u0105 ju\u017c odczuwalne w mediach spo\u0142eczno\u015bciowych, a fani dziel\u0105 si\u0119 ho\u0142dami, wspomnieniami i chwilami, kt\u00f3re uczyni\u0142y go niezapomnianym. Jego dziedzictwo b\u0119dzie nadal inspirowa\u0107 pokolenia.<\/p>\n\n\n\n<p>Szczeg\u00f3\u0142y wypadku wci\u0105\u017c s\u0105 ujawniane, ale skutki jego straty s\u0105 ju\u017c odczuwalne w mediach spo\u0142eczno\u015bciowych, a fani dziel\u0105 si\u0119 ho\u0142dami, wspomnieniami i chwilami, kt\u00f3re uczyni\u0142y go niezapomnianym. Jego dziedzictwo b\u0119dzie nadal inspirowa\u0107 pokolenia. TRAGICZNY<\/p>\n","protected":false},"excerpt":{"rendered":"Ukochana gwiazda zgin\u0119\u0142a dzi\u015b rano w tragicznym wypadku samochodowym. Fani na ca\u0142ym \u015bwiecie s\u0105 w szoku i op\u0142akuj\u0105 strat\u0119 kogo\u015b, kto poruszy\u0142 tak \n<a class=\"moretag\" href=\"https:\/\/swiat24.pl.ua\/?p=22732\"> [...]<\/a>","protected":false},"author":1,"featured_media":22733,"comment_status":"open","ping_status":"open","sticky":false,"template":"","format":"standard","meta":{"footnotes":""},"categories":[1],"tags":[],"class_list":["post-22732","post","type-post","status-publish","format-standard","has-post-thumbnail","hentry","category-blog"],"_links":{"self":[{"href":"https:\/\/swiat24.pl.ua\/index.php?rest_route=\/wp\/v2\/posts\/22732","targetHints":{"allow":["GET"]}}],"collection":[{"href":"https:\/\/swiat24.pl.ua\/index.php?rest_route=\/wp\/v2\/posts"}],"about":[{"href":"https:\/\/swiat24.pl.ua\/index.php?rest_route=\/wp\/v2\/types\/post"}],"author":[{"embeddable":true,"href":"https:\/\/swiat24.pl.ua\/index.php?rest_route=\/wp\/v2\/users\/1"}],"replies":[{"embeddable":true,"href":"https:\/\/swiat24.pl.ua\/index.php?rest_route=%2Fwp%2Fv2%2Fcomments&post=22732"}],"version-history":[{"count":1,"href":"https:\/\/swiat24.pl.ua\/index.php?rest_route=\/wp\/v2\/posts\/22732\/revisions"}],"predecessor-version":[{"id":22734,"href":"https:\/\/swiat24.pl.ua\/index.php?rest_route=\/wp\/v2\/posts\/22732\/revisions\/22734"}],"wp:featuredmedia":[{"embeddable":true,"href":"https:\/\/swiat24.pl.ua\/index.php?rest_route=\/wp\/v2\/media\/22733"}],"wp:attachment":[{"href":"https:\/\/swiat24.pl.ua\/index.php?rest_route=%2Fwp%2Fv2%2Fmedia&parent=22732"}],"wp:term":[{"taxonomy":"category","embeddable":true,"href":"https:\/\/swiat24.pl.ua\/index.php?rest_route=%2Fwp%2Fv2%2Fcategories&post=22732"},{"taxonomy":"post_tag","embeddable":true,"href":"https:\/\/swiat24.pl.ua\/index.php?rest_route=%2Fwp%2Fv2%2Ftags&post=22732"}],"curies":[{"name":"wp","href":"https:\/\/api.w.org\/{rel}","templated":true}]}}