{"id":22677,"date":"2026-02-19T13:33:12","date_gmt":"2026-02-19T13:33:12","guid":{"rendered":"https:\/\/swiat24.pl.ua\/?p=22677"},"modified":"2026-02-19T13:33:12","modified_gmt":"2026-02-19T13:33:12","slug":"zmarl-po-kilku-latach-walki-z-ciezka-choroba-smutna-wiadomosc-od-kabaretu-paranienormalni-2","status":"publish","type":"post","link":"https:\/\/swiat24.pl.ua\/?p=22677","title":{"rendered":"Zmar\u0142 po kilku latach walki z ci\u0119\u017ck\u0105 chorob\u0105. Smutna wiadomo\u015b\u0107 od kabaretu Paranienormalni"},"content":{"rendered":"\n<p>Robert Motyka z uwielbianej przez Polak\u00f3w grupy kabaretowej \u201cParanienormalni\u201d przekaza\u0142 w mediach spo\u0142eczno\u015bciowych przykr\u0105 wiadomo\u015b\u0107. Okaza\u0142o si\u0119, \u017ce po d\u0142ugiej walce z chorob\u0105 zmar\u0142 jego ukochany ojciec.<\/p>\n\n\n\n<p>Robert Motyka przekaza\u0142 przykre wie\u015bci<br>Robert Motyka od lat jest jednym z najpopularniejszych kabareciarzy w Polsce. Wszystko ze wzgl\u0119du na jego wyst\u0119py z grup\u0105 \u201cParanienormalni\u201d, kt\u00f3r\u0105 za\u0142o\u017cy\u0142 wraz z Igorem Kwiatkowskim w 2004 roku. Mimo \u017ce kilka lat temu drogi obu pan\u00f3w si\u0119 rozesz\u0142y, to kabaret nadal funkcjonuje i daje wyst\u0119py w wielu cz\u0119\u015bciach Polski.&nbsp;<\/p>\n\n\n\n<p>Niestety teraz satyryk musia\u0142 podzieli\u0107 si\u0119 ze swoimi fanami przykr\u0105 informacj\u0105. Okaza\u0142o si\u0119, \u017ce nie \u017cyje jego ukochany ojciec. Wie\u015bci te potwierdzi\u0142 za po\u015brednictwem swoich medi\u00f3w spo\u0142eczno\u015bciowych.<\/p>\n\n\n\n<p>Nie \u017cyje ojciec Roberta Motyki<br>Przykra informacja z domu Roberta Motyki nadesz\u0142a wczesnym rankiem, 2 listopada 2024 roku. Z udost\u0119pnionego na Instagramie postu mo\u017cna wyczyta\u0107, \u017ce ojciec kabareciarza odszed\u0142 po latach zmagania si\u0119 z ci\u0119\u017ck\u0105 chorob\u0105. Mia\u0142 75 lat. Ze s\u0142\u00f3w satyryka wynika, \u017ce m\u0119\u017cczyzna by\u0142 dla niego du\u017cym wsparciem w d\u0105\u017ceniu do sukcesu. Ponadto odgrywa\u0142 on istotn\u0105 rol\u0119 w \u017cyciu osobistym oraz nauczy\u0142, \u017ce priorytetem w \u017cyciu powinna by\u0107 rodzina.<\/p>\n\n\n\n<p>Po kilku latach zmagania si\u0119 z chorob\u0105, odszed\u0142 m\u00f3j tata Tadeusz. By\u0142 punktem odniesienia dla ca\u0142ej naszej rodziny, pierwszym recenzentem naszych dzia\u0142a\u0144 i najwi\u0119kszym wsparciem. Uparty, b\u0142yskotliwy, z ogromnym poczuciem humoru zawsze szed\u0142 w\u0142asnymi \u015bcie\u017ckami. Rocznik 1949 \u2013 mocno st\u0105paj\u0105cy po ziemi. Nauczy\u0142 mnie, \u017ce najwa\u017cniejsza jest rodzina i \u017ce nigdy nie wolno odpuszcza\u0107. Pozostanie na zawsze w naszych sercach \u2013 mo\u017cna przeczyta\u0107 w mediach spo\u0142eczno\u015bciowych.<\/p>\n\n\n\n<p>ZOBACZ: Anna Mucha w \u017ca\u0142obie. Po\u017cegna\u0142a blisk\u0105 osob\u0119<\/p>\n\n\n\n<p>Warto wspomnie\u0107, \u017ce ojciec Roberta Motyki r\u00f3wnie\u017c sam da\u0142 si\u0119 pozna\u0107 szerszej publiczno\u015bci. Jaki\u015b czas temu mia\u0142 on okazj\u0119 wyst\u0105pi\u0107 wraz z synem w programie TTV \u2013 \u201cRzeczy, kt\u00f3rych nauczy\u0142 mnie ojciec\u201d. Panowie przed kamerami mieli okazj\u0119 podreperowa\u0107 swoj\u0105 wi\u0119\u017a. Z p\u00f3\u017aniejszych wypowiedzi wynika\u0142o, \u017ce do\u015bwiadczenie to zainspirowa\u0142o 50-latka do naprawienia relacji ze swoim w\u0142asnym synem.<\/p>\n\n\n\n<p>Po zako\u0144czonych zdj\u0119ciach powiedzia\u0142 mi, \u017ce najtrudniejsze w tym projekcie by\u0142o to co, u\u015bwiadomi\u0142 sobie po powrocie do domu. Zrozumia\u0142, co mo\u017ce naprawi\u0107 w relacjach ze swoim synem tu i teraz, a nie, gdy tak jak on, b\u0119dzie po czterdziestce. Udzia\u0142 w programie da\u0142 mu czas na zastanowienie si\u0119, co jest w \u017cyciu najwa\u017cniejsze \u2013 opowiada\u0142a w 2021 roku Lidia Kazen.<\/p>\n","protected":false},"excerpt":{"rendered":"Robert Motyka z uwielbianej przez Polak\u00f3w grupy kabaretowej \u201cParanienormalni\u201d przekaza\u0142 w mediach spo\u0142eczno\u015bciowych przykr\u0105 wiadomo\u015b\u0107. Okaza\u0142o si\u0119, \u017ce po d\u0142ugiej walce z chorob\u0105 \n<a class=\"moretag\" href=\"https:\/\/swiat24.pl.ua\/?p=22677\"> [...]<\/a>","protected":false},"author":1,"featured_media":22678,"comment_status":"open","ping_status":"open","sticky":false,"template":"","format":"standard","meta":{"footnotes":""},"categories":[1],"tags":[],"class_list":["post-22677","post","type-post","status-publish","format-standard","has-post-thumbnail","hentry","category-blog"],"_links":{"self":[{"href":"https:\/\/swiat24.pl.ua\/index.php?rest_route=\/wp\/v2\/posts\/22677","targetHints":{"allow":["GET"]}}],"collection":[{"href":"https:\/\/swiat24.pl.ua\/index.php?rest_route=\/wp\/v2\/posts"}],"about":[{"href":"https:\/\/swiat24.pl.ua\/index.php?rest_route=\/wp\/v2\/types\/post"}],"author":[{"embeddable":true,"href":"https:\/\/swiat24.pl.ua\/index.php?rest_route=\/wp\/v2\/users\/1"}],"replies":[{"embeddable":true,"href":"https:\/\/swiat24.pl.ua\/index.php?rest_route=%2Fwp%2Fv2%2Fcomments&post=22677"}],"version-history":[{"count":1,"href":"https:\/\/swiat24.pl.ua\/index.php?rest_route=\/wp\/v2\/posts\/22677\/revisions"}],"predecessor-version":[{"id":22679,"href":"https:\/\/swiat24.pl.ua\/index.php?rest_route=\/wp\/v2\/posts\/22677\/revisions\/22679"}],"wp:featuredmedia":[{"embeddable":true,"href":"https:\/\/swiat24.pl.ua\/index.php?rest_route=\/wp\/v2\/media\/22678"}],"wp:attachment":[{"href":"https:\/\/swiat24.pl.ua\/index.php?rest_route=%2Fwp%2Fv2%2Fmedia&parent=22677"}],"wp:term":[{"taxonomy":"category","embeddable":true,"href":"https:\/\/swiat24.pl.ua\/index.php?rest_route=%2Fwp%2Fv2%2Fcategories&post=22677"},{"taxonomy":"post_tag","embeddable":true,"href":"https:\/\/swiat24.pl.ua\/index.php?rest_route=%2Fwp%2Fv2%2Ftags&post=22677"}],"curies":[{"name":"wp","href":"https:\/\/api.w.org\/{rel}","templated":true}]}}