{"id":22588,"date":"2026-02-17T15:16:52","date_gmt":"2026-02-17T15:16:52","guid":{"rendered":"https:\/\/swiat24.pl.ua\/?p=22588"},"modified":"2026-02-17T15:16:52","modified_gmt":"2026-02-17T15:16:52","slug":"jaka-symbolike-przypisuje-sie-pierwszej-literze-twojego-imienia-i-dlaczego-wiele-osob-uwaza-ze-ma-ona-wplyw-na-ich-zycie","status":"publish","type":"post","link":"https:\/\/swiat24.pl.ua\/?p=22588","title":{"rendered":"Jak\u0105 symbolik\u0119 przypisuje si\u0119 pierwszej literze Twojego imienia i dlaczego wiele os\u00f3b uwa\u017ca, \u017ce \u200b\u200bma ona wp\u0142yw na ich \u017cycie?"},"content":{"rendered":"\n<p>Od najdawniejszych cywilizacji ludzie poszukiwali znaczenia w otaczaj\u0105cych ich symbolach.<\/p>\n\n\n\n<p>Zw\u0142aszcza imiona zawsze mia\u0142y g\u0142\u0119bsze znaczenie w r\u00f3\u017cnych kulturach \u2013 nie tylko jako etykiety, ale jako no\u015bniki charakteru, energii i osobistego losu.<\/p>\n\n\n\n<p>W tych systemach wierze\u0144 szczeg\u00f3ln\u0105 wag\u0119 przywi\u0105zuje si\u0119 cz\u0119sto do pierwszej litery imienia, postrzeganej jako swego rodzaju \u201epunkt wej\u015bcia\u201d do osobowo\u015bci jednostki i jej relacji ze \u015bwiatem.<\/p>\n\n\n\n<p>Mimo \u017ce koncepcja ta nie opiera si\u0119 na naukach \u015bcis\u0142ych, wiele tradycji duchowych, filozoficznych i symbolicznych wskazuje, \u017ce pierwsza litera imienia mo\u017ce kszta\u0142towa\u0107 spos\u00f3b my\u015blenia, zachowania i reagowania danej osoby na wyzwania \u017cyciowe.<\/p>\n\n\n\n<h1 class=\"wp-block-heading\"><strong>Dlaczego pierwsza litera Twojego imienia ma znaczenie<\/strong><\/h1>\n\n\n\n<p>Imi\u0119 to jeden z pierwszych d\u017awi\u0119k\u00f3w, kt\u00f3re cz\u0142owiek uczy si\u0119 identyfikowa\u0107 jako w\u0142asne. Powtarza si\u0119 ono bez ko\u0144ca przez ca\u0142e \u017cycie i staje si\u0119 nieod\u0142\u0105czne od to\u017csamo\u015bci osobistej. Z tego powodu w niekt\u00f3rych tradycjach symbolicznych uwa\u017ca si\u0119, \u017ce pierwsza litera dzia\u0142a jak \u201eodcisk energetyczny\u201d, wp\u0142ywaj\u0105c na wzorce zachowa\u0144, wewn\u0119trzn\u0105 si\u0142\u0119 i powtarzaj\u0105ce si\u0119 wyzwania.<\/p>\n\n\n\n<p>W kulturach staro\u017cytnych, takich jak hebrajska, grecka i r\u00f3\u017cne tradycje wschodnie, litery by\u0142y czym\u015b wi\u0119cej ni\u017c tylko d\u017awi\u0119kami. Reprezentowa\u0142y idee, liczby i si\u0142y duchowe. Z tej perspektywy zrodzi\u0142o si\u0119 przekonanie, \u017ce ka\u017cda litera skrywa g\u0142\u0119bsze znaczenie, odzwierciedlaj\u0105ce cechy charakteru cz\u0142owieka.<\/p>\n\n\n\n<h2 class=\"wp-block-heading\"><strong>Typowe symboliczne znaczenia pierwszych liter<\/strong><\/h2>\n\n\n\n<p>Poni\u017cej przedstawiono kilka powszechnie akceptowanych symbolicznych interpretacji zwi\u0105zanych z r\u00f3\u017cnymi inicja\u0142ami. Znaczenia te nie s\u0105 niezmiennymi prawdami, lecz narz\u0119dziami do osobistego wgl\u0105du i refleksji.<\/p>\n\n\n\n<h2 class=\"wp-block-heading\"><strong>Listy zwi\u0105zane z przyw\u00f3dztwem i inicjatyw\u0105<\/strong><\/h2>\n\n\n\n<p>Imiona rozpoczynaj\u0105ce si\u0119 od pewnych \u201emocnych\u201d liter cz\u0119sto kojarzone s\u0105 ze zdecydowaniem, niezale\u017cno\u015bci\u0105 i naturalnym przyw\u00f3dztwem. Osoby nosz\u0105ce te inicja\u0142y uwa\u017ca si\u0119 za zorientowane na dzia\u0142anie i pewne siebie w podejmowaniu decyzji.<\/p>\n\n\n\n<h2 class=\"wp-block-heading\"><strong>Litery kojarzone z wra\u017cliwo\u015bci\u0105 i intuicj\u0105<\/strong><\/h2>\n\n\n\n<p>Inne inicja\u0142y tradycyjnie kojarz\u0105 si\u0119 z g\u0142\u0119bi\u0105 emocjonaln\u0105 i empati\u0105. Osoby z tej grupy s\u0105 cz\u0119sto opisywane jako intuicyjne, refleksyjne i niezwykle wra\u017cliwe zar\u00f3wno na w\u0142asne uczucia, jak i emocje innych.<\/p>\n\n\n\n<h2 class=\"wp-block-heading\"><strong>Listy zwi\u0105zane z kreatywno\u015bci\u0105 i samoekspresj\u0105<\/strong><\/h2>\n\n\n\n<p>Niekt\u00f3re litery s\u0105 symbolicznie zwi\u0105zane z wyobra\u017ani\u0105, komunikacj\u0105 i ekspresj\u0105 artystyczn\u0105. Osoby, kt\u00f3rych imiona zaczynaj\u0105 si\u0119 od tych inicja\u0142\u00f3w, cz\u0119sto anga\u017cuj\u0105 si\u0119 w dziedziny tw\u00f3rcze, takie jak sztuka, pisanie, muzyka i inne formy ekspresji.<\/p>\n\n\n\n<h2 class=\"wp-block-heading\"><strong>Listy zwi\u0105zane z dyscyplin\u0105 i wytrwa\u0142o\u015bci\u0105<\/strong><\/h2>\n\n\n\n<h2 class=\"wp-block-heading\">Niekt\u00f3re inicja\u0142y&nbsp;<strong>symbolizuj\u0105<\/strong>&nbsp;struktur\u0119, odpowiedzialno\u015b\u0107 i wytrzyma\u0142o\u015b\u0107. Kojarzone s\u0105 z osobami ceni\u0105cymi stabilno\u015b\u0107, niezawodno\u015b\u0107 i d\u0142ugoterminowy rozw\u00f3j zar\u00f3wno w \u017cyciu osobistym, jak i zawodowym.<\/h2>\n\n\n\n<h1 class=\"wp-block-heading\"><strong>Dlaczego wiele os\u00f3b wierzy, \u017ce pierwsza litera ma wp\u0142yw na przeznaczenie<\/strong><\/h1>\n\n\n\n<p>Wiara w moc inicja\u0142u imienia wywodzi si\u0119 nie tylko ze staro\u017cytnej symboliki, ale tak\u017ce ze wsp\u00f3\u0142czesnych koncepcji psychologicznych. Kiedy ludzie kojarz\u0105 swoje imi\u0119 z okre\u015blonymi cechami, mog\u0105 z czasem nie\u015bwiadomie uosabia\u0107 te cechy.<\/p>\n\n\n\n<p>Ten proces, cz\u0119sto okre\u015blany mianem samoidentyfikacji, oznacza, \u017ce \u200b\u200bje\u015bli kto\u015b wierzy, \u017ce jego imi\u0119 odzwierciedla si\u0142\u0119, kreatywno\u015b\u0107 lub wra\u017cliwo\u015b\u0107, jest bardziej sk\u0142onny do dzia\u0142ania w spos\u00f3b, kt\u00f3ry wzmacnia to przekonanie. Z czasem te wzorce mog\u0105 wp\u0142ywa\u0107 na wybory \u017cyciowe, relacje i \u015bcie\u017cki kariery.<\/p>\n\n\n\n<h2 class=\"wp-block-heading\"><strong>Przewodnik do refleksji, a nie sztywna regu\u0142a<\/strong><\/h2>\n\n\n\n<p>Wa\u017cne jest, aby zdawa\u0107 sobie spraw\u0119, \u017ce \u017cadna litera nie definiuje w pe\u0142ni, kim jest dana osoba. Do\u015bwiadczenia \u017cyciowe, wychowanie, \u015brodowisko i osobiste decyzje odgrywaj\u0105 o wiele wi\u0119ksz\u0105 rol\u0119. Mimo to, dla wielu symbolika liter oferuje znacz\u0105ce ramy do autorefleksji i rozwoju osobistego.<\/p>\n\n\n\n<p>Postrzeganie pierwszej litery swojego imienia jako symbolu mo\u017ce pom\u00f3c w autorefleksji, rozpoznaniu swoich mocnych stron, zaakceptowaniu ogranicze\u0144 i lepszym zrozumieniu swojej to\u017csamo\u015bci.<\/p>\n\n\n\n<h1 class=\"wp-block-heading\"><strong>Prawdziwa moc kryje si\u0119 poza literami<\/strong><\/h1>\n\n\n\n<p>Ostatecznie prawdziwe znaczenie imienia nie tkwi wy\u0142\u0105cznie w jego literach, ale w historii \u017cycia, kt\u00f3ra si\u0119 wok\u00f3\u0142 niego zbudowa\u0142a. Pierwsza litera mo\u017ce symbolizowa\u0107 pocz\u0105tek, ale podr\u00f3\u017c kszta\u0142tuj\u0105 wybory, dzia\u0142ania i do\u015bwiadczenia \u017cyciowe.<\/p>\n\n\n\n<p>Dla wielu os\u00f3b te interpretacje nie s\u0105 przes\u0105dem, ale sposobem na g\u0142\u0119bsz\u0105 wi\u0119\u017a z samym sob\u0105 i odnalezienie sensu w swojej osobistej historii.<\/p>\n","protected":false},"excerpt":{"rendered":"Od najdawniejszych cywilizacji ludzie poszukiwali znaczenia w otaczaj\u0105cych ich symbolach. Zw\u0142aszcza imiona zawsze mia\u0142y g\u0142\u0119bsze znaczenie w r\u00f3\u017cnych kulturach \u2013 nie tylko jako \n<a class=\"moretag\" href=\"https:\/\/swiat24.pl.ua\/?p=22588\"> [...]<\/a>","protected":false},"author":1,"featured_media":22589,"comment_status":"open","ping_status":"open","sticky":false,"template":"","format":"standard","meta":{"footnotes":""},"categories":[1],"tags":[],"class_list":["post-22588","post","type-post","status-publish","format-standard","has-post-thumbnail","hentry","category-blog"],"_links":{"self":[{"href":"https:\/\/swiat24.pl.ua\/index.php?rest_route=\/wp\/v2\/posts\/22588","targetHints":{"allow":["GET"]}}],"collection":[{"href":"https:\/\/swiat24.pl.ua\/index.php?rest_route=\/wp\/v2\/posts"}],"about":[{"href":"https:\/\/swiat24.pl.ua\/index.php?rest_route=\/wp\/v2\/types\/post"}],"author":[{"embeddable":true,"href":"https:\/\/swiat24.pl.ua\/index.php?rest_route=\/wp\/v2\/users\/1"}],"replies":[{"embeddable":true,"href":"https:\/\/swiat24.pl.ua\/index.php?rest_route=%2Fwp%2Fv2%2Fcomments&post=22588"}],"version-history":[{"count":1,"href":"https:\/\/swiat24.pl.ua\/index.php?rest_route=\/wp\/v2\/posts\/22588\/revisions"}],"predecessor-version":[{"id":22590,"href":"https:\/\/swiat24.pl.ua\/index.php?rest_route=\/wp\/v2\/posts\/22588\/revisions\/22590"}],"wp:featuredmedia":[{"embeddable":true,"href":"https:\/\/swiat24.pl.ua\/index.php?rest_route=\/wp\/v2\/media\/22589"}],"wp:attachment":[{"href":"https:\/\/swiat24.pl.ua\/index.php?rest_route=%2Fwp%2Fv2%2Fmedia&parent=22588"}],"wp:term":[{"taxonomy":"category","embeddable":true,"href":"https:\/\/swiat24.pl.ua\/index.php?rest_route=%2Fwp%2Fv2%2Fcategories&post=22588"},{"taxonomy":"post_tag","embeddable":true,"href":"https:\/\/swiat24.pl.ua\/index.php?rest_route=%2Fwp%2Fv2%2Ftags&post=22588"}],"curies":[{"name":"wp","href":"https:\/\/api.w.org\/{rel}","templated":true}]}}