{"id":22489,"date":"2026-02-15T16:09:34","date_gmt":"2026-02-15T16:09:34","guid":{"rendered":"https:\/\/swiat24.pl.ua\/?p=22489"},"modified":"2026-02-15T16:09:34","modified_gmt":"2026-02-15T16:09:34","slug":"zmiana-czasu-na-letni-2026-polacy-przestawia-zegarki-wczesniej-co-warto-wiedziec","status":"publish","type":"post","link":"https:\/\/swiat24.pl.ua\/?p=22489","title":{"rendered":"Zmiana czasu na letni 2026 \u2013 Polacy przestawi\u0105 zegarki wcze\u015bniej. Co warto wiedzie\u0107?"},"content":{"rendered":"\n<p>Zmiana czasu na letni w 2026 roku nast\u0105pi wcze\u015bniej ni\u017c w wielu poprzednich latach, co mo\u017ce zaskoczy\u0107 i wp\u0142yn\u0105\u0107 na codzienne plany wielu Polak\u00f3w. Warto zna\u0107 dok\u0142adny termin i skutki tej zmiany, aby lepiej si\u0119 przygotowa\u0107.<\/p>\n\n\n\n<h2 class=\"wp-block-heading\">Zmiana czasu na letni w 2026 roku \u2013 data, kt\u00f3ra zaskakuje<\/h2>\n\n\n\n<p>Zmiana czasu na letni w nadchodz\u0105cym roku nast\u0105pi szybciej, ni\u017c wielu si\u0119 spodziewa\u0142o. Wystarczy jedna noc, by codzienny rytm uleg\u0142 przesuni\u0119ciu, a poranki i wieczory zmieni\u0142y si\u0119 nieodwracalnie. Ten termin mo\u017ce znacz\u0105co wp\u0142yn\u0105\u0107 na plany, sen i obowi\u0105zki, dlatego warto wcze\u015bniej pozna\u0107 kluczowe informacje. W 2026 roku zmiana wypadnie wyj\u0105tkowo wcze\u015bnie, co oznacza kr\u00f3tszy sen i konieczno\u015b\u0107 szybszej reorganizacji dnia.<\/p>\n\n\n\n<h2 class=\"wp-block-heading\">Ruchoma data zmiany czasu na letni \u2013 kalendarzowa niespodzianka<\/h2>\n\n\n\n<p>Przestawianie zegark\u00f3w to coroczna rutyna, kt\u00f3ra dla wielu jest naturalna, ale bywa zaskakuj\u0105ca, gdy data przesuwa si\u0119 wcze\u015bniej lub p\u00f3\u017aniej ni\u017c zwykle. W 2026 roku wiosenne przej\u015bcie na czas letni nast\u0105pi w jednej z najwcze\u015bniejszych mo\u017cliwych dat \u2013 ostatni\u0105 niedziel\u0119 marca, czyli 29 marca. Kalendarz decyduje o dok\u0142adnym dniu: w tym roku uk\u0142ad tygodni sprawia, \u017ce zmiana b\u0119dzie wcze\u015bniejsza ni\u017c np. w 2025 roku.<\/p>\n\n\n\n<p>Dla os\u00f3b z wyjazdami, prac\u0105 zmianow\u0105 czy wa\u017cnymi wydarzeniami rodzinnymi ta r\u00f3\u017cnica mo\u017ce by\u0107 kluczowa. Skr\u00f3cenie snu o godzin\u0119, przesuni\u0119cie rutyny czy zaburzenia biologicznego rytmu realnie wp\u0142ywaj\u0105 na zdrowie i samopoczucie ca\u0142ych rodzin.<\/p>\n\n\n\n<figure class=\"wp-block-image\"><img decoding=\"async\" src=\"https:\/\/bystragrazyna.pl\/wp-content\/uploads\/2026\/02\/169.jpg\" alt=\"obrazek\"\/><\/figure>\n\n\n\n<h2 class=\"wp-block-heading\">Dlaczego przestawiamy zegarki? Regulacje unijne i \u015bwiatowe trendy<\/h2>\n\n\n\n<p>Cho\u0107 zmiana czasu na letni i zimowy to tradycja, wielu wci\u0105\u017c pyta o jej sens. Zgodnie z unijnymi zasadami, czas letni zaczyna si\u0119 w ostatni\u0105 niedziel\u0119 marca, a ko\u0144czy w ostatni\u0105 niedziel\u0119 pa\u017adziernika. System ten optymalizuje wykorzystanie \u015bwiat\u0142a dziennego i zmniejsza zu\u017cycie energii.<\/p>\n\n\n\n<p>Na \u015bwiecie coraz wi\u0119cej kraj\u00f3w rezygnuje z tej praktyki \u2013 a\u017c 60% pa\u0144stw nie zmienia czasu. Przyk\u0142ady to Turcja, Meksyk czy Islandia, kt\u00f3re wybra\u0142y sta\u0142y czas ze wzgl\u0119du na wygod\u0119 i prostot\u0119 \u017cycia codziennego.<\/p>\n\n\n\n<p>W Europie dyskusje trwaj\u0105, ale przepisy zapewniaj\u0105 utrzymanie zmian co najmniej do ko\u0144ca 2026 roku. Oznacza to, \u017ce wiosn\u0105 2026 Polacy po raz kolejny przestawi\u0105 zegarki, cho\u0107 mo\u017ce to by\u0107 ostatni taki sezon.<\/p>\n\n\n\n<h2 class=\"wp-block-heading\">Noc z 28 na 29 marca 2026 \u2013 godzina zmiany czasu i jej skutki<\/h2>\n\n\n\n<p>W 2026 roku zmiana czasu na letni nast\u0105pi w nocy z soboty 28 marca na niedziel\u0119 29 marca. O godzinie 2:00 wskaz\u00f3wki zegara przesuniemy na 3:00, skracaj\u0105c sen o godzin\u0119.<\/p>\n\n\n\n<p>Marzec 2026 ko\u0144czy si\u0119 we wtorek 31 marca, wi\u0119c ostatnia niedziela wypada 29 marca. W poprzednich latach zmiana cz\u0119sto nast\u0119powa\u0142a dzie\u0144 lub dwa p\u00f3\u017aniej, co sprawia, \u017ce w tym roku wyda si\u0119 bardziej nag\u0142a.<\/p>\n\n\n\n<p>Praktyczne konsekwencje to:<\/p>\n\n\n\n<ul class=\"wp-block-list\">\n<li>kr\u00f3tsza noc z soboty na niedziel\u0119,<\/li>\n\n\n\n<li>wcze\u015bniejsze rozpocz\u0119cie dnia wed\u0142ug zegara,<\/li>\n\n\n\n<li>d\u0142u\u017csze i bardziej s\u0142oneczne wieczory.<\/li>\n<\/ul>\n\n\n\n<p>D\u0142u\u017csze popo\u0142udnia sprzyjaj\u0105 aktywno\u015bciom na \u015bwie\u017cym powietrzu, spacerom czy pracom ogrodowym. Naturalne \u015bwiat\u0142o pobudza produkcj\u0119 serotoniny \u2013 hormonu szcz\u0119\u015bcia \u2013 co jest korzystne po zimie.<\/p>\n\n\n\n<p>Zegar biologiczny dostosowuje si\u0119 stopniowo, wi\u0119c nag\u0142e skr\u00f3cenie snu mo\u017ce powodowa\u0107 zm\u0119czenie, rozdra\u017cnienie i problemy z koncentracj\u0105 przez kilka dni.<\/p>\n\n\n\n<h2 class=\"wp-block-heading\">Jak przygotowa\u0107 organizm na zmian\u0119 czasu?<\/h2>\n\n\n\n<p>Specjali\u015bci radz\u0105, by od kilku dni wcze\u015bniej przesuwa\u0107 godzin\u0119 snu o 10\u201315 minut dziennie. W dniu zmiany jak najwcze\u015bniej wychod\u017a na \u015bwiat\u0142o dzienne, by przyspieszy\u0107 adaptacj\u0119.<\/p>\n\n\n\n<blockquote class=\"wp-block-quote is-layout-flow wp-block-quote-is-layout-flow\">\n<p>Cho\u0107 dyskusje o rezygnacji ze zmiany czasu trwaj\u0105, w 2026 roku zegarki przestawimy zgodnie z harmonogramem.<\/p>\n<\/blockquote>\n\n\n\n<p>Wiosenna noc b\u0119dzie kr\u00f3tsza, ale zyskamy d\u0142u\u017csze, ja\u015bniejsze wieczory \u2013 symbol pocz\u0105tku cieplejszej, aktywnej pory roku.<\/p>\n","protected":false},"excerpt":{"rendered":"Zmiana czasu na letni w 2026 roku nast\u0105pi wcze\u015bniej ni\u017c w wielu poprzednich latach, co mo\u017ce zaskoczy\u0107 i wp\u0142yn\u0105\u0107 na codzienne plany wielu \n<a class=\"moretag\" href=\"https:\/\/swiat24.pl.ua\/?p=22489\"> [...]<\/a>","protected":false},"author":1,"featured_media":22490,"comment_status":"open","ping_status":"open","sticky":false,"template":"","format":"standard","meta":{"footnotes":""},"categories":[1],"tags":[],"class_list":["post-22489","post","type-post","status-publish","format-standard","has-post-thumbnail","hentry","category-blog"],"_links":{"self":[{"href":"https:\/\/swiat24.pl.ua\/index.php?rest_route=\/wp\/v2\/posts\/22489","targetHints":{"allow":["GET"]}}],"collection":[{"href":"https:\/\/swiat24.pl.ua\/index.php?rest_route=\/wp\/v2\/posts"}],"about":[{"href":"https:\/\/swiat24.pl.ua\/index.php?rest_route=\/wp\/v2\/types\/post"}],"author":[{"embeddable":true,"href":"https:\/\/swiat24.pl.ua\/index.php?rest_route=\/wp\/v2\/users\/1"}],"replies":[{"embeddable":true,"href":"https:\/\/swiat24.pl.ua\/index.php?rest_route=%2Fwp%2Fv2%2Fcomments&post=22489"}],"version-history":[{"count":1,"href":"https:\/\/swiat24.pl.ua\/index.php?rest_route=\/wp\/v2\/posts\/22489\/revisions"}],"predecessor-version":[{"id":22491,"href":"https:\/\/swiat24.pl.ua\/index.php?rest_route=\/wp\/v2\/posts\/22489\/revisions\/22491"}],"wp:featuredmedia":[{"embeddable":true,"href":"https:\/\/swiat24.pl.ua\/index.php?rest_route=\/wp\/v2\/media\/22490"}],"wp:attachment":[{"href":"https:\/\/swiat24.pl.ua\/index.php?rest_route=%2Fwp%2Fv2%2Fmedia&parent=22489"}],"wp:term":[{"taxonomy":"category","embeddable":true,"href":"https:\/\/swiat24.pl.ua\/index.php?rest_route=%2Fwp%2Fv2%2Fcategories&post=22489"},{"taxonomy":"post_tag","embeddable":true,"href":"https:\/\/swiat24.pl.ua\/index.php?rest_route=%2Fwp%2Fv2%2Ftags&post=22489"}],"curies":[{"name":"wp","href":"https:\/\/api.w.org\/{rel}","templated":true}]}}