{"id":22287,"date":"2026-02-11T21:18:09","date_gmt":"2026-02-11T21:18:09","guid":{"rendered":"https:\/\/swiat24.pl.ua\/?p=22287"},"modified":"2026-02-11T21:18:09","modified_gmt":"2026-02-11T21:18:09","slug":"tusk-oglosil-pilna-decyzje-dotyczaca-polski","status":"publish","type":"post","link":"https:\/\/swiat24.pl.ua\/?p=22287","title":{"rendered":"Tusk og\u0142osi\u0142 piln\u0105 decyzj\u0119 dotycz\u0105c\u0105 Polski!"},"content":{"rendered":"\n<p>Premier Donald Tusk poinformowa\u0142 11 lutego 2026 roku, \u017ce Polska nie przyst\u0105pi obecnie do prac nowo powo\u0142anej Rady Pokoju.<\/p>\n\n\n\n<p>Decyzja zapad\u0142a mimo zaproszenia skierowanego do szefa rz\u0105du lub prezydenta na inauguracj\u0119 planowan\u0105 19 lutego w Stanach Zjednoczonych.<\/p>\n\n\n\n<p>Rz\u0105d zapowiedzia\u0142 jednocze\u015bnie, \u017ce w przysz\u0142o\u015bci mo\u017cliwa jest ponowna analiza stanowiska.<\/p>\n\n\n\n<p>Informacja zosta\u0142a przekazana jeszcze przed posiedzeniem Rady Bezpiecze\u0144stwa Narodowego.<\/p>\n\n\n\n<p>Premier wyja\u015bni\u0142, \u017ce zaproszenie trafi\u0142o do polskiej plac\u00f3wki dyplomatycznej w Waszyngtonie i by\u0142o formalnie otwarte.<\/p>\n\n\n\n<p>Po przeanalizowaniu dokument\u00f3w oraz za\u0142o\u017ce\u0144 projektu zdecydowano jednak o rezygnacji z udzia\u0142u na tym etapie.<\/p>\n\n\n\n<p>Szef rz\u0105du podkre\u015bli\u0142, \u017ce decyzja nie ma charakteru ostatecznego.<\/p>\n\n\n\n<p>W\u0105tpliwo\u015bci strony polskiej dotycz\u0105 przede wszystkim statusu instytucjonalnego Rady Pokoju.<\/p>\n\n\n\n<p>Zastrze\u017cenia budzi tak\u017ce zakres jej kompetencji oraz odpowiedzialno\u015b\u0107 pa\u0144stw uczestnicz\u0105cych.<\/p>\n\n\n\n<p>Rz\u0105d zwraca uwag\u0119 na kwestie ustrojowe oraz cele inicjatywy.<\/p>\n\n\n\n<p>Jednym z analizowanych element\u00f3w by\u0142a planowana odbudowa Strefy Gazy.<\/p>\n\n\n\n<p>Premier zaznaczy\u0142, \u017ce Polska musi kierowa\u0107 si\u0119 w\u0142asn\u0105 ocen\u0105 sytuacji mi\u0119dzynarodowej.<\/p>\n\n\n\n<p>Zaproszenie pozostaje aktualne, lecz decyzja wymaga uwzgl\u0119dnienia interesu pa\u0144stwa.<\/p>\n\n\n\n<p>W przypadku udzia\u0142u prezydenta Karol Nawrocki w lutowym spotkaniu rz\u0105d przeka\u017ce mu pe\u0142ne materia\u0142y analityczne.<\/p>\n\n\n\n<p>Szef rz\u0105du podkre\u015bli\u0142 r\u00f3wnie\u017c, \u017ce decyzja nie wp\u0142ywa na strategiczne relacje z USA.<\/p>\n\n\n\n<p>Wsp\u00f3\u0142praca ze Stanami Zjednoczonymi pozostaje jednym z filar\u00f3w polskiej polityki zagranicznej.<\/p>\n\n\n\n<p>Na czele Rady Pokoju ma stan\u0105\u0107 prezydent USA Donald Trump.<\/p>\n\n\n\n<p>Inicjatywa ma koncentrowa\u0107 si\u0119 na dzia\u0142aniach stabilizacyjnych oraz procesach odbudowy.<\/p>\n\n\n\n<p>Warszawa deklaruje, \u017ce b\u0119dzie uwa\u017cnie obserwowa\u0107 rozw\u00f3j projektu.<\/p>\n\n\n\n<p>Je\u015bli zmieni\u0105 si\u0119 zasady funkcjonowania Rady, temat mo\u017ce wr\u00f3ci\u0107 do rozm\u00f3w.<\/p>\n\n\n\n<p>Na obecnym etapie rz\u0105d uzna\u0142 jednak, \u017ce udzia\u0142 w inicjatywie nie jest zgodny z aktualnym stanowiskiem Polski.<\/p>\n","protected":false},"excerpt":{"rendered":"Premier Donald Tusk poinformowa\u0142 11 lutego 2026 roku, \u017ce Polska nie przyst\u0105pi obecnie do prac nowo powo\u0142anej Rady Pokoju. Decyzja zapad\u0142a mimo zaproszenia \n<a class=\"moretag\" href=\"https:\/\/swiat24.pl.ua\/?p=22287\"> [...]<\/a>","protected":false},"author":1,"featured_media":22288,"comment_status":"open","ping_status":"open","sticky":false,"template":"","format":"standard","meta":{"footnotes":""},"categories":[1],"tags":[],"class_list":["post-22287","post","type-post","status-publish","format-standard","has-post-thumbnail","hentry","category-blog"],"_links":{"self":[{"href":"https:\/\/swiat24.pl.ua\/index.php?rest_route=\/wp\/v2\/posts\/22287","targetHints":{"allow":["GET"]}}],"collection":[{"href":"https:\/\/swiat24.pl.ua\/index.php?rest_route=\/wp\/v2\/posts"}],"about":[{"href":"https:\/\/swiat24.pl.ua\/index.php?rest_route=\/wp\/v2\/types\/post"}],"author":[{"embeddable":true,"href":"https:\/\/swiat24.pl.ua\/index.php?rest_route=\/wp\/v2\/users\/1"}],"replies":[{"embeddable":true,"href":"https:\/\/swiat24.pl.ua\/index.php?rest_route=%2Fwp%2Fv2%2Fcomments&post=22287"}],"version-history":[{"count":1,"href":"https:\/\/swiat24.pl.ua\/index.php?rest_route=\/wp\/v2\/posts\/22287\/revisions"}],"predecessor-version":[{"id":22289,"href":"https:\/\/swiat24.pl.ua\/index.php?rest_route=\/wp\/v2\/posts\/22287\/revisions\/22289"}],"wp:featuredmedia":[{"embeddable":true,"href":"https:\/\/swiat24.pl.ua\/index.php?rest_route=\/wp\/v2\/media\/22288"}],"wp:attachment":[{"href":"https:\/\/swiat24.pl.ua\/index.php?rest_route=%2Fwp%2Fv2%2Fmedia&parent=22287"}],"wp:term":[{"taxonomy":"category","embeddable":true,"href":"https:\/\/swiat24.pl.ua\/index.php?rest_route=%2Fwp%2Fv2%2Fcategories&post=22287"},{"taxonomy":"post_tag","embeddable":true,"href":"https:\/\/swiat24.pl.ua\/index.php?rest_route=%2Fwp%2Fv2%2Ftags&post=22287"}],"curies":[{"name":"wp","href":"https:\/\/api.w.org\/{rel}","templated":true}]}}