{"id":22284,"date":"2026-02-11T21:15:56","date_gmt":"2026-02-11T21:15:56","guid":{"rendered":"https:\/\/swiat24.pl.ua\/?p=22284"},"modified":"2026-02-11T21:15:56","modified_gmt":"2026-02-11T21:15:56","slug":"to-powiedzial-nawrocki-o-czarzastym-na-rbn","status":"publish","type":"post","link":"https:\/\/swiat24.pl.ua\/?p=22284","title":{"rendered":"To powiedzia\u0142 Nawrocki o Czarzastym na RBN"},"content":{"rendered":"\n<p>W \u015brod\u0119 odby\u0142o si\u0119 posiedzenie Rada Bezpiecze\u0144stwa Narodowego w wyra\u017anie napi\u0119tej atmosferze.<\/p>\n\n\n\n<p>Jeszcze przed rozpocz\u0119ciem obrad prezydent Karol Nawrocki zapowiedzia\u0142, \u017ce poruszy kwesti\u0119 dotycz\u0105c\u0105 jednej z najwa\u017cniejszych os\u00f3b w pa\u0144stwie.<\/p>\n\n\n\n<p>Zapowied\u017a natychmiast wywo\u0142a\u0142a polityczne reakcje i o\u017cywi\u0142a debat\u0119 o standardach bezpiecze\u0144stwa na najwy\u017cszym szczeblu w\u0142adzy.<\/p>\n\n\n\n<p>Jednym z g\u0142\u00f3wnych temat\u00f3w mia\u0142y by\u0107 wschodnie kontakty towarzysko-biznesowe marsza\u0142ka Sejmu W\u0142odzimierz Czarzasty.<\/p>\n\n\n\n<p>Prezydent zapowiedzia\u0142 wyja\u015bnienie wszelkich okoliczno\u015bci zwi\u0105zanych z tymi relacjami.<\/p>\n\n\n\n<p>Spos\u00f3b sformu\u0142owania sprawy wskazywa\u0142, \u017ce traktuje j\u0105 jako powa\u017cn\u0105 i wymagaj\u0105c\u0105 analizy instytucjonalnej.<\/p>\n\n\n\n<p>Przed kamerami prezydent wyja\u015bni\u0142, \u017ce chodzi o zachowanie standard\u00f3w bezpiecze\u0144stwa pa\u0144stwa.<\/p>\n\n\n\n<p>W jego ocenie ka\u017cda informacja budz\u0105ca w\u0105tpliwo\u015bci, zw\u0142aszcza dotycz\u0105ca relacji z obywatelami Federacji Rosyjskiej lub podmiotami z ni\u0105 powi\u0105zanymi, powinna zosta\u0107 sprawdzona.<\/p>\n\n\n\n<p>Podkre\u015bli\u0142, \u017ce nie jest to element bie\u017c\u0105cego sporu politycznego, lecz kwestia procedur.<\/p>\n\n\n\n<p>Prezydent wskaza\u0142, \u017ce pa\u0144stwo ma obowi\u0105zek dzia\u0142a\u0107 prewencyjnie.<\/p>\n\n\n\n<p>Jako przyk\u0142ad zagro\u017ce\u0144 poda\u0142 spraw\u0119 rosyjskiego agenta Rubcowa.<\/p>\n\n\n\n<p>Zaznaczy\u0142, \u017ce operacje wp\u0142ywu cz\u0119sto maj\u0105 pozornie zwyczajny charakter i nie przypominaj\u0105 filmowych scen szpiegowskich.<\/p>\n\n\n\n<p>W dalszej cz\u0119\u015bci wyst\u0105pienia przypomnia\u0142 konstytucyjn\u0105 rol\u0119 marsza\u0142ka Sejmu.<\/p>\n\n\n\n<p>Zgodnie z ustaw\u0105 zasadnicz\u0105 to w\u0142a\u015bnie marsza\u0142ek przejmuje obowi\u0105zki g\u0142owy pa\u0144stwa w razie niemo\u017cno\u015bci ich wykonywania przez prezydenta.<\/p>\n\n\n\n<p>Oznacza to, \u017ce funkcja ta ma charakter ustrojowy i wi\u0105\u017ce si\u0119 z ci\u0105g\u0142o\u015bci\u0105 w\u0142adzy.<\/p>\n\n\n\n<p>Prezydent zwr\u00f3ci\u0142 uwag\u0119, \u017ce w warunkach wojny i realnych zagro\u017ce\u0144 nie mo\u017cna ignorowa\u0107 \u017cadnych niejasno\u015bci.<\/p>\n\n\n\n<p>Szczeg\u00f3lnie dotyczy to os\u00f3b stoj\u0105cych wysoko w hierarchii pa\u0144stwowej.<\/p>\n\n\n\n<p>W jego ocenie kluczowe jest ustalenie, czy marsza\u0142ek posiada dost\u0119p do informacji o najwy\u017cszej klauzuli tajno\u015bci.<\/p>\n\n\n\n<p>Zapowiedzia\u0142, \u017ce sprawa zostanie rozpatrzona w ramach procedur w\u0142a\u015bciwych dla RBN.<\/p>\n\n\n\n<p>Zaznaczy\u0142, \u017ce nie chodzi o publiczne os\u0105dzanie, lecz o rzetelne sprawdzenie fakt\u00f3w.<\/p>\n\n\n\n<p>Podkre\u015bli\u0142 r\u00f3wnie\u017c, \u017ce jako prezydent czuje si\u0119 zobowi\u0105zany do pilnowania standard\u00f3w bezpiecze\u0144stwa.<\/p>\n\n\n\n<p>Wed\u0142ug jego s\u0142\u00f3w opinia publiczna ma prawo oczekiwa\u0107 jasnych odpowiedzi.<\/p>\n\n\n\n<p>W sytuacji, gdy w gr\u0119 wchodzi bezpiecze\u0144stwo pa\u0144stwa i konstytucyjna ci\u0105g\u0142o\u015b\u0107 w\u0142adzy, nie powinno by\u0107 miejsca na niedopowiedzenia.<\/p>\n","protected":false},"excerpt":{"rendered":"W \u015brod\u0119 odby\u0142o si\u0119 posiedzenie Rada Bezpiecze\u0144stwa Narodowego w wyra\u017anie napi\u0119tej atmosferze. Jeszcze przed rozpocz\u0119ciem obrad prezydent Karol Nawrocki zapowiedzia\u0142, \u017ce poruszy kwesti\u0119 \n<a class=\"moretag\" href=\"https:\/\/swiat24.pl.ua\/?p=22284\"> [...]<\/a>","protected":false},"author":1,"featured_media":22285,"comment_status":"open","ping_status":"open","sticky":false,"template":"","format":"standard","meta":{"footnotes":""},"categories":[1],"tags":[],"class_list":["post-22284","post","type-post","status-publish","format-standard","has-post-thumbnail","hentry","category-blog"],"_links":{"self":[{"href":"https:\/\/swiat24.pl.ua\/index.php?rest_route=\/wp\/v2\/posts\/22284","targetHints":{"allow":["GET"]}}],"collection":[{"href":"https:\/\/swiat24.pl.ua\/index.php?rest_route=\/wp\/v2\/posts"}],"about":[{"href":"https:\/\/swiat24.pl.ua\/index.php?rest_route=\/wp\/v2\/types\/post"}],"author":[{"embeddable":true,"href":"https:\/\/swiat24.pl.ua\/index.php?rest_route=\/wp\/v2\/users\/1"}],"replies":[{"embeddable":true,"href":"https:\/\/swiat24.pl.ua\/index.php?rest_route=%2Fwp%2Fv2%2Fcomments&post=22284"}],"version-history":[{"count":1,"href":"https:\/\/swiat24.pl.ua\/index.php?rest_route=\/wp\/v2\/posts\/22284\/revisions"}],"predecessor-version":[{"id":22286,"href":"https:\/\/swiat24.pl.ua\/index.php?rest_route=\/wp\/v2\/posts\/22284\/revisions\/22286"}],"wp:featuredmedia":[{"embeddable":true,"href":"https:\/\/swiat24.pl.ua\/index.php?rest_route=\/wp\/v2\/media\/22285"}],"wp:attachment":[{"href":"https:\/\/swiat24.pl.ua\/index.php?rest_route=%2Fwp%2Fv2%2Fmedia&parent=22284"}],"wp:term":[{"taxonomy":"category","embeddable":true,"href":"https:\/\/swiat24.pl.ua\/index.php?rest_route=%2Fwp%2Fv2%2Fcategories&post=22284"},{"taxonomy":"post_tag","embeddable":true,"href":"https:\/\/swiat24.pl.ua\/index.php?rest_route=%2Fwp%2Fv2%2Ftags&post=22284"}],"curies":[{"name":"wp","href":"https:\/\/api.w.org\/{rel}","templated":true}]}}