{"id":22257,"date":"2026-02-11T14:00:15","date_gmt":"2026-02-11T14:00:15","guid":{"rendered":"https:\/\/swiat24.pl.ua\/?p=22257"},"modified":"2026-02-11T14:00:15","modified_gmt":"2026-02-11T14:00:15","slug":"jaroslaw-kaczynski-w-zalobie-przekazal-lamiace-wiesci-2","status":"publish","type":"post","link":"https:\/\/swiat24.pl.ua\/?p=22257","title":{"rendered":"Jaros\u0142aw Kaczy\u0144ski w \u017ca\u0142obie. Przekaza\u0142 \u0142ami\u0105ce wie\u015bci"},"content":{"rendered":"\n<p>Publiczne po\u017cegnania ze strony Jaros\u0142awa Kaczy\u0144skiego zdarzaj\u0105 si\u0119 niezwykle rzadko, dlatego jego najnowszy wpis szybko przyku\u0142 uwag\u0119. <\/p>\n\n\n\n<p>Prezes Prawa i Sprawiedliwo\u015bci odni\u00f3s\u0142 si\u0119 w nim do \u015bmierci wybitnego malarza, podkre\u015blaj\u0105c warto\u015b\u0107 jego tw\u00f3rczo\u015bci oraz ogromne znaczenie dla polskiej kultury i najnowszej historii. <\/p>\n\n\n\n<p>Mimo szczerych intencji podzi\u0119kowania dla artysty, komentarze odbiorc\u00f3w okaza\u0142y si\u0119 podzielone, wywo\u0142uj\u0105c \u017cyw\u0105 dyskusj\u0119.<\/p>\n\n\n\n<h2 class=\"wp-block-heading\">Dlaczego wpis Kaczy\u0144skiego wywo\u0142a\u0142 kontrowersje?<\/h2>\n\n\n\n<p>Jaros\u0142aw Kaczy\u0144ski rzadko dzieli si\u0119 osobistymi refleksjami na temat os\u00f3b ze \u015bwiata kultury, dlatego wzmianka o Zbigniewie Macieju Dowgia\u0142\u0142o na platformie X natychmiast zwr\u00f3ci\u0142a uwag\u0119 u\u017cytkownik\u00f3w. Artysta by\u0142 silnie zwi\u0105zany z opozycyjnym ruchem antykomunistycznym, co dodatkowo uwypukli\u0142o znaczenie wpisu prezesa PiS. Publikacja pojawi\u0142a si\u0119 kilka dni po \u015bmierci malarza, staj\u0105c si\u0119 dla wielu internaut\u00f3w punktem zapalnym spor\u00f3w.<\/p>\n\n\n\n<p>Pod postem szybko pojawi\u0142y si\u0119 setki komentarzy \u2013 jedni chwalili gest Kaczy\u0144skiego, akcentuj\u0105c rol\u0119 i dorobek zmar\u0142ego artysty, inni krytykowali moment publikacji. Dyskusje w mediach spo\u0142eczno\u015bciowych miesza\u0142y wsp\u00f3\u0142czucie z ironi\u0105 oraz ostr\u0105 krytyk\u0105, cz\u0119sto skierowan\u0105 nie wobec artysty, lecz wobec autora wpisu.<\/p>\n\n\n\n<figure class=\"wp-block-image\"><img decoding=\"async\" src=\"https:\/\/czu.pl\/wp-content\/uploads\/2026\/02\/108.jpg\" alt=\"obrazek\"\/><\/figure>\n\n\n\n<h2 class=\"wp-block-heading\">\u017begnaj\u0105c Zbigniewa Macieja Dowgia\u0142\u0142o \u2013 wspomnienie Galerii Miejskiej we Wroc\u0142awiu<\/h2>\n\n\n\n<p>Oficjalne informacje o \u015bmierci Zbigniewa Macieja Dowgia\u0142\u0142o pojawi\u0142y si\u0119 6 lutego, gdy Galeria Miejska we Wroc\u0142awiu opublikowa\u0142a w mediach spo\u0142eczno\u015bciowych poruszaj\u0105cy wpis. Plac\u00f3wka przypomnia\u0142a o niezwyk\u0142ym dorobku artystycznym malarza, jego bezkompromisowej postawie i charakterystycznym stylu tw\u00f3rczym.<\/p>\n\n\n\n<blockquote class=\"wp-block-quote is-layout-flow wp-block-quote-is-layout-flow\">\n<p>\u201eNiczym objawiona b\u0142yskawica, Zbigniew Maciej Dowgia\u0142\u0142o razi\u0142 jasno i bezwzgl\u0119dnie, bawi\u0105c, bulwersuj\u0105c, prowokuj\u0105c, punktuj\u0105c i konfrontuj\u0105c. Bezkompromisowy od pocz\u0105tku swoich artystycznych dzia\u0142a\u0144, zar\u00f3wno w ramach Nowej Ekspresji, jak i w\u0142asnego realizmu sublimacyjnego, Dowgia\u0142\u0142o by\u0142 barwnym artyst\u0105 pod wieloma wzgl\u0119dami. Pisa\u0142, parafrazuj\u0105c Zanussiego: &#8216;arty\u015bci nie l\u0119kajcie si\u0119\u2026 uczy\u0144cie ze swojego \u017cycia arcydzie\u0142o\u2019 i wed\u0142ug tego motta \u017cy\u0142, naucza\u0142 i tworzy\u0142.<\/p>\n\n\n\n<p>Cho\u0107 fizycznie odszed\u0142 od nas 3 lutego 2026 roku, jego jowialny u\u015bmiech i b\u0142ysk w oku nadal pozostaj\u0105 w obrazach, obok kt\u00f3rych nie da si\u0119 przej\u015b\u0107 oboj\u0119tnie.\u201d<\/p>\n<\/blockquote>\n\n\n\n<p>Galeria zaznaczy\u0142a, \u017ce \u015bmier\u0107 malarza by\u0142a du\u017cym ciosem dla \u015brodowiska artystycznego. Mimo odej\u015bcia, jego wyj\u0105tkowa obecno\u015b\u0107 w sztuce pozostaje silna i wci\u0105\u017c inspiruje widz\u00f3w.<\/p>\n\n\n\n<h2 class=\"wp-block-heading\">Reakcje internaut\u00f3w na s\u0142owa Jaros\u0142awa Kaczy\u0144skiego<\/h2>\n\n\n\n<p>Kilka dni po informacji o \u015bmierci Dowgia\u0142\u0142o prezes PiS podzieli\u0142 si\u0119 na platformie X smutn\u0105 wiadomo\u015bci\u0105:<\/p>\n\n\n\n<blockquote class=\"wp-block-quote is-layout-flow wp-block-quote-is-layout-flow\">\n<p>\u201eNie \u017cyje Zbigniew Maciej Dowgia\u0142\u0142o. Odszed\u0142 przedwcze\u015bnie, mia\u0142 65 lat. Polska kultura straci\u0142a wybitnego malarza, artyst\u0119 i cz\u0142owieka zaanga\u017cowanego w spo\u0142eczny zryw antykomunistyczny. Niezwykle warto\u015bciowy i inspiruj\u0105cy dla kolejnych pokole\u0144. Szczere kondolencje i wyrazy wsp\u00f3\u0142czucia dla rodziny oraz najbli\u017cszych.\u201d<\/p>\n<\/blockquote>\n\n\n\n<p>W wpisie Kaczy\u0144ski mocno zaakcentowa\u0142 zar\u00f3wno dorobek artystyczny zmar\u0142ego, jak i jego zaanga\u017cowanie spo\u0142eczne w czasach PRL. Jednak termin publikacji wzbudzi\u0142 krytyk\u0119 cz\u0119\u015bci internaut\u00f3w, kt\u00f3rzy kwestionowali szybko\u015b\u0107 reakcji prezesa.<\/p>\n\n\n\n<blockquote class=\"wp-block-quote is-layout-flow wp-block-quote-is-layout-flow\">\n<p>\u201ePan Zbigniew zmar\u0142 dwa dni temu. Refleks szachisty, Fogiel. Albo ju\u017c nie masz pomys\u0142u, jak rozbucha\u0107 konto swego pana.\u201d<\/p>\n<\/blockquote>\n\n\n\n<p>Nie brakowa\u0142o ironicznych komentarzy, krytykuj\u0105cych spos\u00f3b komunikacji bardziej ni\u017c samego artyst\u0119.<\/p>\n\n\n\n<blockquote class=\"wp-block-quote is-layout-flow wp-block-quote-is-layout-flow\">\n<p>\u201eAle niewa\u017cne, kiedy zmar\u0142, wa\u017cne, kiedy Jarek uwa\u017ca, \u017ce zmar\u0142. Prawo to Jarek, Jarek to prawo.\u201d<\/p>\n<\/blockquote>\n\n\n\n<p>Obok tych opinii pojawi\u0142y si\u0119 g\u0142osy pe\u0142ne szczerego smutku i wdzi\u0119czno\u015bci za przypomnienie osoby Dowgia\u0142\u0142o. Dla wielu najwa\u017cniejsze by\u0142o uhonorowanie malarza i podkre\u015blenie jego roli w kulturze, bez wzgl\u0119du na moment publicznego po\u017cegnania.<\/p>\n\n\n\n<blockquote class=\"wp-block-quote is-layout-flow wp-block-quote-is-layout-flow\">\n<p>Nie \u017cyje Zbigniew Maciej Dowgia\u0142\u0142o. Odszed\u0142 przedwcze\u015bnie, mia\u0142 65 lat. Polska kultura straci\u0142a wybitnego malarza, artyst\u0119 i cz\u0142owieka zaanga\u017cowanego w spo\u0142eczny zryw antykomunistyczny. Niezwykle warto\u015bciowy i inspiruj\u0105cy dla kolejnych pokole\u0144. Szczere kondolencje i wyrazy\u2026<\/p>\n\n\n\n<p>\u2014 Jaros\u0142aw Kaczy\u0144ski (@OficjalnyJK)&nbsp;<a href=\"https:\/\/twitter.com\/OficjalnyJK\/status\/2020571248992932058?ref_src=twsrc%5Etfw\">8 lutego 2026<\/a><\/p>\n<\/blockquote>\n","protected":false},"excerpt":{"rendered":"Publiczne po\u017cegnania ze strony Jaros\u0142awa Kaczy\u0144skiego zdarzaj\u0105 si\u0119 niezwykle rzadko, dlatego jego najnowszy wpis szybko przyku\u0142 uwag\u0119. Prezes Prawa i Sprawiedliwo\u015bci odni\u00f3s\u0142 si\u0119 \n<a class=\"moretag\" href=\"https:\/\/swiat24.pl.ua\/?p=22257\"> [...]<\/a>","protected":false},"author":1,"featured_media":22258,"comment_status":"open","ping_status":"open","sticky":false,"template":"","format":"standard","meta":{"footnotes":""},"categories":[1],"tags":[],"class_list":["post-22257","post","type-post","status-publish","format-standard","has-post-thumbnail","hentry","category-blog"],"_links":{"self":[{"href":"https:\/\/swiat24.pl.ua\/index.php?rest_route=\/wp\/v2\/posts\/22257","targetHints":{"allow":["GET"]}}],"collection":[{"href":"https:\/\/swiat24.pl.ua\/index.php?rest_route=\/wp\/v2\/posts"}],"about":[{"href":"https:\/\/swiat24.pl.ua\/index.php?rest_route=\/wp\/v2\/types\/post"}],"author":[{"embeddable":true,"href":"https:\/\/swiat24.pl.ua\/index.php?rest_route=\/wp\/v2\/users\/1"}],"replies":[{"embeddable":true,"href":"https:\/\/swiat24.pl.ua\/index.php?rest_route=%2Fwp%2Fv2%2Fcomments&post=22257"}],"version-history":[{"count":1,"href":"https:\/\/swiat24.pl.ua\/index.php?rest_route=\/wp\/v2\/posts\/22257\/revisions"}],"predecessor-version":[{"id":22259,"href":"https:\/\/swiat24.pl.ua\/index.php?rest_route=\/wp\/v2\/posts\/22257\/revisions\/22259"}],"wp:featuredmedia":[{"embeddable":true,"href":"https:\/\/swiat24.pl.ua\/index.php?rest_route=\/wp\/v2\/media\/22258"}],"wp:attachment":[{"href":"https:\/\/swiat24.pl.ua\/index.php?rest_route=%2Fwp%2Fv2%2Fmedia&parent=22257"}],"wp:term":[{"taxonomy":"category","embeddable":true,"href":"https:\/\/swiat24.pl.ua\/index.php?rest_route=%2Fwp%2Fv2%2Fcategories&post=22257"},{"taxonomy":"post_tag","embeddable":true,"href":"https:\/\/swiat24.pl.ua\/index.php?rest_route=%2Fwp%2Fv2%2Ftags&post=22257"}],"curies":[{"name":"wp","href":"https:\/\/api.w.org\/{rel}","templated":true}]}}