{"id":22250,"date":"2026-02-11T13:56:00","date_gmt":"2026-02-11T13:56:00","guid":{"rendered":"https:\/\/swiat24.pl.ua\/?p=22250"},"modified":"2026-02-11T13:56:00","modified_gmt":"2026-02-11T13:56:00","slug":"bylo-po-1200-kiedy-tusk-oglosil-polska-nie-przystapi-do-rady-pokoju","status":"publish","type":"post","link":"https:\/\/swiat24.pl.ua\/?p=22250","title":{"rendered":"By\u0142o po 12:00, kiedy Tusk og\u0142osi\u0142. Polska nie przyst\u0105pi do Rady Pokoju?"},"content":{"rendered":"\n<p>Premier Donald Tusk og\u0142osi\u0142 w \u015brod\u0119, 11 lutego 2026 r., \u017ce Polska nie przyst\u0105pi do prac nowo powo\u0142anej Rady Pokoju w obecnych okoliczno\u015bciach \u2013 mimo zaproszenia skierowanego do polskiego premiera lub prezydenta na inauguracj\u0119 jej dzia\u0142a\u0144 19 lutego w Stanach Zjednoczonych. <\/p>\n\n\n\n<p>Jednocze\u015bnie rz\u0105d zapowiada dalsz\u0105 analiz\u0119 mo\u017cliwo\u015bci udzia\u0142u w przysz\u0142o\u015bci.<\/p>\n\n\n\n<p>Decyzja zapad\u0142a przed posiedzeniem RBN<br>Zastrze\u017cenia Tuska i komunikat do Nawrockiego<br>Relacje z USA i mo\u017cliwy powr\u00f3t do rozm\u00f3w<br>Decyzja zapad\u0142a przed posiedzeniem RBN<\/p>\n\n\n\n<p><br>Premier Donald Tusk og\u0142osi\u0142, \u017ce Polska nie b\u0119dzie uczestniczy\u0107 w Radzie Pokoju. Jak wyja\u015bni\u0142, Polska zosta\u0142a oficjalnie zaproszona do udzia\u0142u w inauguracji Rady Pokoju, kt\u00f3ra ma odby\u0107 si\u0119 19 lutego w Stanach Zjednoczonych. Zaproszenie trafi\u0142o do polskiego charg\u00e9 d\u2019affaires w Waszyngtonie Bogdana Klicha i by\u0142o adresowane do premiera lub prezydenta RP.<\/p>\n\n\n\n<p>Szef rz\u0105du zaznaczy\u0142 jednak, \u017ce po analizie dokument\u00f3w i za\u0142o\u017ce\u0144 projektu zapad\u0142a decyzja o rezygnacji z udzia\u0142u.<\/p>\n\n\n\n<p>W tych okoliczno\u015bciach Polska nie przyst\u0105pi do prac Rady Pokoju<\/p>\n\n\n\n<p>-powiedzia\u0142 premier<\/p>\n\n\n\n<p>Premier podkre\u015bli\u0142, \u017ce decyzja nie ma charakteru definitywnego i nie zamyka drogi do przysz\u0142ych rozm\u00f3w, je\u015bli formu\u0142a inicjatywy ulegnie zmianie.<br><\/p>\n\n\n\n<figure class=\"wp-block-image size-full\"><img loading=\"lazy\" decoding=\"async\" width=\"907\" height=\"507\" src=\"https:\/\/swiat24.pl.ua\/wp-content\/uploads\/2026\/02\/image-8.png\" alt=\"\" class=\"wp-image-22251\" srcset=\"https:\/\/swiat24.pl.ua\/wp-content\/uploads\/2026\/02\/image-8.png 907w, https:\/\/swiat24.pl.ua\/wp-content\/uploads\/2026\/02\/image-8-300x168.png 300w, https:\/\/swiat24.pl.ua\/wp-content\/uploads\/2026\/02\/image-8-768x429.png 768w\" sizes=\"auto, (max-width: 907px) 100vw, 907px\" \/><\/figure>\n\n\n\n<p>Zastrze\u017cenia Tuska i komunikat do Nawrockiego<br>Donald Tusk wskaza\u0142, \u017ce kluczowe w\u0105tpliwo\u015bci rz\u0105du dotycz\u0105 charakteru instytucjonalnego Rady Pokoju, jej umocowania oraz cel\u00f3w, jakie mia\u0142aby realizowa\u0107. Zastrze\u017cenia budzi\u0142y zar\u00f3wno kwestie ustrojowe, jak i zakres odpowiedzialno\u015bci pa\u0144stw uczestnicz\u0105cych w projekcie.<\/p>\n\n\n\n<p>W obecnych okoliczno\u015bciach, je\u015bli chodzi o zasady, status tej rady, bezpo\u015brednie cele g\u0142\u00f3wnie zwi\u0105zane z odbudow\u0105 Gazy, pewne w\u0105tpliwo\u015bci o charakterze ustrojowym powoduj\u0105, \u017ce w tych okoliczno\u015bciach Polska nie przyst\u0105pi do prac Rady Pokoju<\/p>\n\n\n\n<p>-t\u0142umaczy\u0142 premier<\/p>\n\n\n\n<p>Tusk podkre\u015bli\u0142 jednak, \u017ce zaproszenie pozostaje otwarte, jednak Polska musi kierowa\u0107 si\u0119 w\u0142asn\u0105 ocen\u0105 sytuacji mi\u0119dzynarodowej i interesem pa\u0144stwa.<\/p>\n\n\n\n<p>Zaproszenie jest dla polskiego premiera lub polskiego prezydenta, jest otwarte<\/p>\n\n\n\n<p>-zaznaczy\u0142 szef rz\u0105du<\/p>\n\n\n\n<p>Premier zaznaczy\u0142, \u017ce w przypadku decyzji prezydenta Karola Nawrockiego o udziale w lutowym spotkaniu w Stanach Zjednoczonych, rz\u0105d przeka\u017ce mu komplet materia\u0142\u00f3w i stanowisko przygotowane przez administracj\u0119 rz\u0105dow\u0105 dotycz\u0105ce zasad i mo\u017cliwego przebiegu rozm\u00f3w.<br><\/p>\n\n\n\n<p>Relacje z USA i mo\u017cliwy powr\u00f3t do rozm\u00f3w<br>Premier Donald Tusk jednoznacznie podkre\u015bli\u0142, \u017ce decyzja o nieprzyst\u0105pieniu do Rady Pokoju nie wp\u0142ywa na strategiczne relacje Polski ze Stanami Zjednoczonymi. Jak zaznaczy\u0142, wsp\u00f3\u0142praca z USA pozostaje jednym z filar\u00f3w polskiej polityki zagranicznej i bezpiecze\u0144stwa.<\/p>\n\n\n\n<p>Szef rz\u0105du zaznaczy\u0142, \u017ce Polska b\u0119dzie obserwowa\u0107 rozw\u00f3j inicjatywy oraz ewentualne zmiany w jej formule. Je\u015bli pojawi\u0105 si\u0119 nowe okoliczno\u015bci lub doprecyzowane zostan\u0105 cele i zasady dzia\u0142ania Rady, temat mo\u017ce wr\u00f3ci\u0107 do rozm\u00f3w na szczeblu rz\u0105dowym.<\/p>\n\n\n\n<p>Ale b\u0119dziemy ca\u0142y czas analizowa\u0107 w spos\u00f3b bardzo elastyczny i oczywi\u015bcie bardzo otwarty<\/p>\n\n\n\n<p>-zapewni\u0142 Donald Tusk<\/p>\n\n\n\n<p>Rada Pokoju, na kt\u00f3rej czele ma sta\u0107 prezydent Stan\u00f3w Zjednoczonych-Donald Trump ma zajmowa\u0107 si\u0119 m.in. dzia\u0142aniami stabilizacyjnymi i odbudow\u0105 w Strefie Gazy, co r\u00f3wnie\u017c by\u0142o jednym z element\u00f3w analizowanych przez polski rz\u0105d. Na tym etapie rz\u0105d w Warszawie uzna\u0142 jednak, \u017ce udzia\u0142 w projekcie nie jest zgodny z aktualnym stanowiskiem Polski.<br><\/p>\n\n\n\n<p><\/p>\n","protected":false},"excerpt":{"rendered":"Premier Donald Tusk og\u0142osi\u0142 w \u015brod\u0119, 11 lutego 2026 r., \u017ce Polska nie przyst\u0105pi do prac nowo powo\u0142anej Rady Pokoju w obecnych okoliczno\u015bciach \n<a class=\"moretag\" href=\"https:\/\/swiat24.pl.ua\/?p=22250\"> [...]<\/a>","protected":false},"author":1,"featured_media":22252,"comment_status":"open","ping_status":"open","sticky":false,"template":"","format":"standard","meta":{"footnotes":""},"categories":[1],"tags":[],"class_list":["post-22250","post","type-post","status-publish","format-standard","has-post-thumbnail","hentry","category-blog"],"_links":{"self":[{"href":"https:\/\/swiat24.pl.ua\/index.php?rest_route=\/wp\/v2\/posts\/22250","targetHints":{"allow":["GET"]}}],"collection":[{"href":"https:\/\/swiat24.pl.ua\/index.php?rest_route=\/wp\/v2\/posts"}],"about":[{"href":"https:\/\/swiat24.pl.ua\/index.php?rest_route=\/wp\/v2\/types\/post"}],"author":[{"embeddable":true,"href":"https:\/\/swiat24.pl.ua\/index.php?rest_route=\/wp\/v2\/users\/1"}],"replies":[{"embeddable":true,"href":"https:\/\/swiat24.pl.ua\/index.php?rest_route=%2Fwp%2Fv2%2Fcomments&post=22250"}],"version-history":[{"count":1,"href":"https:\/\/swiat24.pl.ua\/index.php?rest_route=\/wp\/v2\/posts\/22250\/revisions"}],"predecessor-version":[{"id":22253,"href":"https:\/\/swiat24.pl.ua\/index.php?rest_route=\/wp\/v2\/posts\/22250\/revisions\/22253"}],"wp:featuredmedia":[{"embeddable":true,"href":"https:\/\/swiat24.pl.ua\/index.php?rest_route=\/wp\/v2\/media\/22252"}],"wp:attachment":[{"href":"https:\/\/swiat24.pl.ua\/index.php?rest_route=%2Fwp%2Fv2%2Fmedia&parent=22250"}],"wp:term":[{"taxonomy":"category","embeddable":true,"href":"https:\/\/swiat24.pl.ua\/index.php?rest_route=%2Fwp%2Fv2%2Fcategories&post=22250"},{"taxonomy":"post_tag","embeddable":true,"href":"https:\/\/swiat24.pl.ua\/index.php?rest_route=%2Fwp%2Fv2%2Ftags&post=22250"}],"curies":[{"name":"wp","href":"https:\/\/api.w.org\/{rel}","templated":true}]}}