{"id":22180,"date":"2026-02-10T10:48:31","date_gmt":"2026-02-10T10:48:31","guid":{"rendered":"https:\/\/swiat24.pl.ua\/?p=22180"},"modified":"2026-02-10T10:48:31","modified_gmt":"2026-02-10T10:48:31","slug":"nie-zyje-edward-linde-lubaszenko","status":"publish","type":"post","link":"https:\/\/swiat24.pl.ua\/?p=22180","title":{"rendered":"Nie \u017cyje Edward Linde-Lubaszenko"},"content":{"rendered":"\n<p>W niedziel\u0119 odszed\u0142 wybitny aktor i ceniony pedagog Edward Linde-Lubaszenko, o czym poinformowa\u0142a Polska Agencja Prasowa, powo\u0142uj\u0105c si\u0119 na przekaz rodziny artysty.<\/p>\n\n\n\n<p>Jego \u015bmier\u0107 poruszy\u0142a \u015brodowisko teatralne i filmowe, kt\u00f3re przez dekady obserwowa\u0142o jego konsekwentn\u0105, pe\u0142n\u0105 pasji drog\u0119 tw\u00f3rcz\u0105.<\/p>\n\n\n\n<p>Edward Linde-Lubaszenko od 1973 roku by\u0142 silnie zwi\u0105zany z krakowskim Teatrem Starym, gdzie przez lata budowa\u0142 sw\u00f3j charakterystyczny styl sceniczny i zdobywa\u0142 uznanie publiczno\u015bci oraz krytyk\u00f3w.<\/p>\n\n\n\n<p>W trakcie swojej bogatej kariery wyst\u0105pi\u0142 w ponad siedemdziesi\u0119ciu filmach, ponad stu dziesi\u0119ciu przedstawieniach teatralnych oraz w przesz\u0142o osiemdziesi\u0119ciu realizacjach Teatru Telewizji, pozostawiaj\u0105c po sobie imponuj\u0105cy dorobek artystyczny.<\/p>\n\n\n\n<p>Jego role, zar\u00f3wno dramatyczne, jak i charakterystyczne, zapada\u0142y w pami\u0119\u0107 dzi\u0119ki wyrazistej osobowo\u015bci scenicznej oraz umiej\u0119tno\u015bci nadawania postaciom psychologicznej g\u0142\u0119bi.<\/p>\n\n\n\n<p>Artysta przez wiele lat dzieli\u0142 si\u0119 swoim do\u015bwiadczeniem z m\u0142odymi adeptami sztuki aktorskiej jako wyk\u0142adowca Akademii Sztuk Teatralnych imienia Stanis\u0142awa Wyspia\u0144skiego w Krakowie.<\/p>\n\n\n\n<p>W tej uczelni pe\u0142ni\u0142 r\u00f3wnie\u017c odpowiedzialn\u0105 funkcj\u0119 dziekana Wydzia\u0142u Aktorskiego, aktywnie wsp\u00f3\u0142tworz\u0105c program kszta\u0142cenia kolejnych pokole\u0144 aktor\u00f3w.<\/p>\n\n\n\n<p>W 1991 roku odebra\u0142 z r\u0105k prezydenta Lecha Wa\u0142\u0119sy nominacj\u0119 profesorsk\u0105, co by\u0142o potwierdzeniem jego autorytetu nie tylko na scenie, lecz tak\u017ce w \u015brodowisku akademickim.<\/p>\n\n\n\n<p>Jego dzia\u0142alno\u015b\u0107 pedagogiczna by\u0142a cz\u0119sto podkre\u015blana przez student\u00f3w, kt\u00f3rzy wspominali go jako wymagaj\u0105cego, ale jednocze\u015bnie \u017cyczliwego mentora.<\/p>\n\n\n\n<p>Linde-Lubaszenko znany by\u0142 z konsekwencji w pracy oraz ogromnego szacunku do rzemios\u0142a aktorskiego, kt\u00f3re traktowa\u0142 jako odpowiedzialno\u015b\u0107 wobec widza i tradycji teatru.<\/p>\n\n\n\n<p>W ci\u0105gu swojej kariery wsp\u00f3\u0142pracowa\u0142 z wieloma wybitnymi re\u017cyserami, uczestnicz\u0105c w projektach, kt\u00f3re na trwa\u0142e zapisa\u0142y si\u0119 w historii polskiej sceny i kina.<\/p>\n\n\n\n<p>Jego obecno\u015b\u0107 na scenie wyr\u00f3\u017cnia\u0142a si\u0119 spokojn\u0105 si\u0142\u0105, precyzj\u0105 gestu oraz umiej\u0119tno\u015bci\u0105 budowania napi\u0119cia bez zb\u0119dnych \u015brodk\u00f3w wyrazu.<\/p>\n\n\n\n<p>W 2024 roku zosta\u0142 uhonorowany Z\u0142otym Krzy\u017cem Gloria Artis, jednym z najwa\u017cniejszych odznacze\u0144 przyznawanych za szczeg\u00f3lne zas\u0142ugi dla kultury.<\/p>\n\n\n\n<p>To wyr\u00f3\u017cnienie podsumowa\u0142o wieloletni\u0105 dzia\u0142alno\u015b\u0107 artystyczn\u0105 i edukacyjn\u0105, kt\u00f3ra mia\u0142a realny wp\u0142yw na rozw\u00f3j polskiego teatru.<\/p>\n\n\n\n<p>Dla wielu widz\u00f3w pozostanie przede wszystkim artyst\u0105 wiernym scenie, a dla uczni\u00f3w \u2013 nauczycielem, kt\u00f3ry uczy\u0142 szacunku do zawodu i odpowiedzialno\u015bci za s\u0142owo.<\/p>\n\n\n\n<p>Jego odej\u015bcie zamyka wa\u017cny rozdzia\u0142 w historii polskiej kultury, pozostawiaj\u0105c po sobie dorobek, kt\u00f3ry jeszcze przez d\u0142ugie lata b\u0119dzie inspiracj\u0105 dla kolejnych pokole\u0144 tw\u00f3rc\u00f3w.<\/p>\n","protected":false},"excerpt":{"rendered":"W niedziel\u0119 odszed\u0142 wybitny aktor i ceniony pedagog Edward Linde-Lubaszenko, o czym poinformowa\u0142a Polska Agencja Prasowa, powo\u0142uj\u0105c si\u0119 na przekaz rodziny artysty. Jego \n<a class=\"moretag\" href=\"https:\/\/swiat24.pl.ua\/?p=22180\"> [...]<\/a>","protected":false},"author":1,"featured_media":22181,"comment_status":"open","ping_status":"open","sticky":false,"template":"","format":"standard","meta":{"footnotes":""},"categories":[1],"tags":[],"class_list":["post-22180","post","type-post","status-publish","format-standard","has-post-thumbnail","hentry","category-blog"],"_links":{"self":[{"href":"https:\/\/swiat24.pl.ua\/index.php?rest_route=\/wp\/v2\/posts\/22180","targetHints":{"allow":["GET"]}}],"collection":[{"href":"https:\/\/swiat24.pl.ua\/index.php?rest_route=\/wp\/v2\/posts"}],"about":[{"href":"https:\/\/swiat24.pl.ua\/index.php?rest_route=\/wp\/v2\/types\/post"}],"author":[{"embeddable":true,"href":"https:\/\/swiat24.pl.ua\/index.php?rest_route=\/wp\/v2\/users\/1"}],"replies":[{"embeddable":true,"href":"https:\/\/swiat24.pl.ua\/index.php?rest_route=%2Fwp%2Fv2%2Fcomments&post=22180"}],"version-history":[{"count":1,"href":"https:\/\/swiat24.pl.ua\/index.php?rest_route=\/wp\/v2\/posts\/22180\/revisions"}],"predecessor-version":[{"id":22182,"href":"https:\/\/swiat24.pl.ua\/index.php?rest_route=\/wp\/v2\/posts\/22180\/revisions\/22182"}],"wp:featuredmedia":[{"embeddable":true,"href":"https:\/\/swiat24.pl.ua\/index.php?rest_route=\/wp\/v2\/media\/22181"}],"wp:attachment":[{"href":"https:\/\/swiat24.pl.ua\/index.php?rest_route=%2Fwp%2Fv2%2Fmedia&parent=22180"}],"wp:term":[{"taxonomy":"category","embeddable":true,"href":"https:\/\/swiat24.pl.ua\/index.php?rest_route=%2Fwp%2Fv2%2Fcategories&post=22180"},{"taxonomy":"post_tag","embeddable":true,"href":"https:\/\/swiat24.pl.ua\/index.php?rest_route=%2Fwp%2Fv2%2Ftags&post=22180"}],"curies":[{"name":"wp","href":"https:\/\/api.w.org\/{rel}","templated":true}]}}