{"id":21931,"date":"2026-02-05T18:12:10","date_gmt":"2026-02-05T18:12:10","guid":{"rendered":"https:\/\/swiat24.pl.ua\/?p=21931"},"modified":"2026-02-05T18:12:10","modified_gmt":"2026-02-05T18:12:10","slug":"potezna-sniezyca-nadciaga-do-polski-meteorolodzy-podaja-konkretne-terminy","status":"publish","type":"post","link":"https:\/\/swiat24.pl.ua\/?p=21931","title":{"rendered":"Pot\u0119\u017cna \u015bnie\u017cyca nadci\u0105ga do Polski \u2013 meteorolodzy podaj\u0105 konkretne terminy"},"content":{"rendered":"\n<p>Polska w najbli\u017cszych dniach do\u015bwiadczy znacz\u0105cego pogorszenia pogody. Do kraju dotrze masa arktycznego powietrza wsparta frontami atmosferycznymi, kt\u00f3re przynios\u0105 obfite opady \u015bniegu. Mieszka\u0144cy wielu region\u00f3w powinni dostosowa\u0107 plany i zachowa\u0107 ostro\u017cno\u015b\u0107. Eksperci z IMGW wskazuj\u0105 dok\u0142adne terminy oraz obszary, gdzie \u015bnie\u017cyca b\u0119dzie najbardziej intensywna.<\/p>\n\n\n\n<h2 class=\"wp-block-heading\">Pierwsze opady \u015bniegu ju\u017c w \u015brod\u0119<\/h2>\n\n\n\n<p>Z najnowszych prognoz wynika, \u017ce silna \u015bnie\u017cyca zbli\u017ca si\u0119 do Polski. Zasi\u0119g ilustruje animacja oparta na modelu ECMWF.&nbsp;<strong>Pierwsze intensywne opady wyst\u0105pi\u0105 w \u015brod\u0119, 4 lutego<\/strong>, g\u0142\u00f3wnie na po\u0142udniu i wschodzie kraju. Kolejna fala \u015bniegu nadejdzie 10 lutego, obejmuj\u0105c Pomorze, Wielkopolsk\u0119, Ziemi\u0119 Lubusk\u0105, \u015al\u0105sk, Ma\u0142opolsk\u0119 i Opolszczyzn\u0119. Wizualizacje pozwalaj\u0105 precyzyjnie \u015bledzi\u0107 dotkni\u0119te regiony.<\/p>\n\n\n\n<figure class=\"wp-block-image\"><img decoding=\"async\" src=\"https:\/\/www.bystragrazyna.pl\/wp-content\/uploads\/2026\/02\/57.jpg\" alt=\"\" class=\"wp-image-25822\"\/><\/figure>\n\n\n\n<h2 class=\"wp-block-heading\">Ekstremalne mrozy poni\u017cej -25\u00b0C<\/h2>\n\n\n\n<p>Arktyczne powietrze przyniesie gwa\u0142towne och\u0142odzenie. Najsilniejszy mr\u00f3z wyst\u0105pi w poniedzia\u0142ek rano, 2 lutego. Na wschodzie i p\u00f3\u0142nocnym wschodzie temperatury spadn\u0105&nbsp;<strong>poni\u017cej -25\u00b0C<\/strong>, lokalnie do -28\u00b0C, a miejscami nawet ni\u017cej. To powa\u017cne zagro\u017cenie dla zdrowia. Niekt\u00f3re szko\u0142y ju\u017c odwo\u0142uj\u0105 zaj\u0119cia z powodu mroz\u00f3w.<\/p>\n\n\n\n<h2 class=\"wp-block-heading\">Gdzie \u015bnieg spadnie najobficiej?<\/h2>\n\n\n\n<p>W czwartek, 5 lutego, opady \u015bniegu nasil\u0105 si\u0119, pokrywaj\u0105c niemal ca\u0142y kraj. Najtrudniejsze warunki panuj\u0105 na Dolnym \u015al\u0105sku, Opolszczy\u017anie, Ziemi Lubuskiej i w Wielkopolsce. Silne opady dotkn\u0105 te\u017c p\u00f3\u0142noc Warmii i Mazur. Wed\u0142ug IMGW unikn\u0105 ich jedynie po\u0142udniowo-wschodnie kra\u0144ce: Ma\u0142opolska, Podkarpacie, Lubelszczyzna, \u015al\u0105sk i Ziemia \u015awi\u0119tokrzyska.<\/p>\n\n\n\n<h2 class=\"wp-block-heading\">Rekordowe pokrywy i utrudnienia<\/h2>\n\n\n\n<p>Prognozy na okres 1\u201310 lutego wskazuj\u0105 na ryzyko zawiei i zamieci \u015bnie\u017cnych, powoduj\u0105cych powa\u017cne utrudnienia w komunikacji. Miejscami suma opad\u00f3w mo\u017ce stworzy\u0107&nbsp;<strong>metryczn\u0105 pokryw\u0119 \u015bniegu<\/strong>. Temperatura odczuwalna b\u0119dzie znacznie ni\u017csza, zwi\u0119kszaj\u0105c ryzyko wych\u0142odzenia. Z powodu mroz\u00f3w i aury przed\u0142u\u017cono ferie zimowe, a na drogach spodziewane s\u0105 kolejne utrudnienia.<\/p>\n\n\n\n<blockquote class=\"wp-block-quote is-layout-flow wp-block-quote-is-layout-flow\">\n<p>\u0179r\u00f3d\u0142o: PAP<\/p>\n<\/blockquote>\n\n\n\n<p><\/p>\n","protected":false},"excerpt":{"rendered":"Polska w najbli\u017cszych dniach do\u015bwiadczy znacz\u0105cego pogorszenia pogody. Do kraju dotrze masa arktycznego powietrza wsparta frontami atmosferycznymi, kt\u00f3re przynios\u0105 obfite opady \u015bniegu. Mieszka\u0144cy \n<a class=\"moretag\" href=\"https:\/\/swiat24.pl.ua\/?p=21931\"> [...]<\/a>","protected":false},"author":1,"featured_media":21932,"comment_status":"open","ping_status":"open","sticky":false,"template":"","format":"standard","meta":{"footnotes":""},"categories":[1],"tags":[],"class_list":["post-21931","post","type-post","status-publish","format-standard","has-post-thumbnail","hentry","category-blog"],"_links":{"self":[{"href":"https:\/\/swiat24.pl.ua\/index.php?rest_route=\/wp\/v2\/posts\/21931","targetHints":{"allow":["GET"]}}],"collection":[{"href":"https:\/\/swiat24.pl.ua\/index.php?rest_route=\/wp\/v2\/posts"}],"about":[{"href":"https:\/\/swiat24.pl.ua\/index.php?rest_route=\/wp\/v2\/types\/post"}],"author":[{"embeddable":true,"href":"https:\/\/swiat24.pl.ua\/index.php?rest_route=\/wp\/v2\/users\/1"}],"replies":[{"embeddable":true,"href":"https:\/\/swiat24.pl.ua\/index.php?rest_route=%2Fwp%2Fv2%2Fcomments&post=21931"}],"version-history":[{"count":1,"href":"https:\/\/swiat24.pl.ua\/index.php?rest_route=\/wp\/v2\/posts\/21931\/revisions"}],"predecessor-version":[{"id":21933,"href":"https:\/\/swiat24.pl.ua\/index.php?rest_route=\/wp\/v2\/posts\/21931\/revisions\/21933"}],"wp:featuredmedia":[{"embeddable":true,"href":"https:\/\/swiat24.pl.ua\/index.php?rest_route=\/wp\/v2\/media\/21932"}],"wp:attachment":[{"href":"https:\/\/swiat24.pl.ua\/index.php?rest_route=%2Fwp%2Fv2%2Fmedia&parent=21931"}],"wp:term":[{"taxonomy":"category","embeddable":true,"href":"https:\/\/swiat24.pl.ua\/index.php?rest_route=%2Fwp%2Fv2%2Fcategories&post=21931"},{"taxonomy":"post_tag","embeddable":true,"href":"https:\/\/swiat24.pl.ua\/index.php?rest_route=%2Fwp%2Fv2%2Ftags&post=21931"}],"curies":[{"name":"wp","href":"https:\/\/api.w.org\/{rel}","templated":true}]}}