{"id":21918,"date":"2026-02-05T13:46:55","date_gmt":"2026-02-05T13:46:55","guid":{"rendered":"https:\/\/swiat24.pl.ua\/?p=21918"},"modified":"2026-02-05T13:46:55","modified_gmt":"2026-02-05T13:46:55","slug":"doda-zabrala-glos-prosto-z-oddzialu-przekazala-smutne-wiesci-ostatni-raz-mnie-widzi","status":"publish","type":"post","link":"https:\/\/swiat24.pl.ua\/?p=21918","title":{"rendered":"Doda zabra\u0142a g\u0142os prosto z oddzia\u0142u. Przekaza\u0142a smutne wie\u015bci \u201eOstatni raz mnie widzi\u201d"},"content":{"rendered":"\n<p>W ostatnich tygodniach polski show-biznes wstrz\u0105sa\u0142y informacje o powa\u017cnych problemach zdrowotnych wielu znanych os\u00f3b. <\/p>\n\n\n\n<p>W\u015br\u00f3d nich znale\u017ali si\u0119 zar\u00f3wno przedstawiciele \u015bwiata rozrywki, celebryci z reality show, jak i dyrektorzy program\u00f3w czy aktorzy. Lista hospitalizacji i nag\u0142ych interwencji medycznych w ci\u0105gu ostatnich czterech miesi\u0119cy okaza\u0142a si\u0119 zaskakuj\u0105co d\u0142uga i zr\u00f3\u017cnicowana.<\/p>\n\n\n\n<p>Jednym z najg\u0142o\u015bniejszych przypadk\u00f3w by\u0142 Piotr Ba\u0142troczyk. Kilka dni temu dziennikarz trafi\u0142 do szpitala i poinformowa\u0142 o tym fan\u00f3w za po\u015brednictwem medi\u00f3w spo\u0142eczno\u015bciowych. Cho\u0107 szczeg\u00f3\u0142y jego stanu utrzymano w powa\u017cnym tonie, sam uspokaja\u0142, \u017ce wraca do zdrowia.<\/p>\n\n\n\n<figure class=\"wp-block-image\"><img decoding=\"async\" src=\"https:\/\/cenneinfo.pl\/wp-content\/uploads\/2026\/02\/62.jpg\" alt=\"obrazek\"\/><\/figure>\n\n\n\n<p>Historia Anity Szyd\u0142owskiej i Adriana Szymaniaka, bohater\u00f3w popularnego programu&nbsp;<em>\u201e\u015alub od pierwszego wejrzenia\u201d<\/em>, wzbudzi\u0142a ogromne zainteresowanie medi\u00f3w. Adrian od kilku miesi\u0119cy zmaga si\u0119 z powa\u017cn\u0105 chorob\u0105, kt\u00f3ra znacz\u0105co wp\u0142ywa na ich codzienne \u017cycie i plany.<\/p>\n\n\n\n<p>Niepokoj\u0105ce doniesienia dotyczy\u0142y te\u017c Micha\u0142a W\u00f3jcika z kabaretu Ani Mru-Mru. Problemy zdrowotne artysty zmusi\u0142y grup\u0119 do odwo\u0142ania cz\u0119\u015bci koncert\u00f3w, co wywo\u0142a\u0142o liczne reakcje fan\u00f3w i koleg\u00f3w ze \u015brodowiska. W podobnym tonie pojawi\u0142y si\u0119 informacje o Urszuli, znanej wokalistce, kt\u00f3ra z powodu dolegliwo\u015bci zrezygnowa\u0142a z wyst\u0119p\u00f3w. Fani masowo wyra\u017cali wsparcie, podkre\u015blaj\u0105c, \u017ce nawet najtwardsi arty\u015bci potrzebuj\u0105 czasem przerwy na regeneracj\u0119.<\/p>\n\n\n\n<h2 class=\"wp-block-heading\">Doda i jej trudne chwile<\/h2>\n\n\n\n<p>Ostatnie tygodnie by\u0142y dla Dody wyj\u0105tkowo wymagaj\u0105ce \u2013 pe\u0142ne intensywnej aktywno\u015bci, emocjonalnych wyzwa\u0144 i ci\u0119\u017ckiej pracy, kt\u00f3ra wystawi\u0142a j\u0105 na pr\u00f3b\u0119 zar\u00f3wno fizyczn\u0105, jak i psychiczn\u0105. Wokalistka ca\u0142kowicie po\u015bwi\u0119ci\u0142a si\u0119 pomocy zwierz\u0119tom w schroniskach, cz\u0119sto odwiedzaj\u0105c je osobi\u015bcie. Walczy\u0142a o ich lepszy los, nag\u0142a\u015bniaj\u0105c problemy zaniedbanych plac\u00f3wek i podejmuj\u0105c interwencje. Jej dni wype\u0142nia\u0142y negocjacje z lokalnymi w\u0142adzami, spotkania z prezydentami miast, a wszystko relacjonowa\u0142a na \u017cywo w mediach spo\u0142eczno\u015bciowych, anga\u017cuj\u0105c w to spo\u0142eczno\u015b\u0107.<\/p>\n\n\n\n<p>Psychiczne obci\u0105\u017cenie osi\u0105gn\u0119\u0142o jednak punkt krytyczny. Doda przyzna\u0142a, \u017ce spa\u0142a zaledwie kilka godzin na dob\u0119, a obrazy i informacje zwi\u0105zane ze schroniskami g\u0142\u0119boko j\u0105 wyczerpa\u0142y. Otworzy\u0142a si\u0119 przed fanami, dziel\u0105c si\u0119 swoimi trudno\u015bciami:<\/p>\n\n\n\n<blockquote class=\"wp-block-quote is-layout-flow wp-block-quote-is-layout-flow\">\n<p>To jest dla mnie psychicznie nie do zniesienia, jestem zbyt emocjonalna. Dlatego nie nadaj\u0119 si\u0119 do polityki, bo ja bym ka\u017cdemu po mordzie da\u0142a. Ja si\u0119 trz\u0119s\u0119. Nie mog\u0119 dalej w tym zosta\u0107, bo mnie to spala od \u015brodka. Odda\u0142am ca\u0142e swoje serce, ruszy\u0142am kamie\u0144 milowy i niech to idzie teraz lawin\u0105.<\/p>\n\n\n\n<p>Dzisiaj spa\u0142am trzy godziny. To jest ju\u017c tydzie\u0144, odk\u0105d prawie w og\u00f3le nie \u015bpi\u0119. Sytuacje zwi\u0105zane z patoschroniskami, z wszystkimi informacjami i obrazami, kt\u00f3re mnie uderzy\u0142y przez ostatnie dni, bardzo mnie psychicznie poturbowa\u0142y i najnormalniej w \u015bwiecie nie daj\u0119 sobie ju\u017c z tym rady. Jak wiecie, mam nerwic\u0119 l\u0119kow\u0105 nabyt\u0105 przez show-biznes, kt\u00f3ra uaktywnia mi si\u0119 w wyniku permanentnego stresu.<\/p>\n<\/blockquote>\n\n\n\n<p>W ostatnich dniach artystka zaskoczy\u0142a fan\u00f3w relacj\u0105 prosto ze szpitalnej sali, prosz\u0105c o wsparcie i trzymanie kciuk\u00f3w.<\/p>\n\n\n\n<h2 class=\"wp-block-heading\">Co naprawd\u0119 dzia\u0142o si\u0119 w szpitalu?<\/h2>\n\n\n\n<p>Relacja z oddzia\u0142u, opublikowana w mediach spo\u0142eczno\u015bciowych, natychmiast wywo\u0142a\u0142a fal\u0119 spekulacji i komentarzy. Doda, \u0142\u0105cz\u0105c powag\u0119 sytuacji z charakterystycznym dla siebie humorem, napisa\u0142a:<\/p>\n\n\n\n<blockquote class=\"wp-block-quote is-layout-flow wp-block-quote-is-layout-flow\">\n<p><em>Rafi mnie widzi po raz ostatni<\/em><\/p>\n<\/blockquote>\n\n\n\n<p>Okaza\u0142o si\u0119, \u017ce nie chodzi\u0142o o sam\u0105 Dod\u0119, lecz o jej menad\u017cera, Rafiego, kt\u00f3ry przygotowywa\u0142 si\u0119 do operacji wzroku. To on by\u0142 w centrum wydarze\u0144, a wokalistka wspiera\u0142a go w tych kluczowych chwilach.<\/p>\n\n\n\n<p>Fani, kt\u00f3rzy wcze\u015bniej niepokojili si\u0119 o zdrowie artystki, mogli odetchn\u0105\u0107 z ulg\u0105. Autentyczne emocje i napi\u0119cie w relacji pozwoli\u0142y obserwatorom w pe\u0142ni poczu\u0107 trosk\u0119 wype\u0142niaj\u0105c\u0105 szpitaln\u0105 sal\u0119.<\/p>\n\n\n\n<p>To wydarzenie pokazuje, jak Doda \u0142\u0105czy \u017cycie osobiste z bliskim kontaktem z fanami, buduj\u0105c z nimi wyj\u0105tkow\u0105 wi\u0119\u017a. Dzielenie si\u0119 prywatnymi, trudnymi momentami pozwala odbiorcom poczu\u0107 autentyczn\u0105 blisko\u015b\u0107 i trosk\u0119.<\/p>\n\n\n\n<p>Jest to tak\u017ce \u015bwiadectwo ogromnego zaanga\u017cowania artystki \u2013 mimo wyczerpania po dzia\u0142aniach na rzecz zwierz\u0105t znalaz\u0142a si\u0142\u0119, by by\u0107 przy bliskiej osobie w decyduj\u0105cym momencie. Jej obecno\u015b\u0107 by\u0142a wyrazem nie tylko przyja\u017ani, ale i profesjonalnej troski.<\/p>\n\n\n\n<p>Dziel\u0105c si\u0119 t\u0105 codzienno\u015bci\u0105, Doda udowodni\u0142a, \u017ce nawet w trudnych chwilach mo\u017cna zachowa\u0107 spok\u00f3j, dystans i empati\u0119. Na szcz\u0119\u015bcie operacja Rafiego przebieg\u0142a pomy\u015blnie, a artystka ponownie pokaza\u0142a, \u017ce jej \u017cycie to nie tylko blaski sceny, ale przede wszystkim prawdziwe emocje i oddanie bliskim.<\/p>\n","protected":false},"excerpt":{"rendered":"W ostatnich tygodniach polski show-biznes wstrz\u0105sa\u0142y informacje o powa\u017cnych problemach zdrowotnych wielu znanych os\u00f3b. W\u015br\u00f3d nich znale\u017ali si\u0119 zar\u00f3wno przedstawiciele \u015bwiata rozrywki, celebryci \n<a class=\"moretag\" href=\"https:\/\/swiat24.pl.ua\/?p=21918\"> [...]<\/a>","protected":false},"author":1,"featured_media":21919,"comment_status":"open","ping_status":"open","sticky":false,"template":"","format":"standard","meta":{"footnotes":""},"categories":[1],"tags":[],"class_list":["post-21918","post","type-post","status-publish","format-standard","has-post-thumbnail","hentry","category-blog"],"_links":{"self":[{"href":"https:\/\/swiat24.pl.ua\/index.php?rest_route=\/wp\/v2\/posts\/21918","targetHints":{"allow":["GET"]}}],"collection":[{"href":"https:\/\/swiat24.pl.ua\/index.php?rest_route=\/wp\/v2\/posts"}],"about":[{"href":"https:\/\/swiat24.pl.ua\/index.php?rest_route=\/wp\/v2\/types\/post"}],"author":[{"embeddable":true,"href":"https:\/\/swiat24.pl.ua\/index.php?rest_route=\/wp\/v2\/users\/1"}],"replies":[{"embeddable":true,"href":"https:\/\/swiat24.pl.ua\/index.php?rest_route=%2Fwp%2Fv2%2Fcomments&post=21918"}],"version-history":[{"count":1,"href":"https:\/\/swiat24.pl.ua\/index.php?rest_route=\/wp\/v2\/posts\/21918\/revisions"}],"predecessor-version":[{"id":21920,"href":"https:\/\/swiat24.pl.ua\/index.php?rest_route=\/wp\/v2\/posts\/21918\/revisions\/21920"}],"wp:featuredmedia":[{"embeddable":true,"href":"https:\/\/swiat24.pl.ua\/index.php?rest_route=\/wp\/v2\/media\/21919"}],"wp:attachment":[{"href":"https:\/\/swiat24.pl.ua\/index.php?rest_route=%2Fwp%2Fv2%2Fmedia&parent=21918"}],"wp:term":[{"taxonomy":"category","embeddable":true,"href":"https:\/\/swiat24.pl.ua\/index.php?rest_route=%2Fwp%2Fv2%2Fcategories&post=21918"},{"taxonomy":"post_tag","embeddable":true,"href":"https:\/\/swiat24.pl.ua\/index.php?rest_route=%2Fwp%2Fv2%2Ftags&post=21918"}],"curies":[{"name":"wp","href":"https:\/\/api.w.org\/{rel}","templated":true}]}}