{"id":21882,"date":"2026-02-04T13:16:31","date_gmt":"2026-02-04T13:16:31","guid":{"rendered":"https:\/\/swiat24.pl.ua\/?p=21882"},"modified":"2026-02-04T13:16:31","modified_gmt":"2026-02-04T13:16:31","slug":"czarzasty-zareagowal-na-decyzje-nawrockiego-z-ust-marszalka-padly-stanowcze-slowa","status":"publish","type":"post","link":"https:\/\/swiat24.pl.ua\/?p=21882","title":{"rendered":"Czarzasty zareagowa\u0142 na decyzj\u0119 Nawrockiego. Z ust Marsza\u0142ka pad\u0142y stanowcze s\u0142owa"},"content":{"rendered":"\n<p>Marsza\u0142ek Sejmu W\u0142odzimierz Czarzasty nie pozostawi\u0142 z\u0142udze\u0144 po decyzji prezydenta Karola Nawrockiego o w\u0142\u0105czeniu do obrad Rady Bezpiecze\u0144stwa Narodowego kwestii jego kontakt\u00f3w wschodnich. \u201eNie dam si\u0119 zastraszy\u0107\u201d \u2013 podkre\u015bli\u0142 Czarzasty, zapowiadaj\u0105c polityczny kontratak, kt\u00f3ry przenosi sp\u00f3r na forum instytucji odpowiedzialnej za bezpiecze\u0144stwo pa\u0144stwa.<\/p>\n\n\n\n<p>Ostra odpowied\u017a Czarzastego \u2013 stanowczo i bez kompromis\u00f3w<br>Kontratak Kancelarii Sejmu \u2013 wniosek o zbadanie przesz\u0142o\u015bci Nawrockiego<br>Polityczna wojna w Radzie Bezpiecze\u0144stwa Narodowego \u2013 konflikt na szczycie w\u0142adzy<br>Ostra odpowied\u017a Czarzastego \u2013 stanowczo i bez kompromis\u00f3w<br>Marsza\u0142ek Sejmu i wsp\u00f3\u0142przewodnicz\u0105cy Nowej Lewicy, W\u0142odzimierz Czarzasty, wprost odni\u00f3s\u0142 si\u0119 do decyzji prezydenta Karola Nawrockiego, kt\u00f3ry w planie obrad nadchodz\u0105cego posiedzenia RBN umie\u015bci\u0142 punkt dotycz\u0105cy wschodnich kontakt\u00f3w marsza\u0142ka.<\/p>\n\n\n\n<p>\u2013 W \u017cadnej sprawie nie mam sobie nic do zarzucenia \u2013 powiedzia\u0142 Czarzasty, dodaj\u0105c, \u017ce nie przyjmie postawy obronnej, lecz przechodzi do kontrofensywy. Marsza\u0142ek zwr\u00f3ci\u0142 si\u0119 bezpo\u015brednio do prezydenta: \u2013 Panie prezydencie, ja jestem czysty, a pan? Porozmawiajmy o tym w Radzie Bezpiecze\u0144stwa Narodowego.<\/p>\n\n\n\n<p>Czarzasty przedstawi\u0142 te\u017c czteropunktowe stanowisko:<\/p>\n\n\n\n<p>Nie dam si\u0119 zastraszy\u0107.<br>Oczekuj\u0119 wyja\u015bnienia przesz\u0142o\u015bci prezydenta Nawrockiego.<br>Nie zmieni\u0119 swojej postawy wobec dzia\u0142a\u0144 pana prezydenta.<br>Skupmy si\u0119 na problemach obywateli, a nie wzajemnym szczuciu opinii publicznej.<br><\/p>\n\n\n\n<blockquote class=\"twitter-tweet\" data-media-max-width=\"560\"><p lang=\"pl\" dir=\"ltr\">Prezydent RP Karol Nawrocki zwo\u0142a\u0142 posiedzenie Rady Bezpiecze\u0144stwa Narodowego, kt\u00f3re odb\u0119dzie si\u0119 11 lutego (\u015broda) o godzinie 14:00.<br>Om\u00f3wione zostan\u0105 trzy tematy:<br>&#8211; Po\u017cyczka zaci\u0105gni\u0119ta przez Rz\u0105d na realizacj\u0119 Programu SAFE;<br>&#8211; Zaproszenie Polski do Rady Pokoju;<br>&#8211; Podj\u0119te przez\u2026<\/p>&mdash; Rafa\u0142 Le\u015bkiewicz (@LeskiewiczRafa) <a href=\"https:\/\/twitter.com\/LeskiewiczRafa\/status\/2018683663789982022?ref_src=twsrc%5Etfw\">February 3, 2026<\/a><\/blockquote> <script async src=\"https:\/\/platform.twitter.com\/widgets.js\" charset=\"utf-8\"><\/script>\n\n\n\n<p>Kontratak Kancelarii Sejmu \u2013 wniosek o zbadanie przesz\u0142o\u015bci Nawrockiego<br>Odpowied\u017a marsza\u0142ka nie ograniczy\u0142a si\u0119 do s\u0142\u00f3w. Kancelaria Sejmu z\u0142o\u017cy\u0142a wniosek o rozszerzenie porz\u0105dku obrad Rady Bezpiecze\u0144stwa Narodowego. Celem jest wyja\u015bnienie kontakt\u00f3w Karola Nawrockiego z osobami powi\u0105zanymi z pseudokibicami oraz przest\u0119pczo\u015bci\u0105 zorganizowan\u0105.<\/p>\n\n\n\n<p>Wniosek dotyczy r\u00f3wnie\u017c przesz\u0142o\u015bci zawodowej prezydenta, w tym pracy w charakterze ochrony w Grand Hotel Sopot w latach 90. i na pocz\u0105tku XXI wieku, kiedy hotel by\u0142 miejscem spotka\u0144 os\u00f3b zwi\u0105zanych z przest\u0119pczo\u015bci\u0105. Dokument wskazuje, \u017ce takie dzia\u0142ania s\u0105 istotne dla bezpiecze\u0144stwa i transparentno\u015bci najwy\u017cszych instytucji pa\u0144stwowych.<\/p>\n\n\n\n<p>Ten ruch ma tak\u017ce wymiar strategiczny: pokazuje, \u017ce wzajemne sprawdzanie si\u0119 polityk\u00f3w w ramach RBN powinno dotyczy\u0107 wszystkich stron, a nie wybranych jednostek.<br><\/p>\n\n\n\n<p>Polityczna wojna w Radzie Bezpiecze\u0144stwa Narodowego \u2013 konflikt na szczycie w\u0142adzy<br>Decyzja Nawrockiego i kontratak Czarzastego pokazuj\u0105, \u017ce Rada Bezpiecze\u0144stwa Narodowego, powo\u0142ana do zajmowania si\u0119 bezpiecze\u0144stwem kraju, staje si\u0119 aren\u0105 politycznych star\u0107 mi\u0119dzy najwy\u017cszymi organami w\u0142adzy.<\/p>\n\n\n\n<p>To ryzyko os\u0142abienia skuteczno\u015bci instytucji jest realne, zw\u0142aszcza gdy konflikt polityczny wkracza w obszar instytucji odpowiedzialnych za bezpiecze\u0144stwo pa\u0144stwa. Dla Czarzastego jest to test jego pozycji w koalicji rz\u0105dz\u0105cej oraz wizerunku \u2013 stanowcza odpowied\u017a pokazuje, \u017ce nie da si\u0119 zastraszy\u0107. Dla Nawrockiego natomiast to pr\u00f3ba pokazania, \u017ce prezydent dba o bezpiecze\u0144stwo kraju, nawet w trudnych personalnych sprawach.<\/p>\n\n\n\n<p>Posiedzenie RBN zaplanowane na 11 lutego b\u0119dzie pierwszym publicznym starciem w tej sprawie. Wynik tego spotkania mo\u017ce zadecydowa\u0107, czy polskie instytucje bezpiecze\u0144stwa pozostan\u0105 neutraln\u0105 stref\u0105 strategiczn\u0105, czy stan\u0105 si\u0119 polem kolejnych politycznych rozgrywek.<br><\/p>\n\n\n\n<figure class=\"wp-block-image size-full\"><img loading=\"lazy\" decoding=\"async\" width=\"913\" height=\"510\" src=\"https:\/\/swiat24.pl.ua\/wp-content\/uploads\/2026\/02\/image-3.png\" alt=\"\" class=\"wp-image-21883\" srcset=\"https:\/\/swiat24.pl.ua\/wp-content\/uploads\/2026\/02\/image-3.png 913w, https:\/\/swiat24.pl.ua\/wp-content\/uploads\/2026\/02\/image-3-300x168.png 300w, https:\/\/swiat24.pl.ua\/wp-content\/uploads\/2026\/02\/image-3-768x429.png 768w\" sizes=\"auto, (max-width: 913px) 100vw, 913px\" \/><\/figure>\n","protected":false},"excerpt":{"rendered":"Marsza\u0142ek Sejmu W\u0142odzimierz Czarzasty nie pozostawi\u0142 z\u0142udze\u0144 po decyzji prezydenta Karola Nawrockiego o w\u0142\u0105czeniu do obrad Rady Bezpiecze\u0144stwa Narodowego kwestii jego kontakt\u00f3w wschodnich. \n<a class=\"moretag\" href=\"https:\/\/swiat24.pl.ua\/?p=21882\"> [...]<\/a>","protected":false},"author":1,"featured_media":21884,"comment_status":"open","ping_status":"open","sticky":false,"template":"","format":"standard","meta":{"footnotes":""},"categories":[1],"tags":[],"class_list":["post-21882","post","type-post","status-publish","format-standard","has-post-thumbnail","hentry","category-blog"],"_links":{"self":[{"href":"https:\/\/swiat24.pl.ua\/index.php?rest_route=\/wp\/v2\/posts\/21882","targetHints":{"allow":["GET"]}}],"collection":[{"href":"https:\/\/swiat24.pl.ua\/index.php?rest_route=\/wp\/v2\/posts"}],"about":[{"href":"https:\/\/swiat24.pl.ua\/index.php?rest_route=\/wp\/v2\/types\/post"}],"author":[{"embeddable":true,"href":"https:\/\/swiat24.pl.ua\/index.php?rest_route=\/wp\/v2\/users\/1"}],"replies":[{"embeddable":true,"href":"https:\/\/swiat24.pl.ua\/index.php?rest_route=%2Fwp%2Fv2%2Fcomments&post=21882"}],"version-history":[{"count":1,"href":"https:\/\/swiat24.pl.ua\/index.php?rest_route=\/wp\/v2\/posts\/21882\/revisions"}],"predecessor-version":[{"id":21885,"href":"https:\/\/swiat24.pl.ua\/index.php?rest_route=\/wp\/v2\/posts\/21882\/revisions\/21885"}],"wp:featuredmedia":[{"embeddable":true,"href":"https:\/\/swiat24.pl.ua\/index.php?rest_route=\/wp\/v2\/media\/21884"}],"wp:attachment":[{"href":"https:\/\/swiat24.pl.ua\/index.php?rest_route=%2Fwp%2Fv2%2Fmedia&parent=21882"}],"wp:term":[{"taxonomy":"category","embeddable":true,"href":"https:\/\/swiat24.pl.ua\/index.php?rest_route=%2Fwp%2Fv2%2Fcategories&post=21882"},{"taxonomy":"post_tag","embeddable":true,"href":"https:\/\/swiat24.pl.ua\/index.php?rest_route=%2Fwp%2Fv2%2Ftags&post=21882"}],"curies":[{"name":"wp","href":"https:\/\/api.w.org\/{rel}","templated":true}]}}