{"id":21836,"date":"2026-02-03T15:05:12","date_gmt":"2026-02-03T15:05:12","guid":{"rendered":"https:\/\/swiat24.pl.ua\/?p=21836"},"modified":"2026-02-03T15:05:12","modified_gmt":"2026-02-03T15:05:12","slug":"nie-zyje-najwybitniejszy-polski-piesciarz-ogromna-strata","status":"publish","type":"post","link":"https:\/\/swiat24.pl.ua\/?p=21836","title":{"rendered":"Nie \u017cyje najwybitniejszy polski pi\u0119\u015bciarz. Ogromna strata [*]"},"content":{"rendered":"\n<p>By\u0142 symbolem epoki, w kt\u00f3rej polski sport si\u0119ga\u0142 po najwy\u017csze laury na \u015bwiatowych arenach.<\/p>\n\n\n\n<p>Jego nazwisko przez dekady budzi\u0142o respekt, a dokonania sta\u0142y si\u0119 cz\u0119\u015bci\u0105 narodowej historii.<\/p>\n\n\n\n<p>Teraz \u015brodowisko sportowe przekaza\u0142o informacje, kt\u00f3re ko\u0144cz\u0105 pewien rozdzia\u0142.<\/p>\n\n\n\n<p>Z\u0142ota era polskiego boksu i droga na olimpijski szczyt<br>Marian Kasprzyk nale\u017ca\u0142 do grona sportowc\u00f3w, kt\u00f3rzy na trwa\u0142e zapisali si\u0119 w historii polskiego boksu amatorskiego.<\/p>\n\n\n\n<p>Urodzony 22 wrze\u015bnia 1939 roku w Zawierciu, dorasta\u0142 w czasach, gdy sport by\u0142 nie tylko rywalizacj\u0105, ale tak\u017ce sposobem na budowanie narodowej dumy w powojennej Polsce.<\/p>\n\n\n\n<p>Jego kariera rozwija\u0142a si\u0119 w okresie uznawanym dzi\u015b za z\u0142ot\u0105 dekad\u0119 polskiego boksu, gdy bia\u0142o-czerwoni pi\u0119\u015bciarze regularnie stawali na podium najwa\u017cniejszych imprez mi\u0119dzynarodowych.<\/p>\n\n\n\n<p>Pierwszym wielkim sygna\u0142em nadchodz\u0105cej klasy by\u0142 wyst\u0119p na igrzyskach olimpijskich w Rzymie w 1960 roku, zako\u0144czony zdobyciem br\u0105zowego medalu w wadze p\u00f3\u0142\u015bredniej.<\/p>\n\n\n\n<p>Cztery lata p\u00f3\u017aniej w Tokio osi\u0105gn\u0105\u0142 to, o czym marzy ka\u017cdy sportowiec \u2013 olimpijskie z\u0142oto, kt\u00f3re na zawsze wpisa\u0142o go do historii \u015bwiatowego boksu.<\/p>\n\n\n\n<p>Start w trzecich igrzyskach, w Meksyku w 1968 roku, potwierdzi\u0142 jego niezwyk\u0142\u0105 d\u0142ugowieczno\u015b\u0107 i klas\u0119 sportow\u0105.<\/p>\n\n\n\n<p>W trakcie kariery amatorskiej stoczy\u0142 270 walk, wygrywaj\u0105c zdecydowan\u0105 wi\u0119kszo\u015b\u0107 pojedynk\u00f3w dzi\u0119ki technice, inteligencji ringowej i odporno\u015bci psychicznej.<\/p>\n\n\n\n<p>\u017bycie pe\u0142ne kontrast\u00f3w: wielkie triumfy i trudne momenty<br>Historia Mariana Kasprzyka nie by\u0142a jedynie pasmem sukces\u00f3w, poniewa\u017c obok sportowych triumf\u00f3w pojawia\u0142y si\u0119 r\u00f3wnie\u017c momenty dramatyczne.<\/p>\n\n\n\n<p>Na pocz\u0105tku lat 60. zosta\u0142 zawieszony po udziale w b\u00f3jce, a kara \u2013 pocz\u0105tkowo do\u017cywotnia i po\u0142\u0105czona z wyrokiem wi\u0119zienia \u2013 wydawa\u0142a si\u0119 ko\u0144cem kariery.<\/p>\n\n\n\n<p>Decyzja ta zosta\u0142a jednak cofni\u0119ta tu\u017c przed igrzyskami w Tokio, co umo\u017cliwi\u0142o mu powr\u00f3t na ring i zdobycie olimpijskiego z\u0142ota.<\/p>\n\n\n\n<p>Ten burzliwy fragment \u017cycia sta\u0142 si\u0119 inspiracj\u0105 dla filmu \u201eBokser\u201d z 1966 roku, lu\u017ano opartego na jego losach.<\/p>\n\n\n\n<p>Po zako\u0144czeniu kariery nie zerwa\u0142 wi\u0119zi z boksem i przez lata dzia\u0142a\u0142 na rzecz rozwoju tej dyscypliny jako honorowy prezes Bielskiego Klubu Bokserskiego Beskidy.<\/p>\n\n\n\n<p>Pa\u0144stwo polskie doceni\u0142o jego wk\u0142ad w histori\u0119 sportu, przyznaj\u0105c mu w 2004 roku Krzy\u017c Kawalerski Orderu Odrodzenia Polski, a p\u00f3\u017aniej tak\u017ce Krzy\u017c Komandorski.<\/p>\n\n\n\n<p>Dziedzictwo, kt\u00f3re pozostanie na zawsze<br>Marian Kasprzyk by\u0142 jednym z architekt\u00f3w pot\u0119gi polskiej szko\u0142y boksu lat 60., obok takich postaci jak Jerzy Kulej czy J\u00f3zef Grudzie\u0144.<\/p>\n\n\n\n<p>Jego styl walki, oparty na precyzji, spokoju i doskona\u0142ym wyczuciu dystansu, do dzi\u015b stanowi punkt odniesienia dla trener\u00f3w i zawodnik\u00f3w.<\/p>\n\n\n\n<p>Ostatnie lata \u017cycia sp\u0119dzi\u0142 z dala od medialnego zgie\u0142ku, pozostaj\u0105c jednak wa\u017cnym symbolem dla \u015brodowiska sportowego.<\/p>\n\n\n\n<p>Informacja przekazana przez Bielski Klub Bokserski Beskidy zako\u0144czy\u0142a epok\u0119 jednego z ostatnich wielkich mistrz\u00f3w generacji, kt\u00f3ra wynios\u0142a polski boks na \u015bwiatowy poziom.<\/p>\n\n\n\n<p>Jego dorobek to nie tylko medale i statystyki, lecz tak\u017ce opowie\u015b\u0107 o determinacji, upadkach i powrotach, kt\u00f3ra na zawsze pozostanie cz\u0119\u015bci\u0105 historii polskiego sportu.<\/p>\n","protected":false},"excerpt":{"rendered":"By\u0142 symbolem epoki, w kt\u00f3rej polski sport si\u0119ga\u0142 po najwy\u017csze laury na \u015bwiatowych arenach. Jego nazwisko przez dekady budzi\u0142o respekt, a dokonania sta\u0142y \n<a class=\"moretag\" href=\"https:\/\/swiat24.pl.ua\/?p=21836\"> [...]<\/a>","protected":false},"author":1,"featured_media":21837,"comment_status":"open","ping_status":"open","sticky":false,"template":"","format":"standard","meta":{"footnotes":""},"categories":[1],"tags":[],"class_list":["post-21836","post","type-post","status-publish","format-standard","has-post-thumbnail","hentry","category-blog"],"_links":{"self":[{"href":"https:\/\/swiat24.pl.ua\/index.php?rest_route=\/wp\/v2\/posts\/21836","targetHints":{"allow":["GET"]}}],"collection":[{"href":"https:\/\/swiat24.pl.ua\/index.php?rest_route=\/wp\/v2\/posts"}],"about":[{"href":"https:\/\/swiat24.pl.ua\/index.php?rest_route=\/wp\/v2\/types\/post"}],"author":[{"embeddable":true,"href":"https:\/\/swiat24.pl.ua\/index.php?rest_route=\/wp\/v2\/users\/1"}],"replies":[{"embeddable":true,"href":"https:\/\/swiat24.pl.ua\/index.php?rest_route=%2Fwp%2Fv2%2Fcomments&post=21836"}],"version-history":[{"count":1,"href":"https:\/\/swiat24.pl.ua\/index.php?rest_route=\/wp\/v2\/posts\/21836\/revisions"}],"predecessor-version":[{"id":21838,"href":"https:\/\/swiat24.pl.ua\/index.php?rest_route=\/wp\/v2\/posts\/21836\/revisions\/21838"}],"wp:featuredmedia":[{"embeddable":true,"href":"https:\/\/swiat24.pl.ua\/index.php?rest_route=\/wp\/v2\/media\/21837"}],"wp:attachment":[{"href":"https:\/\/swiat24.pl.ua\/index.php?rest_route=%2Fwp%2Fv2%2Fmedia&parent=21836"}],"wp:term":[{"taxonomy":"category","embeddable":true,"href":"https:\/\/swiat24.pl.ua\/index.php?rest_route=%2Fwp%2Fv2%2Fcategories&post=21836"},{"taxonomy":"post_tag","embeddable":true,"href":"https:\/\/swiat24.pl.ua\/index.php?rest_route=%2Fwp%2Fv2%2Ftags&post=21836"}],"curies":[{"name":"wp","href":"https:\/\/api.w.org\/{rel}","templated":true}]}}