{"id":21827,"date":"2026-02-03T11:37:15","date_gmt":"2026-02-03T11:37:15","guid":{"rendered":"https:\/\/swiat24.pl.ua\/?p=21827"},"modified":"2026-02-03T11:37:15","modified_gmt":"2026-02-03T11:37:15","slug":"oficer-wywiadu-odeslal-karolowi-nawrockiemu-medal-od-amerykanow-wszystko-po-slowach-trumpa","status":"publish","type":"post","link":"https:\/\/swiat24.pl.ua\/?p=21827","title":{"rendered":"Oficer wywiadu odes\u0142a\u0142 Karolowi Nawrockiemu medal od Amerykan\u00f3w. Wszystko po s\u0142owach Trumpa"},"content":{"rendered":"\n<p>Na pocz\u0105tku lutego Polsk\u0119 obieg\u0142a wiadomo\u015b\u0107, kt\u00f3ra zaskoczy\u0142a niemal ca\u0142\u0105 opini\u0119 publiczn\u0105. Chodzi o czyn jednego z by\u0142ych oficer\u00f3w wywiadu wojskowego, skierowany do najwy\u017cszego zwierzchnika si\u0142 zbrojnych, kt\u00f3ry niemal natychmiast wywo\u0142a\u0142 fal\u0119 komentarzy w mediach i \u015brodowisku wojskowym.<\/p>\n\n\n\n<p> Ten akt nie by\u0142 s\u0142ownym protestem, lecz wyra\u017anym i wymownym sygna\u0142em wobec sposobu, w jaki traktowane s\u0105 warto\u015bci \u017co\u0142nierzy i pami\u0119\u0107 o ich po\u015bwi\u0119ceniu. Karol Nawrocki nie spodziewa\u0142 si\u0119 czego\u015b takiego.<\/p>\n\n\n\n<p>Symboliczny protest weterana \u2013 gest, kt\u00f3ry przyci\u0105gn\u0105\u0142 uwag\u0119 ca\u0142ego kraju<br>Misja w Afganistanie i znaczenie po\u015bwi\u0119cenia polskich \u017co\u0142nierzy<br>Polityczne reperkusje i wyzwania w relacjach mi\u0119dzynarodowych<br>Odes\u0142a\u0142 medal Karolowi Nawrockiemu, m\u00f3wi o tym ca\u0142a Polska<br>Pu\u0142kownik rezerwy Maciej Moryc, by\u0142y oficer wywiadu wojskowego, zdecydowa\u0142 si\u0119 na krok, kt\u00f3ry wielu okre\u015bla jako szokuj\u0105cy, ale te\u017c niezwykle wymowny. W odpowiedzi na obra\u017aliwe komentarze zagranicznego przyw\u00f3dcy dotycz\u0105ce \u017co\u0142nierzy NATO, pu\u0142kownik odes\u0142a\u0142 Karolowi Nawrockiemu medal, kt\u00f3ry otrzyma\u0142 za s\u0142u\u017cb\u0119 w misji ISAF w Afganistanie.<\/p>\n\n\n\n<p>Sam akt przes\u0142ania medalu by\u0142 kr\u00f3tkim, lecz symbolicznym o\u015bwiadczeniem: mia\u0142 przypomina\u0107 zwierzchnikowi Si\u0142 Zbrojnych o obowi\u0105zku obrony honoru \u017co\u0142nierzy, niezale\u017cnie od kontekstu politycznego czy dyplomatycznego. Pu\u0142kownik w wywiadach podkre\u015bla\u0142, \u017ce nie chodzi o upokorzenie kogokolwiek, lecz o wskazanie, \u017ce warto\u015bci takie jak honor, po\u015bwi\u0119cenie i pami\u0119\u0107 o poleg\u0142ych nie mog\u0105 by\u0107 ignorowane.<\/p>\n\n\n\n<p>Gest weterana sta\u0142 si\u0119 natychmiast szeroko komentowany w mediach spo\u0142eczno\u015bciowych i tradycyjnych, budz\u0105c dyskusje o tym, jak pa\u0144stwo powinno reagowa\u0107 na s\u0142owa obra\u017caj\u0105ce \u017co\u0142nierzy i jak weterani postrzegaj\u0105 dzia\u0142ania w\u0142adz. Dla wielu os\u00f3b zwi\u0105zanych z armi\u0105 by\u0142 to znak sprzeciwu wobec traktowania ich po\u015bwi\u0119cenia instrumentalnie w politycznych kalkulacjach.<br><\/p>\n\n\n\n<blockquote class=\"twitter-tweet\" data-media-max-width=\"560\"><p lang=\"pl\" dir=\"ltr\">By\u0142y oficer wywiadu wojskowego, pp\u0142k rezerwy \u2066\u2066<a href=\"https:\/\/twitter.com\/MorycMaciej?ref_src=twsrc%5Etfw\">@MorycMaciej<\/a>\u2069 tak jak zapowiedzia\u0142 w moim programie tak zrobi\u0142 i odes\u0142a\u0142 \u2066<a href=\"https:\/\/twitter.com\/NawrockiKn?ref_src=twsrc%5Etfw\">@NawrockiKn<\/a>\u2069 medal, kt\u00f3ry dosta\u0142 od Amerykan\u00f3w za misj\u0119 w Afganistanie. <a href=\"https:\/\/t.co\/algnvjuHWq\">pic.twitter.com\/algnvjuHWq<\/a><\/p>&mdash; Tomasz Sekielski (@sekielski) <a href=\"https:\/\/twitter.com\/sekielski\/status\/2018392551779115310?ref_src=twsrc%5Etfw\">February 2, 2026<\/a><\/blockquote> <script async src=\"https:\/\/platform.twitter.com\/widgets.js\" charset=\"utf-8\"><\/script>\n\n\n\n<p>Misja w Afganistanie \u2013 po\u015bwi\u0119cenie i ci\u0119\u017car odpowiedzialno\u015bci<br>Polski udzia\u0142 w misji ISAF w Afganistanie trwa\u0142 od 2002 do 2014 roku i by\u0142 jednym z najwi\u0119kszych oraz najd\u0142u\u017cszych zaanga\u017cowa\u0144 wojskowych poza granicami kraju. Ponad 30 tysi\u0119cy \u017co\u0142nierzy pe\u0142ni\u0142o tam r\u00f3\u017cnorodne zadania \u2013 od szkolenia lokalnych si\u0142 bezpiecze\u0144stwa, przez patrolowanie niebezpiecznych teren\u00f3w, po bezpo\u015brednie starcia z si\u0142ami talib\u00f3w.<\/p>\n\n\n\n<p>Trudne warunki, liczne zagro\u017cenia i realne ryzyko \u017cycia sprawi\u0142y, \u017ce ka\u017cdy medal czy wyr\u00f3\u017cnienie przyznawane przez sojusznik\u00f3w \u2013 w tym USA \u2013 by\u0142o symbolem uznania i podkre\u015bleniem odwagi polskich \u017co\u0142nierzy. W Afganistanie poleg\u0142o 43 polskich \u017co\u0142nierzy, a setki innych wr\u00f3ci\u0142y z ranami fizycznymi i psychicznymi, kt\u00f3re odczuwaj\u0105 do dzi\u015b.<\/p>\n\n\n\n<p>W tym kontek\u015bcie ka\u017cde lekcewa\u017c\u0105ce stwierdzenie, kt\u00f3re umniejsza\u0142o znaczenie misji lub odwagi \u017co\u0142nierzy, by\u0142o odbierane jako bezpo\u015bredni afront wobec tych, kt\u00f3rzy ryzykowali \u017cycie w imi\u0119 bezpiecze\u0144stwa mi\u0119dzynarodowego i wsp\u00f3\u0142pracy sojuszniczej. Gest odes\u0142ania medalu sta\u0142 si\u0119 wi\u0119c nie tylko osobistym protestem pu\u0142kownika, lecz r\u00f3wnie\u017c symboliczn\u0105 obron\u0105 pami\u0119ci wszystkich uczestnik\u00f3w misji.<br><\/p>\n\n\n\n<p>Reperkusje polityczne i wyzwania w relacjach mi\u0119dzynarodowych<br>Decyzja pu\u0142kownika Moryca wywo\u0142a\u0142a szerok\u0105 debat\u0119 publiczn\u0105 i polityczn\u0105. Dla cz\u0119\u015bci weteran\u00f3w oraz komentator\u00f3w wojskowych sta\u0142a si\u0119 ona symbolem niezgody na instrumentalne traktowanie \u017co\u0142nierskiego po\u015bwi\u0119cenia. Jednocze\u015bnie w mediach i \u015brodowisku politycznym pojawi\u0142y si\u0119 g\u0142osy krytyczne, sugeruj\u0105ce, \u017ce gest ten m\u00f3g\u0142 by\u0107 zbyt emocjonalny lub nieadekwatny wobec skomplikowanego kontekstu dyplomatycznego.<\/p>\n\n\n\n<p>Sprawa wskazuje tak\u017ce na dylematy w relacjach polsko-ameryka\u0144skich. Polska postrzega Stany Zjednoczone jako kluczowego sojusznika w regionie, zw\u0142aszcza w obliczu zagro\u017ce\u0144 ze strony Rosji. Jednocze\u015bnie nieprzewidywalno\u015b\u0107 niekt\u00f3rych wypowiedzi polityk\u00f3w USA komplikuje utrzymanie sp\u00f3jnej polityki sojuszniczej. Dla w\u0142adz polskich oznacza to konieczno\u015b\u0107 balansowania mi\u0119dzy obron\u0105 honoru w\u0142asnych \u017co\u0142nierzy a utrzymaniem strategicznych relacji z partnerami zagranicznymi.<\/p>\n\n\n\n<p>Gest pu\u0142kownika Moryca przypomina, \u017ce honor i pami\u0119\u0107 o po\u015bwi\u0119ceniu \u017co\u0142nierzy s\u0105 warto\u015bciami trwa\u0142ymi, kt\u00f3re nie mog\u0105 by\u0107 po\u015bwi\u0119cane nawet w obliczu skomplikowanych interes\u00f3w politycznych czy dyplomatycznych. Jednostkowy akt sprzeciwu w imi\u0119 zasad sta\u0142 si\u0119 wyra\u017anym sygna\u0142em dla w\u0142adz, medi\u00f3w i spo\u0142ecze\u0144stwa o tym, jak wa\u017cne jest utrzymanie szacunku dla tych, kt\u00f3rzy ryzykuj\u0105 \u017cycie dla bezpiecze\u0144stwa kraju i sojusznik\u00f3w.<br><\/p>\n\n\n\n<figure class=\"wp-block-image size-full\"><img loading=\"lazy\" decoding=\"async\" width=\"910\" height=\"511\" src=\"https:\/\/swiat24.pl.ua\/wp-content\/uploads\/2026\/02\/image-2.png\" alt=\"\" class=\"wp-image-21828\" srcset=\"https:\/\/swiat24.pl.ua\/wp-content\/uploads\/2026\/02\/image-2.png 910w, https:\/\/swiat24.pl.ua\/wp-content\/uploads\/2026\/02\/image-2-300x168.png 300w, https:\/\/swiat24.pl.ua\/wp-content\/uploads\/2026\/02\/image-2-768x431.png 768w\" sizes=\"auto, (max-width: 910px) 100vw, 910px\" \/><\/figure>\n","protected":false},"excerpt":{"rendered":"Na pocz\u0105tku lutego Polsk\u0119 obieg\u0142a wiadomo\u015b\u0107, kt\u00f3ra zaskoczy\u0142a niemal ca\u0142\u0105 opini\u0119 publiczn\u0105. Chodzi o czyn jednego z by\u0142ych oficer\u00f3w wywiadu wojskowego, skierowany do \n<a class=\"moretag\" href=\"https:\/\/swiat24.pl.ua\/?p=21827\"> [...]<\/a>","protected":false},"author":1,"featured_media":21829,"comment_status":"open","ping_status":"open","sticky":false,"template":"","format":"standard","meta":{"footnotes":""},"categories":[1],"tags":[],"class_list":["post-21827","post","type-post","status-publish","format-standard","has-post-thumbnail","hentry","category-blog"],"_links":{"self":[{"href":"https:\/\/swiat24.pl.ua\/index.php?rest_route=\/wp\/v2\/posts\/21827","targetHints":{"allow":["GET"]}}],"collection":[{"href":"https:\/\/swiat24.pl.ua\/index.php?rest_route=\/wp\/v2\/posts"}],"about":[{"href":"https:\/\/swiat24.pl.ua\/index.php?rest_route=\/wp\/v2\/types\/post"}],"author":[{"embeddable":true,"href":"https:\/\/swiat24.pl.ua\/index.php?rest_route=\/wp\/v2\/users\/1"}],"replies":[{"embeddable":true,"href":"https:\/\/swiat24.pl.ua\/index.php?rest_route=%2Fwp%2Fv2%2Fcomments&post=21827"}],"version-history":[{"count":1,"href":"https:\/\/swiat24.pl.ua\/index.php?rest_route=\/wp\/v2\/posts\/21827\/revisions"}],"predecessor-version":[{"id":21830,"href":"https:\/\/swiat24.pl.ua\/index.php?rest_route=\/wp\/v2\/posts\/21827\/revisions\/21830"}],"wp:featuredmedia":[{"embeddable":true,"href":"https:\/\/swiat24.pl.ua\/index.php?rest_route=\/wp\/v2\/media\/21829"}],"wp:attachment":[{"href":"https:\/\/swiat24.pl.ua\/index.php?rest_route=%2Fwp%2Fv2%2Fmedia&parent=21827"}],"wp:term":[{"taxonomy":"category","embeddable":true,"href":"https:\/\/swiat24.pl.ua\/index.php?rest_route=%2Fwp%2Fv2%2Fcategories&post=21827"},{"taxonomy":"post_tag","embeddable":true,"href":"https:\/\/swiat24.pl.ua\/index.php?rest_route=%2Fwp%2Fv2%2Ftags&post=21827"}],"curies":[{"name":"wp","href":"https:\/\/api.w.org\/{rel}","templated":true}]}}