{"id":21784,"date":"2026-02-02T14:10:38","date_gmt":"2026-02-02T14:10:38","guid":{"rendered":"https:\/\/swiat24.pl.ua\/?p=21784"},"modified":"2026-02-02T14:10:38","modified_gmt":"2026-02-02T14:10:38","slug":"cialo-nauczycielki-ktora-zaginela-w-poblizu-pau-znaleziono-w-bagazniku-jej-samochodu","status":"publish","type":"post","link":"https:\/\/swiat24.pl.ua\/?p=21784","title":{"rendered":"Cia\u0142o nauczycielki, kt\u00f3ra zagin\u0119\u0142a w pobli\u017cu Pau, znaleziono w baga\u017cniku jej samochodu."},"content":{"rendered":"\n<p>W czwartek 8 stycznia 2026 roku w baga\u017cniku samochodu znaleziono martwe cia\u0142o nauczycielki, kt\u00f3ra zagin\u0119\u0142a dwa dni temu w Pirenejach Atlantyckich. Wszcz\u0119to dochodzenie.<\/p>\n\n\n\n<p>Prawie dwa dni po jej zagini\u0119ciu, w baga\u017cniku jej samochodu odkryto cia\u0142o nauczycielki. Sandrine O., 53 lata, mieszkanka Artigueloutan, niedaleko Pau, nauczycielka z Nousty (Pireneje Atlantyckie), nie by\u0142a widziana ani s\u0142yszana od wtorku, 6 stycznia 2026 roku.<\/p>\n\n\n\n<p>\u017bandarmeria wystosowa\u0142a apel do \u015bwiadk\u00f3w niepokoj\u0105cego zagini\u0119cia, ratusz w Artigueloutan powo\u0142a\u0142 jednostk\u0119 kryzysow\u0105, a tak\u017ce zorganizowano grupy poszukiwawcze, w kt\u00f3rych uczestniczy\u0142o kilkudziesi\u0119ciu wolontariuszy. Samoch\u00f3d kobiety zosta\u0142 w ko\u0144cu zauwa\u017cony na parkingu centrum handlowego w czwartek, 8 stycznia 2026 roku. Cia\u0142o znajdowa\u0142o si\u0119 w baga\u017cniku . \u201e Policja poprosi\u0142a mnie o prze\u015bcierad\u0142o, \u017ceby je przykry\u0107, wi\u0119c im je da\u0142em\u201d \u2013 powiedzia\u0142 kierownik pobliskiej restauracji w wywiadzie dla France Bleu, dodaj\u0105c, \u017ce dowiedzia\u0142 si\u0119 o akcji policyjnej, gdy przyjecha\u0142 do pracy.<\/p>\n\n\n\n<p>Preferowana jest teoria samob\u00f3jstwa.<br>Po zako\u0144czeniu poszukiwa\u0144, trwa dochodzenie w sprawie przyczyny \u015bmierci . Kamery monitoringu umieszczone w pobli\u017cu umo\u017cliwi\u0142y \u015bledczym ustalenie miejsca przyjazdu samochodu. Analiza nagrania wideo zdaje si\u0119 potwierdza\u0107 teori\u0119 samob\u00f3jstwa. Na nagraniach nie wida\u0107 nikogo wysiadaj\u0105cego ani zbli\u017caj\u0105cego si\u0119 do pojazdu, kt\u00f3ry by\u0142 zamkni\u0119ty od wewn\u0105trz w momencie przybycia funkcjonariuszy. \u201e W zwi\u0105zku z tym rozwa\u017ca si\u0119 mo\u017cliwo\u015b\u0107, \u017ce pani O. mog\u0142a dosta\u0107 si\u0119 do baga\u017cnika swojego pojazdu bezpo\u015brednio z wn\u0119trza kabiny pasa\u017cerskiej, opuszczaj\u0105c tylne siedzenie \u201d \u2013 stwierdzi\u0142 prokurator z Pau.<\/p>\n\n\n\n<p>Konieczne s\u0105 dalsze badania, w tym raporty toksykologiczne, aby potwierdzi\u0107 ten trop. Prokuratura poinformowa\u0142a, \u017ce \u200b\u200bskontaktowa\u0142a si\u0119 ze stowarzyszeniem Apavim (Pirenejskim Stowarzyszeniem Pomocy Ofiarom i Mediacji) w celu zapewnienia wsparcia i pomocy rodzinie zmar\u0142ego. Ka\u017cdego roku we Francji&nbsp;<a href=\"https:\/\/actu.femmeactuelle.fr\/actu\/news-actu\/disparition-de-la-famille-mechinaud-en-1972-de-nouvelles-fouilles-vont-etre-realisees-dans-ce-plus-vieux-cold-case-francais-2203109\">zaginie<\/a>&nbsp;oko\u0142o 50 000 os\u00f3b, w tym 10 000 nieletnich . W 2023 roku w kraju odnotowano 8848 samob\u00f3jstw.<\/p>\n\n\n\n<p><strong>Najwa\u017cniejsze wnioski:<\/strong><\/p>\n\n\n\n<ul class=\"wp-block-list\">\n<li>Cia\u0142o 53-letniej nauczycielki zosta\u0142o odkryte w czwartek 8 stycznia 2026 r. w jej samochodzie, w pobli\u017cu Pau.<\/li>\n\n\n\n<li>Znikn\u0119\u0142a dwa dni wcze\u015bniej, co spowodowa\u0142o zakrojone na szerok\u0105 skal\u0119 poszukiwania.<\/li>\n\n\n\n<li>Wst\u0119pne ustalenia \u015bledczych potwierdzaj\u0105 teori\u0119 samob\u00f3jstwa.<\/li>\n<\/ul>\n\n\n\n<h3 class=\"wp-block-heading\" id=\"eiiec\">\u0179r\u00f3d\u0142o :<\/h3>\n\n\n\n<p><a href=\"https:\/\/www.francebleu.fr\/infos\/faits-divers-justice\/disparition-d-une-institutrice-a-artigueloutan-la-piste-suicidaire-est-privilegiee-selon-le-parquet-de-pau-6932546\">France Bleu<\/a>&nbsp;, 8 stycznia 2026 r. \u2013 Zagini\u0119cie nauczycielki w Artigueloutan: \u201eTeoria samob\u00f3jstwa jest faworytem\u201d \u2013 twierdzi prokuratura w Pau<\/p>\n","protected":false},"excerpt":{"rendered":"W czwartek 8 stycznia 2026 roku w baga\u017cniku samochodu znaleziono martwe cia\u0142o nauczycielki, kt\u00f3ra zagin\u0119\u0142a dwa dni temu w Pirenejach Atlantyckich. Wszcz\u0119to dochodzenie. \n<a class=\"moretag\" href=\"https:\/\/swiat24.pl.ua\/?p=21784\"> [...]<\/a>","protected":false},"author":1,"featured_media":21785,"comment_status":"open","ping_status":"open","sticky":false,"template":"","format":"standard","meta":{"footnotes":""},"categories":[1],"tags":[],"class_list":["post-21784","post","type-post","status-publish","format-standard","has-post-thumbnail","hentry","category-blog"],"_links":{"self":[{"href":"https:\/\/swiat24.pl.ua\/index.php?rest_route=\/wp\/v2\/posts\/21784","targetHints":{"allow":["GET"]}}],"collection":[{"href":"https:\/\/swiat24.pl.ua\/index.php?rest_route=\/wp\/v2\/posts"}],"about":[{"href":"https:\/\/swiat24.pl.ua\/index.php?rest_route=\/wp\/v2\/types\/post"}],"author":[{"embeddable":true,"href":"https:\/\/swiat24.pl.ua\/index.php?rest_route=\/wp\/v2\/users\/1"}],"replies":[{"embeddable":true,"href":"https:\/\/swiat24.pl.ua\/index.php?rest_route=%2Fwp%2Fv2%2Fcomments&post=21784"}],"version-history":[{"count":1,"href":"https:\/\/swiat24.pl.ua\/index.php?rest_route=\/wp\/v2\/posts\/21784\/revisions"}],"predecessor-version":[{"id":21786,"href":"https:\/\/swiat24.pl.ua\/index.php?rest_route=\/wp\/v2\/posts\/21784\/revisions\/21786"}],"wp:featuredmedia":[{"embeddable":true,"href":"https:\/\/swiat24.pl.ua\/index.php?rest_route=\/wp\/v2\/media\/21785"}],"wp:attachment":[{"href":"https:\/\/swiat24.pl.ua\/index.php?rest_route=%2Fwp%2Fv2%2Fmedia&parent=21784"}],"wp:term":[{"taxonomy":"category","embeddable":true,"href":"https:\/\/swiat24.pl.ua\/index.php?rest_route=%2Fwp%2Fv2%2Fcategories&post=21784"},{"taxonomy":"post_tag","embeddable":true,"href":"https:\/\/swiat24.pl.ua\/index.php?rest_route=%2Fwp%2Fv2%2Ftags&post=21784"}],"curies":[{"name":"wp","href":"https:\/\/api.w.org\/{rel}","templated":true}]}}