{"id":21770,"date":"2026-02-02T12:05:49","date_gmt":"2026-02-02T12:05:49","guid":{"rendered":"https:\/\/swiat24.pl.ua\/?p=21770"},"modified":"2026-02-02T12:05:49","modified_gmt":"2026-02-02T12:05:49","slug":"wlosy-w-uszach-skad-sie-biora-i-czy-mozna-je-usunac","status":"publish","type":"post","link":"https:\/\/swiat24.pl.ua\/?p=21770","title":{"rendered":"W\u0142osy w uszach: sk\u0105d si\u0119 bior\u0105 i czy mo\u017cna je usun\u0105\u0107?"},"content":{"rendered":"\n<p>W\u0142osy w uszach s\u0105 zjawiskiem ca\u0142kowicie powszechnym i dotycz\u0105 praktycznie ka\u017cdego cz\u0142owieka, niezale\u017cnie od wieku czy p\u0142ci.<\/p>\n\n\n\n<p>Cho\u0107 wiele os\u00f3b postrzega je wy\u0142\u0105cznie jako problem estetyczny, dermatolodzy podkre\u015blaj\u0105, \u017ce pe\u0142ni\u0105 one konkretne i wa\u017cne funkcje ochronne.<\/p>\n\n\n\n<p>W\u0142osy na ciele, niezale\u017cnie od miejsca, w kt\u00f3rym si\u0119 znajduj\u0105, nie s\u0105 przypadkowe i stanowi\u0105 naturalny element mechanizm\u00f3w obronnych organizmu.<\/p>\n\n\n\n<p>Dzia\u0142aj\u0105 one jak bariera chroni\u0105ca przed kurzem, drobnymi zanieczyszczeniami, bakteriami i innymi czynnikami zewn\u0119trznymi, kt\u00f3re mog\u0142yby przedosta\u0107 si\u0119 do wn\u0119trza cia\u0142a.<\/p>\n\n\n\n<p>Pomagaj\u0105 r\u00f3wnie\u017c regulowa\u0107 temperatur\u0119 oraz zmniejszaj\u0105 ryzyko drobnych uraz\u00f3w i infekcji.<\/p>\n\n\n\n<p>Cho\u0107 najcz\u0119\u015bciej my\u015blimy o w\u0142osach na nogach, ramionach, pod pachami czy w nosie, ich obecno\u015b\u0107 mo\u017ce dotyczy\u0107 tak\u017ce mniej oczywistych miejsc.<\/p>\n\n\n\n<p>U wielu os\u00f3b pojawiaj\u0105 si\u0119 w\u0142osy na brodzie, nad g\u00f3rn\u0105 warg\u0105, na sutkach czy w\u0142a\u015bnie w uszach.<\/p>\n\n\n\n<p>Ich wyst\u0119powanie jest uzale\u017cnione od hormon\u00f3w, wieku, uwarunkowa\u0144 genetycznych oraz indywidualnych predyspozycji organizmu.<\/p>\n\n\n\n<p>Uszy r\u00f3wnie\u017c nie s\u0105 wyj\u0105tkiem i w ich obr\u0119bie naturalnie wyst\u0119puje ow\u0142osienie.<\/p>\n\n\n\n<p>Jak wyja\u015bnia dermatolog dr Nina Roos, ka\u017cdy cz\u0142owiek ma w\u0142osy w uszach, cho\u0107 u wi\u0119kszo\u015bci os\u00f3b s\u0105 one bardzo cienkie i niemal niewidoczne.<\/p>\n\n\n\n<p>Zazwyczaj przypominaj\u0105 delikatny meszek, kt\u00f3ry nie zwraca na siebie uwagi.<\/p>\n\n\n\n<p>U m\u0119\u017cczyzn w\u0142osy w uszach bywaj\u0105 jednak ciemniejsze, grubsze i bardziej widoczne.<\/p>\n\n\n\n<p>Zjawisko to nasila si\u0119 wraz z wiekiem, poniewa\u017c wzrost tych w\u0142osk\u00f3w jest stymulowany przez zmiany hormonalne zachodz\u0105ce w organizmie.<\/p>\n\n\n\n<p>Du\u017c\u0105 rol\u0119 odgrywa tak\u017ce genetyka, poniewa\u017c sk\u0142onno\u015b\u0107 do intensywniejszego ow\u0142osienia w uszach cz\u0119sto jest dziedziczna.<\/p>\n\n\n\n<p>Je\u015bli rodzice lub dziadkowie mieli wyra\u017ane w\u0142osy w uszach, istnieje du\u017ce prawdopodobie\u0144stwo, \u017ce pojawi\u0105 si\u0119 one r\u00f3wnie\u017c u kolejnych pokole\u0144.<\/p>\n\n\n\n<p>Podobnie jak inne w\u0142osy na ciele, ow\u0142osienie w uszach ma swoje praktyczne zastosowanie.<\/p>\n\n\n\n<p>Jego g\u0142\u00f3wn\u0105 funkcj\u0105 jest ochrona kana\u0142u s\u0142uchowego przed przedostawaniem si\u0119 cia\u0142 obcych.<\/p>\n\n\n\n<p>W\u0142oski zatrzymuj\u0105 drobiny kurzu, piasku oraz inne zanieczyszczenia, kt\u00f3re mog\u0142yby podra\u017cni\u0107 ucho lub wp\u0142yn\u0105\u0107 negatywnie na s\u0142uch.<\/p>\n\n\n\n<p>Dzi\u0119ki temu pe\u0142ni\u0105 rol\u0119 naturalnego filtra i zmniejszaj\u0105 ryzyko infekcji oraz uszkodze\u0144 mechanicznych.<\/p>\n\n\n\n<p>Mimo tej ochronnej funkcji wiele os\u00f3b decyduje si\u0119 na ich usuni\u0119cie ze wzgl\u0119d\u00f3w estetycznych.<\/p>\n\n\n\n<p>Zar\u00f3wno kobiety, jak i m\u0119\u017cczy\u017ani mog\u0105 usuwa\u0107 w\u0142osy z uszu, je\u015bli uznaj\u0105 je za nieestetyczne lub uci\u0105\u017cliwe.<\/p>\n\n\n\n<p>Istnieje kilka metod, kt\u00f3re pozwalaj\u0105 pozby\u0107 si\u0119 ow\u0142osienia w tej okolicy.<\/p>\n\n\n\n<p>Najprostszym rozwi\u0105zaniem jest przycinanie w\u0142osk\u00f3w przy u\u017cyciu ma\u0142ych no\u017cyczek lub specjalnego trymera.<\/p>\n\n\n\n<p>Wa\u017cne jest jednak zachowanie ostro\u017cno\u015bci, aby nie skaleczy\u0107 delikatnej sk\u00f3ry ucha.<\/p>\n\n\n\n<p>Niekt\u00f3rzy decyduj\u0105 si\u0119 na depilacj\u0119 woskiem, jednak metoda ta wymaga do\u015bwiadczenia i du\u017cej precyzji.<\/p>\n\n\n\n<p>Nieprawid\u0142owe u\u017cycie wosku mo\u017ce prowadzi\u0107 do poparze\u0144 lub przedostania si\u0119 preparatu do kana\u0142u s\u0142uchowego.<\/p>\n\n\n\n<p>Dermatolog dr Nina Roos zaleca w szczeg\u00f3lno\u015bci u\u017cywanie p\u0119sety.<\/p>\n\n\n\n<p>Jest to metoda bardziej czasoch\u0142onna, ale pozwala na precyzyjne usuni\u0119cie pojedynczych w\u0142osk\u00f3w.<\/p>\n\n\n\n<p>Podczas takiego zabiegu nale\u017cy unika\u0107 gwa\u0142townych ruch\u00f3w, zw\u0142aszcza je\u015bli w\u0142osy znajduj\u0105 si\u0119 g\u0142\u0119boko w uchu.<\/p>\n\n\n\n<p>Alternatyw\u0105 mo\u017ce by\u0107 tak\u017ce delikatne wybielanie w\u0142osk\u00f3w.<\/p>\n\n\n\n<p>Ta metoda sprawia, \u017ce ow\u0142osienie staje si\u0119 mniej widoczne, jednak wyma\u017ca wyj\u0105tkowej ostro\u017cno\u015bci.<\/p>\n\n\n\n<p>Preparaty rozja\u015bniaj\u0105ce nie powinny mie\u0107 kontaktu z kana\u0142em s\u0142uchowym, poniewa\u017c mog\u0105 powodowa\u0107 podra\u017cnienia.<\/p>\n\n\n\n<p>Coraz wi\u0119ksz\u0105 popularno\u015bci\u0105 ciesz\u0105 si\u0119 r\u00f3wnie\u017c specjalne trymery przeznaczone do w\u0142os\u00f3w w nosie i uszach.<\/p>\n\n\n\n<p>Wyposa\u017cone s\u0105 one w precyzyjne ko\u0144c\u00f3wki, kt\u00f3re pozwalaj\u0105 bezpiecznie przyci\u0105\u0107 w\u0142oski bez b\u00f3lu i ryzyka skaleczenia.<\/p>\n\n\n\n<p>Wiele os\u00f3b zastanawia si\u0119 tak\u017ce nad trwa\u0142ymi metodami usuwania ow\u0142osienia, takimi jak depilacja laserowa.<\/p>\n\n\n\n<p>W przypadku w\u0142os\u00f3w w uszach laser zazwyczaj nie przynosi zadowalaj\u0105cych efekt\u00f3w.<\/p>\n\n\n\n<p>Zdaniem dermatolog\u00f3w metoda ta nie sprawdza si\u0119 dobrze w tej lokalizacji i nie gwarantuje trwa\u0142ych rezultat\u00f3w.<\/p>\n\n\n\n<p>Dlatego osoby chc\u0105ce pozby\u0107 si\u0119 w\u0142osk\u00f3w musz\u0105 wybiera\u0107 spo\u015br\u00f3d metod tymczasowych.<\/p>\n\n\n\n<p>Ka\u017cdy mo\u017ce przetestowa\u0107 r\u00f3\u017cne rozwi\u0105zania i zdecydowa\u0107, kt\u00f3re jest dla niego najbardziej komfortowe.<\/p>\n\n\n\n<p>Warto r\u00f3wnie\u017c pami\u0119ta\u0107, \u017ce pozostawienie w\u0142os\u00f3w w uszach jest ca\u0142kowicie naturalne i nie wymaga \u017cadnej interwencji.<\/p>\n\n\n\n<p>Decyzja o ich usuni\u0119ciu zale\u017cy wy\u0142\u0105cznie od osobistych preferencji.<\/p>\n\n\n\n<p>Nale\u017cy jednak zachowa\u0107 czujno\u015b\u0107 w sytuacjach, gdy u kobiet pojawia si\u0119 nadmierne, szorstkie ow\u0142osienie w tzw. m\u0119skich obszarach cia\u0142a.<\/p>\n\n\n\n<p>Mo\u017ce to by\u0107 objaw hirsutyzmu, kt\u00f3ry bywa zwi\u0105zany z zaburzeniami hormonalnymi.<\/p>\n\n\n\n<p>W takich przypadkach warto skonsultowa\u0107 si\u0119 z lekarzem, aby wykluczy\u0107 powa\u017cniejsze problemy zdrowotne.<\/p>\n","protected":false},"excerpt":{"rendered":"W\u0142osy w uszach s\u0105 zjawiskiem ca\u0142kowicie powszechnym i dotycz\u0105 praktycznie ka\u017cdego cz\u0142owieka, niezale\u017cnie od wieku czy p\u0142ci. Cho\u0107 wiele os\u00f3b postrzega je wy\u0142\u0105cznie \n<a class=\"moretag\" href=\"https:\/\/swiat24.pl.ua\/?p=21770\"> [...]<\/a>","protected":false},"author":1,"featured_media":21771,"comment_status":"open","ping_status":"open","sticky":false,"template":"","format":"standard","meta":{"footnotes":""},"categories":[1],"tags":[],"class_list":["post-21770","post","type-post","status-publish","format-standard","has-post-thumbnail","hentry","category-blog"],"_links":{"self":[{"href":"https:\/\/swiat24.pl.ua\/index.php?rest_route=\/wp\/v2\/posts\/21770","targetHints":{"allow":["GET"]}}],"collection":[{"href":"https:\/\/swiat24.pl.ua\/index.php?rest_route=\/wp\/v2\/posts"}],"about":[{"href":"https:\/\/swiat24.pl.ua\/index.php?rest_route=\/wp\/v2\/types\/post"}],"author":[{"embeddable":true,"href":"https:\/\/swiat24.pl.ua\/index.php?rest_route=\/wp\/v2\/users\/1"}],"replies":[{"embeddable":true,"href":"https:\/\/swiat24.pl.ua\/index.php?rest_route=%2Fwp%2Fv2%2Fcomments&post=21770"}],"version-history":[{"count":1,"href":"https:\/\/swiat24.pl.ua\/index.php?rest_route=\/wp\/v2\/posts\/21770\/revisions"}],"predecessor-version":[{"id":21772,"href":"https:\/\/swiat24.pl.ua\/index.php?rest_route=\/wp\/v2\/posts\/21770\/revisions\/21772"}],"wp:featuredmedia":[{"embeddable":true,"href":"https:\/\/swiat24.pl.ua\/index.php?rest_route=\/wp\/v2\/media\/21771"}],"wp:attachment":[{"href":"https:\/\/swiat24.pl.ua\/index.php?rest_route=%2Fwp%2Fv2%2Fmedia&parent=21770"}],"wp:term":[{"taxonomy":"category","embeddable":true,"href":"https:\/\/swiat24.pl.ua\/index.php?rest_route=%2Fwp%2Fv2%2Fcategories&post=21770"},{"taxonomy":"post_tag","embeddable":true,"href":"https:\/\/swiat24.pl.ua\/index.php?rest_route=%2Fwp%2Fv2%2Ftags&post=21770"}],"curies":[{"name":"wp","href":"https:\/\/api.w.org\/{rel}","templated":true}]}}