{"id":21763,"date":"2026-02-02T11:06:27","date_gmt":"2026-02-02T11:06:27","guid":{"rendered":"https:\/\/swiat24.pl.ua\/?p=21763"},"modified":"2026-02-02T11:06:27","modified_gmt":"2026-02-02T11:06:27","slug":"dojrzalem-do-powaznej-decyzji-zaskakujaca-deklaracja-szymona-holowni","status":"publish","type":"post","link":"https:\/\/swiat24.pl.ua\/?p=21763","title":{"rendered":"&#8220;Dojrza\u0142em do powa\u017cnej decyzji&#8221;. Zaskakuj\u0105ca deklaracja Szymona Ho\u0142owni"},"content":{"rendered":"\n<p>Szymon Ho\u0142ownia \u2013 posta\u0107, kt\u00f3ra jeszcze niedawno wydawa\u0142a si\u0119 jednym z najbardziej dynamicznych tw\u00f3rc\u00f3w nowej polskiej polityki \u2013 zn\u00f3w przyci\u0105gn\u0105\u0142 uwag\u0119 internaut\u00f3w. W przestrzeni publicznej gor\u0105co jest o wszystkim: od wewn\u0119trznych turbulencji w jego ugrupowaniu, przez emocjonuj\u0105ce wybory wewn\u0105trz partii. &nbsp;W ca\u0142ym zamieszaniu Ho\u0142ownia znalaz\u0142 czas by doda\u0107 ciekawy post na Instagramie.<\/p>\n\n\n\n<p>Ostatnie miesi\u0105ce Ho\u0142owni: polityczne turbulencje i rodzinne decyzje<br>Tygodnie w cieniu partyjnego chaosu<br>Ho\u0142ownia: Z okazji wej\u015bcia w 50. rok urodzin\u2026<br>Ostatnie miesi\u0105ce Szymona Ho\u0142owni: polityczne turbulencje i rodzinne decyzje<br>Ostatnie miesi\u0105ce by\u0142y dla Szymona Ho\u0142owni jednymi z najbardziej dynamicznych w jego politycznej karierze. Po dw\u00f3ch latach sprawowania funkcji marsza\u0142ka Sejmu Ho\u0142ownia formalnie zrezygnowa\u0142 z tego stanowiska w po\u0142owie listopada 2025 roku, przekazuj\u0105c obowi\u0105zki nowemu marsza\u0142kowi ni\u017cszej izby parlamentu, W\u0142odzimierzowi Czarzastemu zgodnie z wcze\u015bniejszymi koalicyjnymi ustaleniami.<\/p>\n\n\n\n<p>Po przekazaniu laski marsza\u0142kowskiej Szymon Ho\u0142ownia nie kry\u0142, \u017ce spogl\u0105da szerzej ni\u017c tylko na polsk\u0105 scen\u0119 polityczn\u0105. Pod koniec wrze\u015bnia 2025 roku og\u0142osi\u0142, \u017ce ubiega si\u0119 o stanowisko Wysokiego Komisarza Narod\u00f3w Zjednoczonych ds. Uchod\u017ac\u00f3w, jedn\u0105 z najwa\u017cniejszych funkcji w \u015bwiatowej dyplomacji humanitarnej, podkre\u015blaj\u0105c, \u017ce jego kandydatur\u0119 wspieraj\u0105 polskie w\u0142adze i ma nadziej\u0119 na szerokie poparcie mi\u0119dzynarodowe. Cho\u0107 jego nazwisko znalaz\u0142o si\u0119 w gronie g\u0142\u00f3wnych kandydat\u00f3w, ostatecznie stanowisko obj\u0105\u0142 by\u0142y prezydent Iraku Barham Ahmed Salih, co oznacza, \u017ce Ho\u0142ownia na razie nie wskoczy\u0142 na globaln\u0105 scen\u0119 ONZ.<\/p>\n\n\n\n<p>Te polityczne przeobra\u017cenia zbiegaj\u0105 si\u0119 z istotnymi zmianami w \u017cyciu prywatnym Ho\u0142owni. Jego \u017cona, Urszula Brzezi\u0144ska\u2011Ho\u0142ownia, po wielu latach s\u0142u\u017cby jako pilotka my\u015bliwca, zdecydowa\u0142a si\u0119 przej\u015b\u0107 na emerytur\u0119 i odchodzi ze s\u0142u\u017cby w Si\u0142ach Powietrznych, co medialnie podkre\u015blano jako wyb\u00f3r zwi\u0105zany z ch\u0119ci\u0105 skupienia si\u0119 na \u017cyciu rodzinnym po latach intensywnej s\u0142u\u017cby.<br><\/p>\n\n\n\n<p>Tygodnie w cieniu partyjnego chaosu<br>Kulminacj\u0105 tych napi\u0119\u0107 by\u0142y wewn\u0119trzne wybory na przewodnicz\u0105c\u0105 Polski 2050, kt\u00f3re zako\u0144czy\u0142y si\u0119 dopiero po powt\u00f3rzonej drugiej turze 31 stycznia 2026 roku. Cho\u0107 w pierwszej turze nie uda\u0142o si\u0119 wy\u0142oni\u0107 zwyci\u0119zcy, w ostatecznym g\u0142osowaniu, kt\u00f3re ody\u0142o si\u0119 31 stycznia Katarzyna Pe\u0142czy\u0144ska\u2011Na\u0142\u0119cz uzyska\u0142a wi\u0119cej g\u0142os\u00f3w ni\u017c Paulina Hennig\u2011Kloska i zosta\u0142a now\u0105 szefow\u0105 partii, przejmuj\u0105c stery po Ho\u0142owni.<\/p>\n\n\n\n<p>Ca\u0142y chaos zwi\u0105zany z nieudanym g\u0142osowaniem i jego p\u00f3\u017aniejszymi konsekwencjami nie odby\u0142 si\u0119 bez kontrowersji. W partii wrza\u0142o a sam Ho\u0142ownia nie kry\u0142 oburzenia ca\u0142\u0105 sytuacj\u0105. Publicznie krytykowa\u0142 dzia\u0142ania (jak to nazwa\u0142) \u201cfrakcji\u201d w Polsce 2050. Dosz\u0142o nawet do tego, \u017ce publicznie deklarowa\u0142, i\u017c w ostateczno\u015bci jest gotowy opu\u015bci\u0107 szeregi w\u0142asnego ugrupowania.<br><\/p>\n\n\n\n<blockquote class=\"instagram-media\" data-instgrm-captioned data-instgrm-permalink=\"https:\/\/www.instagram.com\/p\/DUOB007DJSw\/?utm_source=ig_embed&amp;utm_campaign=loading\" data-instgrm-version=\"14\" style=\" background:#FFF; border:0; border-radius:3px; box-shadow:0 0 1px 0 rgba(0,0,0,0.5),0 1px 10px 0 rgba(0,0,0,0.15); margin: 1px; max-width:540px; min-width:326px; padding:0; width:99.375%; width:-webkit-calc(100% - 2px); width:calc(100% - 2px);\"><div style=\"padding:16px;\"> <a href=\"https:\/\/www.instagram.com\/p\/DUOB007DJSw\/?utm_source=ig_embed&amp;utm_campaign=loading\" style=\" background:#FFFFFF; line-height:0; padding:0 0; text-align:center; text-decoration:none; width:100%;\" target=\"_blank\"> <div style=\" display: flex; flex-direction: row; align-items: center;\"> <div style=\"background-color: #F4F4F4; border-radius: 50%; flex-grow: 0; height: 40px; margin-right: 14px; width: 40px;\"><\/div> <div style=\"display: flex; flex-direction: column; flex-grow: 1; justify-content: center;\"> <div style=\" background-color: #F4F4F4; border-radius: 4px; flex-grow: 0; height: 14px; margin-bottom: 6px; width: 100px;\"><\/div> <div style=\" background-color: #F4F4F4; border-radius: 4px; flex-grow: 0; height: 14px; width: 60px;\"><\/div><\/div><\/div><div style=\"padding: 19% 0;\"><\/div> <div style=\"display:block; height:50px; margin:0 auto 12px; width:50px;\"><svg width=\"50px\" height=\"50px\" viewBox=\"0 0 60 60\" version=\"1.1\" xmlns=\"https:\/\/www.w3.org\/2000\/svg\" xmlns:xlink=\"https:\/\/www.w3.org\/1999\/xlink\"><g stroke=\"none\" stroke-width=\"1\" fill=\"none\" fill-rule=\"evenodd\"><g transform=\"translate(-511.000000, -20.000000)\" fill=\"#000000\"><g><path d=\"M556.869,30.41 C554.814,30.41 553.148,32.076 553.148,34.131 C553.148,36.186 554.814,37.852 556.869,37.852 C558.924,37.852 560.59,36.186 560.59,34.131 C560.59,32.076 558.924,30.41 556.869,30.41 M541,60.657 C535.114,60.657 530.342,55.887 530.342,50 C530.342,44.114 535.114,39.342 541,39.342 C546.887,39.342 551.658,44.114 551.658,50 C551.658,55.887 546.887,60.657 541,60.657 M541,33.886 C532.1,33.886 524.886,41.1 524.886,50 C524.886,58.899 532.1,66.113 541,66.113 C549.9,66.113 557.115,58.899 557.115,50 C557.115,41.1 549.9,33.886 541,33.886 M565.378,62.101 C565.244,65.022 564.756,66.606 564.346,67.663 C563.803,69.06 563.154,70.057 562.106,71.106 C561.058,72.155 560.06,72.803 558.662,73.347 C557.607,73.757 556.021,74.244 553.102,74.378 C549.944,74.521 548.997,74.552 541,74.552 C533.003,74.552 532.056,74.521 528.898,74.378 C525.979,74.244 524.393,73.757 523.338,73.347 C521.94,72.803 520.942,72.155 519.894,71.106 C518.846,70.057 518.197,69.06 517.654,67.663 C517.244,66.606 516.755,65.022 516.623,62.101 C516.479,58.943 516.448,57.996 516.448,50 C516.448,42.003 516.479,41.056 516.623,37.899 C516.755,34.978 517.244,33.391 517.654,32.338 C518.197,30.938 518.846,29.942 519.894,28.894 C520.942,27.846 521.94,27.196 523.338,26.654 C524.393,26.244 525.979,25.756 528.898,25.623 C532.057,25.479 533.004,25.448 541,25.448 C548.997,25.448 549.943,25.479 553.102,25.623 C556.021,25.756 557.607,26.244 558.662,26.654 C560.06,27.196 561.058,27.846 562.106,28.894 C563.154,29.942 563.803,30.938 564.346,32.338 C564.756,33.391 565.244,34.978 565.378,37.899 C565.522,41.056 565.552,42.003 565.552,50 C565.552,57.996 565.522,58.943 565.378,62.101 M570.82,37.631 C570.674,34.438 570.167,32.258 569.425,30.349 C568.659,28.377 567.633,26.702 565.965,25.035 C564.297,23.368 562.623,22.342 560.652,21.575 C558.743,20.834 556.562,20.326 553.369,20.18 C550.169,20.033 549.148,20 541,20 C532.853,20 531.831,20.033 528.631,20.18 C525.438,20.326 523.257,20.834 521.349,21.575 C519.376,22.342 517.703,23.368 516.035,25.035 C514.368,26.702 513.342,28.377 512.574,30.349 C511.834,32.258 511.326,34.438 511.181,37.631 C511.035,40.831 511,41.851 511,50 C511,58.147 511.035,59.17 511.181,62.369 C511.326,65.562 511.834,67.743 512.574,69.651 C513.342,71.625 514.368,73.296 516.035,74.965 C517.703,76.634 519.376,77.658 521.349,78.425 C523.257,79.167 525.438,79.673 528.631,79.82 C531.831,79.965 532.853,80.001 541,80.001 C549.148,80.001 550.169,79.965 553.369,79.82 C556.562,79.673 558.743,79.167 560.652,78.425 C562.623,77.658 564.297,76.634 565.965,74.965 C567.633,73.296 568.659,71.625 569.425,69.651 C570.167,67.743 570.674,65.562 570.82,62.369 C570.966,59.17 571,58.147 571,50 C571,41.851 570.966,40.831 570.82,37.631\"><\/path><\/g><\/g><\/g><\/svg><\/div><div style=\"padding-top: 8px;\"> <div style=\" color:#3897f0; font-family:Arial,sans-serif; font-size:14px; font-style:normal; font-weight:550; line-height:18px;\">\u041f\u043e\u0441\u043c\u043e\u0442\u0440\u0435\u0442\u044c \u044d\u0442\u0443 \u043f\u0443\u0431\u043b\u0438\u043a\u0430\u0446\u0438\u044e \u0432 Instagram<\/div><\/div><div style=\"padding: 12.5% 0;\"><\/div> <div style=\"display: flex; flex-direction: row; margin-bottom: 14px; align-items: center;\"><div> <div style=\"background-color: #F4F4F4; border-radius: 50%; height: 12.5px; width: 12.5px; transform: translateX(0px) translateY(7px);\"><\/div> <div style=\"background-color: #F4F4F4; height: 12.5px; transform: rotate(-45deg) translateX(3px) translateY(1px); width: 12.5px; flex-grow: 0; margin-right: 14px; margin-left: 2px;\"><\/div> <div style=\"background-color: #F4F4F4; border-radius: 50%; height: 12.5px; width: 12.5px; transform: translateX(9px) translateY(-18px);\"><\/div><\/div><div style=\"margin-left: 8px;\"> <div style=\" background-color: #F4F4F4; border-radius: 50%; flex-grow: 0; height: 20px; width: 20px;\"><\/div> <div style=\" width: 0; height: 0; border-top: 2px solid transparent; border-left: 6px solid #f4f4f4; border-bottom: 2px solid transparent; transform: translateX(16px) translateY(-4px) rotate(30deg)\"><\/div><\/div><div style=\"margin-left: auto;\"> <div style=\" width: 0px; border-top: 8px solid #F4F4F4; border-right: 8px solid transparent; transform: translateY(16px);\"><\/div> <div style=\" background-color: #F4F4F4; flex-grow: 0; height: 12px; width: 16px; transform: translateY(-4px);\"><\/div> <div style=\" width: 0; height: 0; border-top: 8px solid #F4F4F4; border-left: 8px solid transparent; transform: translateY(-4px) translateX(8px);\"><\/div><\/div><\/div> <div style=\"display: flex; flex-direction: column; flex-grow: 1; justify-content: center; margin-bottom: 24px;\"> <div style=\" background-color: #F4F4F4; border-radius: 4px; flex-grow: 0; height: 14px; margin-bottom: 6px; width: 224px;\"><\/div> <div style=\" background-color: #F4F4F4; border-radius: 4px; flex-grow: 0; height: 14px; width: 144px;\"><\/div><\/div><\/a><p style=\" color:#c9c8cd; font-family:Arial,sans-serif; font-size:14px; line-height:17px; margin-bottom:0; margin-top:8px; overflow:hidden; padding:8px 0 7px; text-align:center; text-overflow:ellipsis; white-space:nowrap;\"><a href=\"https:\/\/www.instagram.com\/p\/DUOB007DJSw\/?utm_source=ig_embed&amp;utm_campaign=loading\" style=\" color:#c9c8cd; font-family:Arial,sans-serif; font-size:14px; font-style:normal; font-weight:normal; line-height:17px; text-decoration:none;\" target=\"_blank\">\u041f\u0443\u0431\u043b\u0438\u043a\u0430\u0446\u0438\u044f \u043e\u0442 Szymon Ho\u0142ownia (@szymon.holownia)<\/a><\/p><\/div><\/blockquote>\n<script async src=\"\/\/www.instagram.com\/embed.js\"><\/script>\n\n\n\n<p>Ho\u0142ownia: Z okazji wej\u015bcia w 50. rok urodzin\u2026<br>W samym \u015brodku tych politycznych zawirowa\u0144 Szymon Ho\u0142ownia opublikowa\u0142 posta na Instagramie, kt\u00f3ry na pierwszy rzut oka wydaje si\u0119 zupe\u0142nie niezwi\u0105zany z polityk\u0105. Napisa\u0142 w nim, \u017ce z okazji wej\u015bcia w rok swoich 50. urodzin \u201edojrza\u0142 do powa\u017cnej decyzji: naby\u0142 pierwszy w \u017cyciu kapelusz\u201d. W swoim \u017cartobliwym stylu doda\u0142, \u017ce b\u0119dzie go nosi\u0142 z godno\u015bci\u0105, k\u0142ania\u0142 si\u0119 nim damom i wygl\u0105da\u0142 na sw\u00f3j wiek.<\/p>\n\n\n\n<p>Ten lekki, osobisty ton kontrastuje z powa\u017cn\u0105 atmosfer\u0105 politycznych decyzji i daje moment wytchnienia. Nowy zakup Ho\u0142owni i wspomniany moment wej\u015bcia w 50. rok \u017cycia mo\u017ce by\u0107 dla by\u0142ego marsza\u0142ka symboliczny.<br><\/p>\n\n\n\n<p><\/p>\n","protected":false},"excerpt":{"rendered":"Szymon Ho\u0142ownia \u2013 posta\u0107, kt\u00f3ra jeszcze niedawno wydawa\u0142a si\u0119 jednym z najbardziej dynamicznych tw\u00f3rc\u00f3w nowej polskiej polityki \u2013 zn\u00f3w przyci\u0105gn\u0105\u0142 uwag\u0119 internaut\u00f3w. W \n<a class=\"moretag\" href=\"https:\/\/swiat24.pl.ua\/?p=21763\"> [...]<\/a>","protected":false},"author":1,"featured_media":21764,"comment_status":"open","ping_status":"open","sticky":false,"template":"","format":"standard","meta":{"footnotes":""},"categories":[1],"tags":[],"class_list":["post-21763","post","type-post","status-publish","format-standard","has-post-thumbnail","hentry","category-blog"],"_links":{"self":[{"href":"https:\/\/swiat24.pl.ua\/index.php?rest_route=\/wp\/v2\/posts\/21763","targetHints":{"allow":["GET"]}}],"collection":[{"href":"https:\/\/swiat24.pl.ua\/index.php?rest_route=\/wp\/v2\/posts"}],"about":[{"href":"https:\/\/swiat24.pl.ua\/index.php?rest_route=\/wp\/v2\/types\/post"}],"author":[{"embeddable":true,"href":"https:\/\/swiat24.pl.ua\/index.php?rest_route=\/wp\/v2\/users\/1"}],"replies":[{"embeddable":true,"href":"https:\/\/swiat24.pl.ua\/index.php?rest_route=%2Fwp%2Fv2%2Fcomments&post=21763"}],"version-history":[{"count":1,"href":"https:\/\/swiat24.pl.ua\/index.php?rest_route=\/wp\/v2\/posts\/21763\/revisions"}],"predecessor-version":[{"id":21765,"href":"https:\/\/swiat24.pl.ua\/index.php?rest_route=\/wp\/v2\/posts\/21763\/revisions\/21765"}],"wp:featuredmedia":[{"embeddable":true,"href":"https:\/\/swiat24.pl.ua\/index.php?rest_route=\/wp\/v2\/media\/21764"}],"wp:attachment":[{"href":"https:\/\/swiat24.pl.ua\/index.php?rest_route=%2Fwp%2Fv2%2Fmedia&parent=21763"}],"wp:term":[{"taxonomy":"category","embeddable":true,"href":"https:\/\/swiat24.pl.ua\/index.php?rest_route=%2Fwp%2Fv2%2Fcategories&post=21763"},{"taxonomy":"post_tag","embeddable":true,"href":"https:\/\/swiat24.pl.ua\/index.php?rest_route=%2Fwp%2Fv2%2Ftags&post=21763"}],"curies":[{"name":"wp","href":"https:\/\/api.w.org\/{rel}","templated":true}]}}