{"id":21754,"date":"2026-02-01T16:50:37","date_gmt":"2026-02-01T16:50:37","guid":{"rendered":"https:\/\/swiat24.pl.ua\/?p=21754"},"modified":"2026-02-01T16:50:37","modified_gmt":"2026-02-01T16:50:37","slug":"wpadlam-w-panike-gdy-otworzylam-drzwi-do-pokoju-mojej-nastoletniej-corki-to-co-zobaczylam-mnie-zszokowalo","status":"publish","type":"post","link":"https:\/\/swiat24.pl.ua\/?p=21754","title":{"rendered":"Wpad\u0142am w panik\u0119, gdy otworzy\u0142am drzwi do pokoju mojej nastoletniej c\u00f3rki. To, co zobaczy\u0142am, mnie zszokowa\u0142o."},"content":{"rendered":"\n<p>Moja c\u00f3rka ma 14 lat. Spotyka si\u0119 z ch\u0142opakiem w tym samym wieku. To bardzo dobrze wychowany, mi\u0142y facet.<\/p>\n\n\n\n<p>Ka\u017cdej niedzieli przychodzi do nas&#8230; i sp\u0119dza ca\u0142y dzie\u0144 w jej pokoju.<\/p>\n\n\n\n<p>Nie chcia\u0142em im przeszkadza\u0107, ale pewnej niedzieli pomy\u015bla\u0142em:<br>\u201eA co, je\u015bli robi\u0105 tam co\u015b niestosownego?!\u201d<\/p>\n\n\n\n<p>Wpad\u0142em do jej pokoju, otworzy\u0142em drzwi \u2013 lampa pali\u0142a si\u0119 s\u0142abym \u015bwiat\u0142em \u2013 i wiesz, co zobaczy\u0142em?<\/p>\n\n\n\n<p>Moja c\u00f3rka siedzia\u0142a na pod\u0142odze ze s\u0142uchawkami na uszach, ca\u0142kowicie poch\u0142oni\u0119ta pomaganiem mu w nauce do egzaminu z matematyki.<\/p>\n\n\n\n<p>Siedzia\u0142 obok otwartego notatnika i drapa\u0142 si\u0119 po g\u0142owie z zak\u0142opotaniem.<\/p>\n\n\n\n<p>Moja c\u00f3rka t\u0142umaczy\u0142a mi wzory z tak\u0105 cierpliwo\u015bci\u0105 i entuzjazmem, \u017ce dos\u0142ownie zamar\u0142am w drzwiach.<\/p>\n\n\n\n<p>Wok\u00f3\u0142 nich le\u017ca\u0142y markery, naklejki i podr\u0119czniki.<\/p>\n\n\n\n<p>Na talerzu, kt\u00f3ry im wcze\u015bniej przynios\u0142am, znajdowa\u0142y si\u0119 prawie nietkni\u0119te ciasteczka \u2014 byli zbyt skupieni, \u017ceby je\u015b\u0107.<\/p>\n\n\n\n<p>Kiedy mnie zauwa\u017cyli, oboje drgn\u0119li. Moja c\u00f3rka szybko zdj\u0119\u0142a s\u0142uchawki i cicho zapyta\u0142a:<br>\u201eMamo, wszystko w porz\u0105dku?\u201d<\/p>\n\n\n\n<p>Sta\u0142em tam przez kilka sekund, czuj\u0105c wstyd za my\u015bli, kt\u00f3re wcze\u015bniej przesz\u0142y mi przez g\u0142ow\u0119.<\/p>\n","protected":false},"excerpt":{"rendered":"Moja c\u00f3rka ma 14 lat. Spotyka si\u0119 z ch\u0142opakiem w tym samym wieku. To bardzo dobrze wychowany, mi\u0142y facet. Ka\u017cdej niedzieli przychodzi do \n<a class=\"moretag\" href=\"https:\/\/swiat24.pl.ua\/?p=21754\"> [...]<\/a>","protected":false},"author":1,"featured_media":21755,"comment_status":"open","ping_status":"open","sticky":false,"template":"","format":"standard","meta":{"footnotes":""},"categories":[1],"tags":[],"class_list":["post-21754","post","type-post","status-publish","format-standard","has-post-thumbnail","hentry","category-blog"],"_links":{"self":[{"href":"https:\/\/swiat24.pl.ua\/index.php?rest_route=\/wp\/v2\/posts\/21754","targetHints":{"allow":["GET"]}}],"collection":[{"href":"https:\/\/swiat24.pl.ua\/index.php?rest_route=\/wp\/v2\/posts"}],"about":[{"href":"https:\/\/swiat24.pl.ua\/index.php?rest_route=\/wp\/v2\/types\/post"}],"author":[{"embeddable":true,"href":"https:\/\/swiat24.pl.ua\/index.php?rest_route=\/wp\/v2\/users\/1"}],"replies":[{"embeddable":true,"href":"https:\/\/swiat24.pl.ua\/index.php?rest_route=%2Fwp%2Fv2%2Fcomments&post=21754"}],"version-history":[{"count":1,"href":"https:\/\/swiat24.pl.ua\/index.php?rest_route=\/wp\/v2\/posts\/21754\/revisions"}],"predecessor-version":[{"id":21756,"href":"https:\/\/swiat24.pl.ua\/index.php?rest_route=\/wp\/v2\/posts\/21754\/revisions\/21756"}],"wp:featuredmedia":[{"embeddable":true,"href":"https:\/\/swiat24.pl.ua\/index.php?rest_route=\/wp\/v2\/media\/21755"}],"wp:attachment":[{"href":"https:\/\/swiat24.pl.ua\/index.php?rest_route=%2Fwp%2Fv2%2Fmedia&parent=21754"}],"wp:term":[{"taxonomy":"category","embeddable":true,"href":"https:\/\/swiat24.pl.ua\/index.php?rest_route=%2Fwp%2Fv2%2Fcategories&post=21754"},{"taxonomy":"post_tag","embeddable":true,"href":"https:\/\/swiat24.pl.ua\/index.php?rest_route=%2Fwp%2Fv2%2Ftags&post=21754"}],"curies":[{"name":"wp","href":"https:\/\/api.w.org\/{rel}","templated":true}]}}