{"id":21748,"date":"2026-02-01T16:22:27","date_gmt":"2026-02-01T16:22:27","guid":{"rendered":"https:\/\/swiat24.pl.ua\/?p=21748"},"modified":"2026-02-01T16:22:27","modified_gmt":"2026-02-01T16:22:27","slug":"ledwo-kaczynski-trafil-do-szpitala-a-tu-takie-wiesci-nie-uwierzycie-kto-go-ma-zastapic","status":"publish","type":"post","link":"https:\/\/swiat24.pl.ua\/?p=21748","title":{"rendered":"Ledwo Kaczy\u0144ski trafi\u0142 do szpitala a tu takie wie\u015bci. Nie uwierzycie kto go ma zast\u0105pi\u0107"},"content":{"rendered":"\n<p>Informacje o nag\u0142ej hospitalizacji lidera Prawa i Sprawiedliwo\u015bci wywo\u0142a\u0142y fal\u0119 spekulacji dotycz\u0105cych przysz\u0142o\u015bci ugrupowania w najbli\u017cszych tygodniach.<\/p>\n\n\n\n<p>Cho\u0107 w\u0142adze partii staraj\u0105 si\u0119 zachowa\u0107 spok\u00f3j, zmiany w harmonogramach kluczowych spotka\u0144 zwr\u00f3ci\u0142y uwag\u0119 komentator\u00f3w.<\/p>\n\n\n\n<p>Dla wielu obserwator\u00f3w jest to sygna\u0142, \u017ce sytuacja wymaga\u0142a uruchomienia procedur zast\u0119pstwa.<\/p>\n\n\n\n<p>Pierwsze doniesienia o pobycie Jaros\u0142awa Kaczy\u0144skiego w szpitalu przekaza\u0142o Radio Wnet.<\/p>\n\n\n\n<p>Informacja b\u0142yskawicznie sta\u0142a si\u0119 jednym z g\u0142\u00f3wnych temat\u00f3w debaty publicznej.<\/p>\n\n\n\n<p>Rzecznik PiS Rafa\u0142 Bochenek potwierdzi\u0142 w rozmowie z \u201eFaktem\u201d, \u017ce prezes przebywa pod opiek\u0105 lekarzy.<\/p>\n\n\n\n<p>Powodem hospitalizacji ma by\u0107 sezonowa infekcja wymagaj\u0105ca serii bada\u0144 kontrolnych.<\/p>\n\n\n\n<p>Wed\u0142ug oficjalnych komunikat\u00f3w nie jest to sytuacja nag\u0142a ani zagra\u017caj\u0105ca \u017cyciu.<\/p>\n\n\n\n<p>Wsp\u00f3\u0142pracownicy polityka wskazuj\u0105 jednak na intensywny tryb pracy w ostatnich dniach.<\/p>\n\n\n\n<p>Jaros\u0142aw Kaczy\u0144ski bra\u0142 udzia\u0142 w licznych spotkaniach w wojew\u00f3dztwie \u015bwi\u0119tokrzyskim.<\/p>\n\n\n\n<p>Cz\u0119\u015b\u0107 z nich odbywa\u0142a si\u0119 w trudnych warunkach atmosferycznych.<\/p>\n\n\n\n<p>Szczeg\u00f3lnie wymieniany jest kongres rolniczy zorganizowany w jednej z lokalnych szk\u00f3\u0142.<\/p>\n\n\n\n<p>W sali panowa\u0142 ch\u0142\u00f3d, kt\u00f3ry m\u00f3g\u0142 negatywnie wp\u0142yn\u0105\u0107 na kondycj\u0119 lidera PiS.<\/p>\n\n\n\n<p>Dodatkowe w\u0105tpliwo\u015bci wzbudzi\u0142a publikacja \u201eSuper Expressu\u201d.<\/p>\n\n\n\n<p>Dziennik zasugerowa\u0142, \u017ce diagnoza mo\u017ce by\u0107 powa\u017cniejsza ni\u017c oficjalnie podawana.<\/p>\n\n\n\n<p>Wed\u0142ug tych doniesie\u0144 chodzi o zapalenie p\u0142uc.<\/p>\n\n\n\n<p>Wskazywano na uporczywy kaszel oraz utrzymuj\u0105c\u0105 si\u0119 podwy\u017cszon\u0105 temperatur\u0119.<\/p>\n\n\n\n<p>To w\u0142a\u015bnie te objawy mia\u0142y sk\u0142oni\u0107 lekarzy do decyzji o d\u0142u\u017cszej obserwacji.<\/p>\n\n\n\n<p>Hospitalizacja ma potrwa\u0107 co najmniej siedem dni.<\/p>\n\n\n\n<p>Nie jest wykluczone, \u017ce pobyt w szpitalu zostanie przed\u0142u\u017cony.<\/p>\n\n\n\n<p>Lekarze chc\u0105 w ten spos\u00f3b ograniczy\u0107 ryzyko ewentualnych powik\u0142a\u0144.<\/p>\n\n\n\n<p>Takie zagro\u017cenia s\u0105 szczeg\u00f3lnie istotne w przypadku os\u00f3b w wieku senioralnym.<\/p>\n\n\n\n<p>Stan zdrowia prezesa wymusi\u0142 rezygnacj\u0119 ze wszystkich zaplanowanych wyst\u0105pie\u0144 publicznych.<\/p>\n\n\n\n<p>Priorytetem sta\u0142a si\u0119 rekonwalescencja pod sta\u0142ym nadzorem specjalist\u00f3w.<\/p>\n\n\n\n<p>W czasie nieobecno\u015bci lidera zapad\u0142y istotne decyzje organizacyjne na Nowogrodzkiej.<\/p>\n\n\n\n<p>Mariusz B\u0142aszczak zosta\u0142 wskazany jako osoba kieruj\u0105ca bie\u017c\u0105cymi pracami ugrupowania.<\/p>\n\n\n\n<p>To on poprowadzi teraz posiedzenia prezydium oraz komitetu wykonawczego.<\/p>\n\n\n\n<p>Decyzja ta ma znaczenie strategiczne w obecnej sytuacji politycznej.<\/p>\n\n\n\n<p>B\u0142aszczak przejmie r\u00f3wnie\u017c prowadzenie kluczowych rozm\u00f3w z prezydentem Karolem Nawrockim.<\/p>\n\n\n\n<p>W ten spos\u00f3b umacnia swoj\u0105 pozycj\u0119 jako lider operacyjny partii.<\/p>\n\n\n\n<p>Dla wielu dzia\u0142aczy jest to dow\u00f3d du\u017cego zaufania ze strony Jaros\u0142awa Kaczy\u0144skiego.<\/p>\n\n\n\n<p>Nag\u0142e problemy zdrowotne prezesa przywo\u0142a\u0142y wspomnienia z lutego 2025 roku.<\/p>\n\n\n\n<p>W\u00f3wczas polityk by\u0142 hospitalizowany w Lublinie.<\/p>\n\n\n\n<p>Sprawa wzbudzi\u0142a kontrowersje po ujawnieniu, \u017ce zosta\u0142 zarejestrowany jako pacjent NN.<\/p>\n\n\n\n<p>Zainteresowanie sytuacj\u0105 wykaza\u0142 wtedy Narodowy Fundusz Zdrowia.<\/p>\n\n\n\n<p>NFZ domaga\u0142 si\u0119 wyja\u015bnie\u0144 od dyrekcji plac\u00f3wki medycznej.<\/p>\n\n\n\n<p>W przesz\u0142o\u015bci Jaros\u0142aw Kaczy\u0144ski zmaga\u0142 si\u0119 tak\u017ce z problemami ortopedycznymi.<\/p>\n\n\n\n<p>Przeszed\u0142 mi\u0119dzy innymi operacj\u0119 wszczepienia endoprotezy kolana.<\/p>\n\n\n\n<p>Ka\u017cda kolejna przerwa w jego aktywno\u015bci rodzi pytania o dynamik\u0119 dzia\u0142a\u0144 opozycji.<\/p>\n\n\n\n<p>Pojawiaj\u0105 si\u0119 te\u017c dyskusje o stabilno\u015bci struktur PiS bez bezpo\u015bredniego nadzoru lidera.<\/p>\n\n\n\n<p>Najbli\u017csze dni poka\u017c\u0105, jak partia poradzi sobie w tej przej\u015bciowej sytuacji.<\/p>\n","protected":false},"excerpt":{"rendered":"Informacje o nag\u0142ej hospitalizacji lidera Prawa i Sprawiedliwo\u015bci wywo\u0142a\u0142y fal\u0119 spekulacji dotycz\u0105cych przysz\u0142o\u015bci ugrupowania w najbli\u017cszych tygodniach. Cho\u0107 w\u0142adze partii staraj\u0105 si\u0119 zachowa\u0107 \n<a class=\"moretag\" href=\"https:\/\/swiat24.pl.ua\/?p=21748\"> [...]<\/a>","protected":false},"author":1,"featured_media":21749,"comment_status":"open","ping_status":"open","sticky":false,"template":"","format":"standard","meta":{"footnotes":""},"categories":[1],"tags":[],"class_list":["post-21748","post","type-post","status-publish","format-standard","has-post-thumbnail","hentry","category-blog"],"_links":{"self":[{"href":"https:\/\/swiat24.pl.ua\/index.php?rest_route=\/wp\/v2\/posts\/21748","targetHints":{"allow":["GET"]}}],"collection":[{"href":"https:\/\/swiat24.pl.ua\/index.php?rest_route=\/wp\/v2\/posts"}],"about":[{"href":"https:\/\/swiat24.pl.ua\/index.php?rest_route=\/wp\/v2\/types\/post"}],"author":[{"embeddable":true,"href":"https:\/\/swiat24.pl.ua\/index.php?rest_route=\/wp\/v2\/users\/1"}],"replies":[{"embeddable":true,"href":"https:\/\/swiat24.pl.ua\/index.php?rest_route=%2Fwp%2Fv2%2Fcomments&post=21748"}],"version-history":[{"count":1,"href":"https:\/\/swiat24.pl.ua\/index.php?rest_route=\/wp\/v2\/posts\/21748\/revisions"}],"predecessor-version":[{"id":21750,"href":"https:\/\/swiat24.pl.ua\/index.php?rest_route=\/wp\/v2\/posts\/21748\/revisions\/21750"}],"wp:featuredmedia":[{"embeddable":true,"href":"https:\/\/swiat24.pl.ua\/index.php?rest_route=\/wp\/v2\/media\/21749"}],"wp:attachment":[{"href":"https:\/\/swiat24.pl.ua\/index.php?rest_route=%2Fwp%2Fv2%2Fmedia&parent=21748"}],"wp:term":[{"taxonomy":"category","embeddable":true,"href":"https:\/\/swiat24.pl.ua\/index.php?rest_route=%2Fwp%2Fv2%2Fcategories&post=21748"},{"taxonomy":"post_tag","embeddable":true,"href":"https:\/\/swiat24.pl.ua\/index.php?rest_route=%2Fwp%2Fv2%2Ftags&post=21748"}],"curies":[{"name":"wp","href":"https:\/\/api.w.org\/{rel}","templated":true}]}}