{"id":21702,"date":"2026-01-31T14:46:39","date_gmt":"2026-01-31T14:46:39","guid":{"rendered":"https:\/\/swiat24.pl.ua\/?p=21702"},"modified":"2026-01-31T14:46:39","modified_gmt":"2026-01-31T14:46:39","slug":"kabaret-neo-nowka-w-zalobie-po-stracie-wspolpracowniczki-2","status":"publish","type":"post","link":"https:\/\/swiat24.pl.ua\/?p=21702","title":{"rendered":"Kabaret Neo-N\u00f3wka w \u017ca\u0142obie po stracie wsp\u00f3\u0142pracowniczki"},"content":{"rendered":"\n<p>Kabaret Neo-N\u00f3wka przekaza\u0142 swoim fanom bardzo smutn\u0105 wiadomo\u015b\u0107. Zmar\u0142a Maria Worek, kt\u00f3ra by\u0142a wsp\u00f3\u0142pracowniczk\u0105 zespo\u0142u i aktork\u0105 maj\u0105c\u0105 zaledwie 33 lata. Swoj\u0105 obecno\u015bci\u0105 u\u015bwietni\u0142a teledysk do piosenki kabaretu \u201eOne Love\u201d, w kt\u00f3rym wcieli\u0142a si\u0119 w bohaterk\u0119 b\u0119d\u0105c\u0105 przedmiotem rywalizacji dw\u00f3ch m\u0119\u017cczyzn.<\/p>\n\n\n\n<h2 class=\"wp-block-heading\">Poruszaj\u0105cy wpis zespo\u0142u<\/h2>\n\n\n\n<p>W sieci pojawi\u0142o si\u0119 czarno-bia\u0142e zdj\u0119cie z Mari\u0105 Worek udost\u0119pnione przez Neo-N\u00f3wk\u0119, wraz z g\u0142\u0119bokim i wzruszaj\u0105cym komunikatem. Arty\u015bci wyrazili ogromny \u017cal oraz podkre\u015blili, \u017ce cho\u0107 Maria odesz\u0142a, na zawsze pozostanie \u017cywa w ich sercach.<\/p>\n\n\n\n<blockquote class=\"wp-block-quote is-layout-flow wp-block-quote-is-layout-flow\">\n<p>Kabaret Neo-N\u00f3wka: \u201eZgas\u0142a, jednak w naszych sercach b\u0119dzie \u015bwieci\u0107 zawsze.\u201d<\/p>\n<\/blockquote>\n\n\n<div class=\"wp-block-image\">\n<figure class=\"aligncenter\"><img decoding=\"async\" src=\"https:\/\/www.centralnierealne.pl\/wp-content\/uploads\/2025\/08\/z32195129IEKabaret-Neo-Nowka-jest-w-zalobie-Zgasla-jednak-.jpg\" alt=\"Kabaret Neo-N\u00f3wka w \u017ca\u0142obie\" class=\"wp-image-14886\"\/><\/figure>\n<\/div>\n\n\n<h2 class=\"wp-block-heading\">Kim by\u0142a Maria Worek?<\/h2>\n\n\n\n<p>Maria Worek by\u0142a m\u0142od\u0105 i utalentowan\u0105 aktork\u0105, kt\u00f3r\u0105 zapami\u0119tali\u015bmy przede wszystkim jako osob\u0119 wsp\u00f3\u0142pracuj\u0105c\u0105 z kabaretem Neo-N\u00f3wka. Jej wyst\u0119p w popularnym teledysku grupy na d\u0142ugo zapad\u0142 w pami\u0119\u0107 fan\u00f3w. Jej przedwczesna \u015bmier\u0107 w wieku 33 lat wstrz\u0105sn\u0119\u0142a zar\u00f3wno \u015brodowiskiem artystycznym, jak i szerok\u0105 publiczno\u015bci\u0105.<\/p>\n\n\n\n<h2 class=\"wp-block-heading\">Reakcje fan\u00f3w i medi\u00f3w na \u015bmier\u0107 aktorki<\/h2>\n\n\n\n<p>Wie\u015b\u0107 o odej\u015bciu Marii Worek zyska\u0142a szerokie zainteresowanie nie tylko w\u015br\u00f3d fan\u00f3w kabaretu, lecz r\u00f3wnie\u017c w mediach. Wielu wyrazi\u0142o swoje wsp\u00f3\u0142czucie i wsparcie dla rodziny oraz bliskich aktorki, podkre\u015blaj\u0105c jej ogromny talent oraz wk\u0142ad w tw\u00f3rczo\u015b\u0107 artystyczn\u0105.<\/p>\n\n\n\n<h2 class=\"wp-block-heading\">Wspomnienie, kt\u00f3re pozostaje<\/h2>\n\n\n\n<p>Odej\u015bcie Marii Worek pozostawi\u0142o pustk\u0119 w sercach zespo\u0142u Neo-N\u00f3wka i ich fan\u00f3w. Wspomnienia o jej pracy i zaanga\u017cowaniu b\u0119d\u0105 trwa\u0107 nadal, a jej posta\u0107 pozostanie ceniona i pami\u0119tana jako wa\u017cny element artystycznej drogi kabaretu.<\/p>\n","protected":false},"excerpt":{"rendered":"Kabaret Neo-N\u00f3wka przekaza\u0142 swoim fanom bardzo smutn\u0105 wiadomo\u015b\u0107. Zmar\u0142a Maria Worek, kt\u00f3ra by\u0142a wsp\u00f3\u0142pracowniczk\u0105 zespo\u0142u i aktork\u0105 maj\u0105c\u0105 zaledwie 33 lata. Swoj\u0105 obecno\u015bci\u0105 \n<a class=\"moretag\" href=\"https:\/\/swiat24.pl.ua\/?p=21702\"> [...]<\/a>","protected":false},"author":1,"featured_media":21703,"comment_status":"open","ping_status":"open","sticky":false,"template":"","format":"standard","meta":{"footnotes":""},"categories":[1],"tags":[],"class_list":["post-21702","post","type-post","status-publish","format-standard","has-post-thumbnail","hentry","category-blog"],"_links":{"self":[{"href":"https:\/\/swiat24.pl.ua\/index.php?rest_route=\/wp\/v2\/posts\/21702","targetHints":{"allow":["GET"]}}],"collection":[{"href":"https:\/\/swiat24.pl.ua\/index.php?rest_route=\/wp\/v2\/posts"}],"about":[{"href":"https:\/\/swiat24.pl.ua\/index.php?rest_route=\/wp\/v2\/types\/post"}],"author":[{"embeddable":true,"href":"https:\/\/swiat24.pl.ua\/index.php?rest_route=\/wp\/v2\/users\/1"}],"replies":[{"embeddable":true,"href":"https:\/\/swiat24.pl.ua\/index.php?rest_route=%2Fwp%2Fv2%2Fcomments&post=21702"}],"version-history":[{"count":1,"href":"https:\/\/swiat24.pl.ua\/index.php?rest_route=\/wp\/v2\/posts\/21702\/revisions"}],"predecessor-version":[{"id":21704,"href":"https:\/\/swiat24.pl.ua\/index.php?rest_route=\/wp\/v2\/posts\/21702\/revisions\/21704"}],"wp:featuredmedia":[{"embeddable":true,"href":"https:\/\/swiat24.pl.ua\/index.php?rest_route=\/wp\/v2\/media\/21703"}],"wp:attachment":[{"href":"https:\/\/swiat24.pl.ua\/index.php?rest_route=%2Fwp%2Fv2%2Fmedia&parent=21702"}],"wp:term":[{"taxonomy":"category","embeddable":true,"href":"https:\/\/swiat24.pl.ua\/index.php?rest_route=%2Fwp%2Fv2%2Fcategories&post=21702"},{"taxonomy":"post_tag","embeddable":true,"href":"https:\/\/swiat24.pl.ua\/index.php?rest_route=%2Fwp%2Fv2%2Ftags&post=21702"}],"curies":[{"name":"wp","href":"https:\/\/api.w.org\/{rel}","templated":true}]}}