{"id":21679,"date":"2026-01-30T11:49:13","date_gmt":"2026-01-30T11:49:13","guid":{"rendered":"https:\/\/swiat24.pl.ua\/?p=21679"},"modified":"2026-01-30T11:49:13","modified_gmt":"2026-01-30T11:49:13","slug":"karol-nawrocki-w-ogniu-kontrowersji-tajemnicze-prezenty-i-walka-w-sadzie","status":"publish","type":"post","link":"https:\/\/swiat24.pl.ua\/?p=21679","title":{"rendered":"Karol Nawrocki w ogniu kontrowersji \u2013 tajemnicze prezenty i walka w s\u0105dzie"},"content":{"rendered":"\n<p>Wok\u00f3\u0142 Pa\u0142acu Prezydenckiego narasta napi\u0119cie zwi\u0105zane ze spraw\u0105 tajemniczych paczek, kt\u00f3re rzekomo mia\u0142y trafi\u0107 do prezydenta Karola Nawrockiego oraz jego domownik\u00f3w. Temat ten nieustannie wzbudza emocje, cho\u0107 Kancelaria Prezydenta zdecydowanie odmawia ujawnienia bli\u017cszych szczeg\u00f3\u0142\u00f3w.<\/p>\n\n\n\n<h2 class=\"wp-block-heading\">Napi\u0119cie wok\u00f3\u0142 Pa\u0142acu Prezydenckiego ro\u015bnie<\/h2>\n\n\n\n<p>Sprawa tajemniczych paczek wywo\u0142uje coraz wi\u0119ksze zainteresowanie i kontrowersje. Kancelaria Prezydenta konsekwentnie odmawia podania szczeg\u00f3\u0142owych informacji, co pot\u0119guje spekulacje i niejasno\u015bci wok\u00f3\u0142 ca\u0142ej sytuacji.<\/p>\n\n\n\n<h2 class=\"wp-block-heading\">Tajemnicze paczki \u2013 co o nich wiadomo?<\/h2>\n\n\n\n<p>Po publikacjach \u201eGazety Wyborczej\u201d ujawniaj\u0105cych, \u017ce we wrze\u015bniu 2024 roku dostarczono ponad dwadzie\u015bcia paczek oznaczonych imionami domownik\u00f3w prezydenta, opinia publiczna zadaje pytania o ich zawarto\u015b\u0107 i cel. Szczeg\u00f3\u0142y pozostaj\u0105 jednak nieznane.<\/p>\n\n\n\n<p>Kancelaria Prezydenta o\u015bwiadczy\u0142a, \u017ce \u201enie posiada informacji obj\u0119tych zakresem \u017c\u0105dania\u201d. Dodatkowo, rejestry wej\u015b\u0107 i wyj\u015b\u0107 zosta\u0142y uznane za dane niejawne, co spotka\u0142o si\u0119 z krytyk\u0105 ze strony \u015brodowisk walcz\u0105cych o transparentno\u015b\u0107 \u017cycia publicznego.<\/p>\n\n\n\n<figure class=\"wp-block-image\"><img decoding=\"async\" src=\"https:\/\/bystryjanusz.pl\/wp-content\/uploads\/2025\/11\/2206.jpg\" alt=\"obrazek\"\/><\/figure>\n\n\n\n<h2 class=\"wp-block-heading\">Watchdog Polska nie ust\u0119puje i kieruje spraw\u0119 do s\u0105du<\/h2>\n\n\n\n<p>Sie\u0107 Obywatelska Watchdog Polska, znana z nadzoru nad dzia\u0142aniami w\u0142adz, nie zaakceptowa\u0142a odmowy Kancelarii i z\u0142o\u017cy\u0142a skarg\u0119 do Wojew\u00f3dzkiego S\u0105du Administracyjnego w Warszawie, zarzucaj\u0105c Kancelarii bezczynno\u015b\u0107. Szymon Osowski w rozmowie z \u201eRzeczpospolit\u0105\u201d podkre\u015bli\u0142:<\/p>\n\n\n\n<blockquote class=\"wp-block-quote is-layout-flow wp-block-quote-is-layout-flow\">\n<p>To nie jest normalna sytuacja, \u017ce ludzie prowadz\u0105cy du\u017ce biznesy wr\u0119czaj\u0105 mu upominki, a my musimy i\u015b\u0107 do s\u0105du, aby dowiedzie\u0107 si\u0119, co dok\u0142adnie znajdowa\u0142o si\u0119 w tych paczkach.<\/p>\n<\/blockquote>\n\n\n\n<p>W odpowiedzi Kancelaria Prezydenta z\u0142o\u017cy\u0142a wniosek o oddalenie skargi, co tylko pog\u0142\u0119bi\u0142o przekonanie, \u017ce sprawa wci\u0105\u017c obejmuje wiele niewyja\u015bnionych kwestii.<\/p>\n\n\n\n<h2 class=\"wp-block-heading\">Darczy\u0144cy bagatelizuj\u0105 zarzuty<\/h2>\n\n\n\n<p>Przedstawiciele Rafa\u0142a Brzoski i Omeny Mensah zdystansowali si\u0119 od medialnych doniesie\u0144. Justyna Komorek, doradczyni PR Omeny Mensah, wyja\u015bni\u0142a w rozmowie z \u201eRzeczpospolit\u0105\u201d, \u017ce liczba otrzymanych paczek nie przekracza\u0142a trzech i zawiera\u0142y one drobne upominki, takie jak puzzle oraz pami\u0105tki z Ghany zwi\u0105zane z dzia\u0142alno\u015bci\u0105 Omenaa Foundation.<\/p>\n\n\n\n<p>Mimo tych wyja\u015bnie\u0144 sceptycyzm przedstawiciela Watchdog Polska pozostaje niezmienny. Szymon Osowski wskazuje, \u017ce cho\u0107 prawo nie nak\u0142ada obowi\u0105zku rejestrowania takich upomink\u00f3w,<\/p>\n\n\n\n<blockquote class=\"wp-block-quote is-layout-flow wp-block-quote-is-layout-flow\">\n<p>prezydent, jako osoba pe\u0142ni\u0105ca najwy\u017cszy urz\u0105d w pa\u0144stwie, powinien dobrowolnie dawa\u0107 dobry przyk\u0142ad<\/p>\n<\/blockquote>\n\n\n\n<p>i przejrzy\u015bcie informowa\u0107 o wszelkich otrzymanych darach.<\/p>\n","protected":false},"excerpt":{"rendered":"Wok\u00f3\u0142 Pa\u0142acu Prezydenckiego narasta napi\u0119cie zwi\u0105zane ze spraw\u0105 tajemniczych paczek, kt\u00f3re rzekomo mia\u0142y trafi\u0107 do prezydenta Karola Nawrockiego oraz jego domownik\u00f3w. Temat ten \n<a class=\"moretag\" href=\"https:\/\/swiat24.pl.ua\/?p=21679\"> [...]<\/a>","protected":false},"author":1,"featured_media":21680,"comment_status":"open","ping_status":"open","sticky":false,"template":"","format":"standard","meta":{"footnotes":""},"categories":[1],"tags":[],"class_list":["post-21679","post","type-post","status-publish","format-standard","has-post-thumbnail","hentry","category-blog"],"_links":{"self":[{"href":"https:\/\/swiat24.pl.ua\/index.php?rest_route=\/wp\/v2\/posts\/21679","targetHints":{"allow":["GET"]}}],"collection":[{"href":"https:\/\/swiat24.pl.ua\/index.php?rest_route=\/wp\/v2\/posts"}],"about":[{"href":"https:\/\/swiat24.pl.ua\/index.php?rest_route=\/wp\/v2\/types\/post"}],"author":[{"embeddable":true,"href":"https:\/\/swiat24.pl.ua\/index.php?rest_route=\/wp\/v2\/users\/1"}],"replies":[{"embeddable":true,"href":"https:\/\/swiat24.pl.ua\/index.php?rest_route=%2Fwp%2Fv2%2Fcomments&post=21679"}],"version-history":[{"count":1,"href":"https:\/\/swiat24.pl.ua\/index.php?rest_route=\/wp\/v2\/posts\/21679\/revisions"}],"predecessor-version":[{"id":21681,"href":"https:\/\/swiat24.pl.ua\/index.php?rest_route=\/wp\/v2\/posts\/21679\/revisions\/21681"}],"wp:featuredmedia":[{"embeddable":true,"href":"https:\/\/swiat24.pl.ua\/index.php?rest_route=\/wp\/v2\/media\/21680"}],"wp:attachment":[{"href":"https:\/\/swiat24.pl.ua\/index.php?rest_route=%2Fwp%2Fv2%2Fmedia&parent=21679"}],"wp:term":[{"taxonomy":"category","embeddable":true,"href":"https:\/\/swiat24.pl.ua\/index.php?rest_route=%2Fwp%2Fv2%2Fcategories&post=21679"},{"taxonomy":"post_tag","embeddable":true,"href":"https:\/\/swiat24.pl.ua\/index.php?rest_route=%2Fwp%2Fv2%2Ftags&post=21679"}],"curies":[{"name":"wp","href":"https:\/\/api.w.org\/{rel}","templated":true}]}}