{"id":21645,"date":"2026-01-29T14:26:16","date_gmt":"2026-01-29T14:26:16","guid":{"rendered":"https:\/\/swiat24.pl.ua\/?p=21645"},"modified":"2026-01-29T14:26:16","modified_gmt":"2026-01-29T14:26:16","slug":"prezes-pis-w-szpitalu-poruszajacy-wpis-krystyny-pawlowicz-wywolal-burze-komentarzy","status":"publish","type":"post","link":"https:\/\/swiat24.pl.ua\/?p=21645","title":{"rendered":"Prezes PiS w szpitalu! Poruszaj\u0105cy wpis Krystyny Paw\u0142owicz wywo\u0142a\u0142 burz\u0119 komentarzy"},"content":{"rendered":"\n<p>Warszawskim szpitalu przebywa obecnie Jaros\u0142aw Kaczy\u0144ski, prezes Prawa i Sprawiedliwo\u015bci. Przeprowadzane s\u0105 tam u niego badania w zwi\u0105zku z infekcj\u0105 dr\u00f3g oddechowych, jednak \u2013 jak podkre\u015bla rzecznik PiS Rafa\u0142 Bochenek \u2013 stan jego zdrowia nie zagra\u017ca \u017cyciu. Informacj\u0119 o hospitalizacji jako pierwsze poda\u0142o Radio Wnet, a nast\u0119pnie potwierdzi\u0142a j\u0105 oficjalnie rzeczniczka partii.<\/p>\n\n\n\n<p>Wed\u0142ug Bochenka, objawy przezi\u0119bienia pojawi\u0142y si\u0119 u Kaczy\u0144skiego podczas wizyty w wojew\u00f3dztwie \u015bwi\u0119tokrzyskim. W ostatni weekend spotka\u0142 si\u0119 z sympatykami w Skar\u017cysku-Kamiennej i J\u0119drzejowie, a dzie\u0144 wcze\u015bniej uczestniczy\u0142 w konferencji rolniczej w Starym Lubotyniu na Mazowszu. Wsp\u00f3\u0142pracownicy wskazuj\u0105, \u017ce do hospitalizacji mog\u0142o doj\u015b\u0107 w wyniku przewiania si\u0119 w ch\u0142odnej szkole podstawowej, gdzie odbywa\u0142 si\u0119 kongres rolniczy.<\/p>\n\n\n\n<figure class=\"wp-block-image\"><img decoding=\"async\" src=\"https:\/\/bystragrazyna.pl\/wp-content\/uploads\/2026\/01\/2710.jpg\" alt=\"obrazek\"\/><\/figure>\n\n\n\n<p>Rzecznik uspokaja, \u017ce pobyt w szpitalu potrwa prawdopodobnie kilka dni i nie ma powod\u00f3w do obaw:<\/p>\n\n\n\n<blockquote class=\"wp-block-quote is-layout-flow wp-block-quote-is-layout-flow\">\n<p>\u201eZdarza si\u0119 nawet naszemu liderowi. Przestrzegam przed nadmiernymi emocjami i nieuzasadnionymi wnioskami. Wszyscy dzia\u0142amy zgodnie z planem.\u201d<\/p>\n<\/blockquote>\n\n\n\n<h2 class=\"wp-block-heading\">Reakcje polityk\u00f3w i poruszaj\u0105cy wpis Krystyny Paw\u0142owicz<\/h2>\n\n\n\n<p>Wi\u0119\u015b\u0107 o hospitalizacji prezesa PiS szybko odbi\u0142a si\u0119 szerokim echem w mediach spo\u0142eczno\u015bciowych. Szczeg\u00f3lne wra\u017cenie zrobi\u0142 wpis by\u0142ej pos\u0142anki i s\u0119dzi Trybuna\u0142u Konstytucyjnego Krystyny Paw\u0142owicz, opublikowany na platformie X. Napisa\u0142a w nim:<\/p>\n\n\n\n<blockquote class=\"wp-block-quote is-layout-flow wp-block-quote-is-layout-flow\">\n<p>\u201eAniele Bo\u017cy, Str\u00f3\u017cu, st\u00f3j przy nim\u2026\u201d<\/p>\n<\/blockquote>\n\n\n\n<p>Wpis b\u0142yskawicznie zyska\u0142 popularno\u015b\u0107, szerokie wsparcie u\u017cytkownik\u00f3w i sta\u0142 si\u0119 symbolem duchowej solidarno\u015bci z liderem partii. Krystyna Paw\u0142owicz, od lat zwi\u0105zana ze \u015brodowiskiem PiS, w ten spos\u00f3b wyrazi\u0142a swoje poparcie dla Kaczy\u0144skiego w trudnym momencie.<\/p>\n\n\n\n<p>Inni politycy PiS r\u00f3wnie\u017c kierowali \u017cyczliwe s\u0142owa, przypominaj\u0105c o wcze\u015bniejszych problemach zdrowotnych prezesa i podkre\u015blaj\u0105c, \u017ce pozostaje on pod sta\u0142\u0105, profesjonaln\u0105 opiek\u0105 lekarsk\u0105.<\/p>\n\n\n\n<h2 class=\"wp-block-heading\">Historia wcze\u015bniejszych hospitalizacji Jaros\u0142awa Kaczy\u0144skiego<\/h2>\n\n\n\n<p>Jaros\u0142aw Kaczy\u0144ski miewa\u0142 w przesz\u0142o\u015bci kilka pobyt\u00f3w w szpitalu. W grudniu 2019 i 2022 roku przeszed\u0142 operacje wszczepienia endoprotezy stawu kolanowego. W lutym 2025 roku by\u0142 hospitalizowany w Wojew\u00f3dzkim Szpitalu Specjalistycznym im. Stefana Kardyna\u0142a Wyszy\u0144skiego w Lublinie na rutynowych badaniach kardiologicznych. Wcze\u015bniejsze hospitalizacje wynika\u0142y g\u0142\u00f3wnie z lekkich infekcji lub kontroli lekarskich.<\/p>\n\n\n\n<p>Mimo dolegliwo\u015bci zdrowotnych prezes PiS nie rezygnuje z aktywnego udzia\u0142u w \u017cyciu politycznym i publicznym, pozostaj\u0105c kluczow\u0105 postaci\u0105 na scenie politycznej. Eksperci oceniaj\u0105, \u017ce obecna hospitalizacja jest prawdopodobnie kr\u00f3tka i nie wp\u0142ynie na funkcjonowanie partii. Rafa\u0142 Bochenek podkre\u015bla, \u017ce \u201ewszystko odbywa si\u0119 zgodnie z planem\u201d, co ma uspokoi\u0107 cz\u0142onk\u00f3w PiS i sympatyk\u00f3w.<\/p>\n\n\n\n<blockquote class=\"wp-block-quote is-layout-flow wp-block-quote-is-layout-flow\">\n<p>Aniele Bo\u017cy,Str\u00f3\u017cu,st\u00f3j przy nim\u2026&nbsp;<a href=\"https:\/\/t.co\/KNZcQkwASf\">pic.twitter.com\/KNZcQkwASf<\/a><\/p>\n\n\n\n<p>\u2014 Krystyna Paw\u0142owicz (@KrystPawlowicz)&nbsp;<a href=\"https:\/\/twitter.com\/KrystPawlowicz\/status\/2016473244207923515?ref_src=twsrc%5Etfw\">28 stycznia 2026<\/a><\/p>\n<\/blockquote>\n","protected":false},"excerpt":{"rendered":"Warszawskim szpitalu przebywa obecnie Jaros\u0142aw Kaczy\u0144ski, prezes Prawa i Sprawiedliwo\u015bci. Przeprowadzane s\u0105 tam u niego badania w zwi\u0105zku z infekcj\u0105 dr\u00f3g oddechowych, jednak \n<a class=\"moretag\" href=\"https:\/\/swiat24.pl.ua\/?p=21645\"> [...]<\/a>","protected":false},"author":1,"featured_media":21646,"comment_status":"open","ping_status":"open","sticky":false,"template":"","format":"standard","meta":{"footnotes":""},"categories":[1],"tags":[],"class_list":["post-21645","post","type-post","status-publish","format-standard","has-post-thumbnail","hentry","category-blog"],"_links":{"self":[{"href":"https:\/\/swiat24.pl.ua\/index.php?rest_route=\/wp\/v2\/posts\/21645","targetHints":{"allow":["GET"]}}],"collection":[{"href":"https:\/\/swiat24.pl.ua\/index.php?rest_route=\/wp\/v2\/posts"}],"about":[{"href":"https:\/\/swiat24.pl.ua\/index.php?rest_route=\/wp\/v2\/types\/post"}],"author":[{"embeddable":true,"href":"https:\/\/swiat24.pl.ua\/index.php?rest_route=\/wp\/v2\/users\/1"}],"replies":[{"embeddable":true,"href":"https:\/\/swiat24.pl.ua\/index.php?rest_route=%2Fwp%2Fv2%2Fcomments&post=21645"}],"version-history":[{"count":1,"href":"https:\/\/swiat24.pl.ua\/index.php?rest_route=\/wp\/v2\/posts\/21645\/revisions"}],"predecessor-version":[{"id":21647,"href":"https:\/\/swiat24.pl.ua\/index.php?rest_route=\/wp\/v2\/posts\/21645\/revisions\/21647"}],"wp:featuredmedia":[{"embeddable":true,"href":"https:\/\/swiat24.pl.ua\/index.php?rest_route=\/wp\/v2\/media\/21646"}],"wp:attachment":[{"href":"https:\/\/swiat24.pl.ua\/index.php?rest_route=%2Fwp%2Fv2%2Fmedia&parent=21645"}],"wp:term":[{"taxonomy":"category","embeddable":true,"href":"https:\/\/swiat24.pl.ua\/index.php?rest_route=%2Fwp%2Fv2%2Fcategories&post=21645"},{"taxonomy":"post_tag","embeddable":true,"href":"https:\/\/swiat24.pl.ua\/index.php?rest_route=%2Fwp%2Fv2%2Ftags&post=21645"}],"curies":[{"name":"wp","href":"https:\/\/api.w.org\/{rel}","templated":true}]}}