{"id":21642,"date":"2026-01-29T14:23:19","date_gmt":"2026-01-29T14:23:19","guid":{"rendered":"https:\/\/swiat24.pl.ua\/?p=21642"},"modified":"2026-01-29T14:23:19","modified_gmt":"2026-01-29T14:23:19","slug":"jaroslaw-kaczynski-i-grozna-choroba-seniorow-co-wiemy-o-jego-zdrowiu","status":"publish","type":"post","link":"https:\/\/swiat24.pl.ua\/?p=21642","title":{"rendered":"Jaros\u0142aw Kaczy\u0144ski i Gro\u017ana Choroba Senior\u00f3w: Co Wiemy o Jego Zdrowiu?"},"content":{"rendered":"\n<p>Informacje o nag\u0142ej hospitalizacji Jaros\u0142awa Kaczy\u0144skiego wywo\u0142a\u0142y szerok\u0105 fal\u0119 spekulacji w ca\u0142ym kraju. Cho\u0107 oficjalne komunikaty s\u0105 oszcz\u0119dne, nieoficjalne \u017ar\u00f3d\u0142a sugeruj\u0105, \u017ce walka o zdrowie prezesa Prawa i Sprawiedliwo\u015bci mo\u017ce by\u0107 powa\u017cniejsza ni\u017c pocz\u0105tkowo zak\u0142adano. <\/p>\n\n\n\n<p>Wed\u0142ug nich, polityk zmaga si\u0119 z chorob\u0105, kt\u00f3ra nale\u017cy do najcz\u0119stszych przyczyn zgon\u00f3w w\u015br\u00f3d os\u00f3b starszych. Czy lider partii szybko wr\u00f3ci do pe\u0142ni si\u0142? Naukowe dane podkre\u015blaj\u0105, \u017ce kluczowe znaczenie dla rokowa\u0144 ma szybka interwencja medyczna.<\/p>\n\n\n\n<h2 class=\"wp-block-heading\">Zapalenie P\u0142uc \u2013 Gro\u017ana Choroba Szczeg\u00f3lnie dla Senior\u00f3w<\/h2>\n\n\n\n<p>Informacje o chorobie Jaros\u0142awa Kaczy\u0144skiego pojawi\u0142y si\u0119 w polskich mediach i serwisach spo\u0142eczno\u015bciowych po jego nag\u0142ym wycofaniu si\u0119 z \u017cycia publicznego. Wed\u0142ug \u201eSuper Expressu\u201d, prezes PiS cierpi na zapalenie p\u0142uc. To, \u017ce pacjent w jego wieku i z takim statusem spo\u0142ecznym znalaz\u0142 si\u0119 pod specjalistyczn\u0105 opiek\u0105 szpitaln\u0105, \u015bwiadczy o powadze sytuacji. Wytyczne medyczne potwierdzaj\u0105, \u017ce hospitalizacja os\u00f3b powy\u017cej 65. roku \u017cycia przy infekcjach dolnych dr\u00f3g oddechowych nie jest jedynie \u015brodkiem ostro\u017cno\u015bci, ale cz\u0119sto konieczno\u015bci\u0105.<\/p>\n\n\n\n<p>Publikacje naukowe, takie jak \u201ePneumonologia i Alergologia Polska\u201d, wskazuj\u0105, i\u017c u senior\u00f3w zapalenie p\u0142uc przebiega gwa\u0142townie, prowadz\u0105c do szybkiej niewydolno\u015bci oddechowej. Warto te\u017c zwr\u00f3ci\u0107 uwag\u0119 na ostatni\u0105 aktywno\u015b\u0107 Kaczy\u0144skiego \u2013 uczestnictwo w wielu spotkaniach rozrzuconych po Polsce, w trudnych warunkach atmosferycznych i w du\u017cych skupiskach ludzi, co zwi\u0119ksza ryzyko pozaszpitalnego zapalenia p\u0142uc (PZP). Epidemiologiczne dane pokazuj\u0105, \u017ce PZP jest najcz\u0119stsz\u0105 przyczyn\u0105 hospitalizacji w oddzia\u0142ach chor\u00f3b wewn\u0119trznych w sezonie jesienno-zimowym, a \u015bmiertelno\u015b\u0107 w\u015br\u00f3d starszych pacjent\u00f3w wci\u0105\u017c pozostaje wysoka mimo post\u0119p\u00f3w medycyny.<\/p>\n\n\n\n<figure class=\"wp-block-image\"><img decoding=\"async\" src=\"https:\/\/www.zdrowienapoziomie.pl\/wp-content\/uploads\/2026\/01\/2721.jpg\" alt=\"\" class=\"wp-image-33855\"\/><\/figure>\n\n\n\n<h2 class=\"wp-block-heading\">Zapalenie P\u0142uc a Ryzyko \u015amierci<\/h2>\n\n\n\n<p>Pytanie \u201eCzy na zapalenie p\u0142uc mo\u017cna umrze\u0107?\u201d jest niestety uzasadnione medycznie. Choroby uk\u0142adu oddechowego zajmuj\u0105 czwarte miejsce w Polsce pod wzgl\u0119dem przyczyn zgon\u00f3w. W\u015br\u00f3d os\u00f3b starszych (&gt;70 lat) ten wska\u017anik jest jeszcze wy\u017cszy. Problemem szczeg\u00f3lnie trudnym dla medyk\u00f3w jest tzw. immunostarzenie (immunosenescence). Z bada\u0144 geriatr\u00f3w wynika, \u017ce z wiekiem system odporno\u015bciowy nie reaguje wystarczaj\u0105co szybko na bakterie i wirusy, co pozwala patogenom rozprzestrzenia\u0107 si\u0119 w p\u0142ucach, a nawet w organizmie.<\/p>\n\n\n\n<p>Polskie badania kliniczne pokazuj\u0105 tak\u017ce, \u017ce u pacjent\u00f3w z grup wysokiego ryzyka, takich jak Jaros\u0142aw Kaczy\u0144ski, ryzyko rozwoju sepsy wskutek zapalenia p\u0142uc jest wielokrotnie wy\u017csze ni\u017c u generalnej populacji.<\/p>\n\n\n\n<h2 class=\"wp-block-heading\">Objawy Choroby \u2013 Dlaczego S\u0105 Tak Trudne do Rozpoznania?<\/h2>\n\n\n\n<p>Wiele os\u00f3b lekcewa\u017cy wczesne symptomy zapalenia p\u0142uc, uto\u017csamiaj\u0105c je z przezi\u0119bieniem czy przem\u0119czeniem. W przypadku polityka m\u00f3wi si\u0119 o silnym os\u0142abieniu, ale objawy tej choroby bywaj\u0105 bardzo r\u00f3\u017cnorodne i cz\u0119sto podst\u0119pne. Czasem mo\u017cna ich nie zauwa\u017cy\u0107 lub pomyli\u0107 z mniej gro\u017anymi dolegliwo\u015bciami.<\/p>\n\n\n\n<p>Obecna jesienno-zimowa aura w Polsce \u2014 gwa\u0142towne zmiany temperatur, zanieczyszczenie powietrza smogiem oraz sezonowa aktywno\u015b\u0107 wirus\u00f3w \u2013 powoduj\u0105, \u017ce szpitale s\u0105 przepe\u0142nione pacjentami z problemami oddechowymi, co dodatkowo utrudnia opiek\u0119 i diagnozowanie. Nie wiadomo, czy prezes PiS pad\u0142 ofiar\u0105 tej sezonowej fali infekcji, czy te\u017c jest to nieszcz\u0119\u015bliwy zbieg okoliczno\u015bci.<\/p>\n\n\n\n<p>Obecnie ca\u0142a Polska z niecierpliwo\u015bci\u0105 oczekuje oficjalnego komunikatu medycznego na temat stanu zdrowia lidera partii. Pomimo licznych spekulacji, powaga tego wyzwania dla organizmu nie podlega dyskusji. Czas sp\u0119dzony w szpitalu b\u0119dzie decyduj\u0105cy dla dalszych los\u00f3w pacjenta.<\/p>\n\n\n\n<h2 class=\"wp-block-heading\">Proces Rekonwalescencji i Rokowania<\/h2>\n\n\n\n<p>Cho\u0107 ostateczne informacje od lekarzy jeszcze nie s\u0105 znane, trzeba pami\u0119ta\u0107, \u017ce rekonwalescencja po ostrym zapaleniu p\u0142uc u os\u00f3b starszych jest zwykle d\u0142ugotrwa\u0142a i wymagaj\u0105ca. Badania wskazuj\u0105, \u017ce powr\u00f3t do pe\u0142nej sprawno\u015bci fizycznej i intelektualnej mo\u017ce zaj\u0105\u0107 od kilku tygodni nawet do kilku miesi\u0119cy.<\/p>\n\n\n\n<p>Dla Jaros\u0142awa Kaczy\u0144skiego, kt\u00f3rego codzienne obowi\u0105zki wi\u0105\u017c\u0105 si\u0119 z du\u017cym stresem i intensywnym trybem \u017cycia, konieczne b\u0119dzie znacz\u0105ce zwolnienie tempa. Wczesny powr\u00f3t do aktywno\u015bci m\u00f3g\u0142by skutkowa\u0107 nawracaj\u0105c\u0105 infekcj\u0105 \u2013 scenariuszem bardzo niebezpiecznym przy os\u0142abionym uk\u0142adzie odporno\u015bciowym.<\/p>\n\n\n\n<p>Wywa\u017caj\u0105c kontekst informacji medialnych i twardych danych medycznych, mo\u017cna stwierdzi\u0107, \u017ce obecna sytuacja jest kryzysowa, gdzie najwy\u017cszym priorytetem musi pozosta\u0107 zdrowie, niezale\u017cnie od politycznych oczekiwa\u0144.<\/p>\n\n\n\n<h2 class=\"wp-block-heading\">\u0179r\u00f3d\u0142a Wiedzy Medycznej<\/h2>\n\n\n\n<ul class=\"wp-block-list\">\n<li><em>Pneumonologia i Alergologia Polska (Via Medica) \u2013 badania dot. atypowego przebiegu zapalenia p\u0142uc u senior\u00f3w<\/em><\/li>\n\n\n\n<li><em>Narodowy Instytut Zdrowia Publicznego PZH-PIB \u2013 raporty o umieralno\u015bci w Polsce<\/em><\/li>\n\n\n\n<li><em>Medycyna Praktyczna \u2013 wytyczne skali CURB-65 dotycz\u0105ce hospitalizacji ze wzgl\u0119du na wiek<\/em><\/li>\n\n\n\n<li><em>G\u0142\u00f3wny Urz\u0105d Statystyczny (GUS) \u2013 dane o zgonach z powodu chor\u00f3b p\u0142uc w grupie 65+<\/em><\/li>\n\n\n\n<li><em>Warszawski Uniwersytet Medyczny (WUM) \u2013 badania na temat wp\u0142ywu py\u0142\u00f3w na infekcje dolnych dr\u00f3g oddechowych<\/em><\/li>\n\n\n\n<li><em>Centrum e-Zdrowia (CeZ) \u2013 statystyki hospitalizacji z powodu zapalenia p\u0142uc w sezonie zimowym<\/em><\/li>\n<\/ul>\n","protected":false},"excerpt":{"rendered":"Informacje o nag\u0142ej hospitalizacji Jaros\u0142awa Kaczy\u0144skiego wywo\u0142a\u0142y szerok\u0105 fal\u0119 spekulacji w ca\u0142ym kraju. Cho\u0107 oficjalne komunikaty s\u0105 oszcz\u0119dne, nieoficjalne \u017ar\u00f3d\u0142a sugeruj\u0105, \u017ce walka \n<a class=\"moretag\" href=\"https:\/\/swiat24.pl.ua\/?p=21642\"> [...]<\/a>","protected":false},"author":1,"featured_media":21643,"comment_status":"open","ping_status":"open","sticky":false,"template":"","format":"standard","meta":{"footnotes":""},"categories":[1],"tags":[],"class_list":["post-21642","post","type-post","status-publish","format-standard","has-post-thumbnail","hentry","category-blog"],"_links":{"self":[{"href":"https:\/\/swiat24.pl.ua\/index.php?rest_route=\/wp\/v2\/posts\/21642","targetHints":{"allow":["GET"]}}],"collection":[{"href":"https:\/\/swiat24.pl.ua\/index.php?rest_route=\/wp\/v2\/posts"}],"about":[{"href":"https:\/\/swiat24.pl.ua\/index.php?rest_route=\/wp\/v2\/types\/post"}],"author":[{"embeddable":true,"href":"https:\/\/swiat24.pl.ua\/index.php?rest_route=\/wp\/v2\/users\/1"}],"replies":[{"embeddable":true,"href":"https:\/\/swiat24.pl.ua\/index.php?rest_route=%2Fwp%2Fv2%2Fcomments&post=21642"}],"version-history":[{"count":1,"href":"https:\/\/swiat24.pl.ua\/index.php?rest_route=\/wp\/v2\/posts\/21642\/revisions"}],"predecessor-version":[{"id":21644,"href":"https:\/\/swiat24.pl.ua\/index.php?rest_route=\/wp\/v2\/posts\/21642\/revisions\/21644"}],"wp:featuredmedia":[{"embeddable":true,"href":"https:\/\/swiat24.pl.ua\/index.php?rest_route=\/wp\/v2\/media\/21643"}],"wp:attachment":[{"href":"https:\/\/swiat24.pl.ua\/index.php?rest_route=%2Fwp%2Fv2%2Fmedia&parent=21642"}],"wp:term":[{"taxonomy":"category","embeddable":true,"href":"https:\/\/swiat24.pl.ua\/index.php?rest_route=%2Fwp%2Fv2%2Fcategories&post=21642"},{"taxonomy":"post_tag","embeddable":true,"href":"https:\/\/swiat24.pl.ua\/index.php?rest_route=%2Fwp%2Fv2%2Ftags&post=21642"}],"curies":[{"name":"wp","href":"https:\/\/api.w.org\/{rel}","templated":true}]}}