{"id":21628,"date":"2026-01-29T11:29:19","date_gmt":"2026-01-29T11:29:19","guid":{"rendered":"https:\/\/swiat24.pl.ua\/?p=21628"},"modified":"2026-01-29T11:29:19","modified_gmt":"2026-01-29T11:29:19","slug":"nie-zyje-grzegorz-okrasa-tragiczne-wiesci-obiegly-kraj","status":"publish","type":"post","link":"https:\/\/swiat24.pl.ua\/?p=21628","title":{"rendered":"Nie \u017cyje Grzegorz Okrasa. Tragiczne wie\u015bci obieg\u0142y kraj"},"content":{"rendered":"\n<p>Polskie \u015brodowisko filmowe pogr\u0105\u017cy\u0142o si\u0119 w smutku. W niedziel\u0119 19 pa\u017adziernika, w wieku 74 lat, odszed\u0142 Grzegorz Okrasa \u2013 polonista z wykszta\u0142cenia, aktor i re\u017cyser znany przede wszystkim z roli barmana Stefana w kultowym serialu \u201eZ\u0142otopolscy\u201d. <\/p>\n\n\n\n<p>Informacj\u0119 o jego \u015bmierci przekaza\u0142a rodzina za po\u015brednictwem medi\u00f3w spo\u0142eczno\u015bciowych.<\/p>\n\n\n\n<blockquote class=\"wp-block-quote is-layout-flow wp-block-quote-is-layout-flow\">\n<p>\u201eWczoraj zmar\u0142 Grzegorz Okrasa, pami\u0119tny barman Stefan w Z\u0142otopolskich i drugi re\u017cyser tego serialu. Smutny czas\u201d \u2013 napisa\u0142a Barbara Okrasa na Facebooku 20 pa\u017adziernika rano.<\/p>\n<\/blockquote>\n\n\n\n<figure class=\"wp-block-image\"><img decoding=\"async\" src=\"https:\/\/www.cenneinfo.pl\/wp-content\/uploads\/2025\/10\/image-6.png\" alt=\"\" class=\"wp-image-18543\"\/><\/figure>\n\n\n\n<p>Pogrzeb aktora odb\u0119dzie si\u0119 w poniedzia\u0142ek 27 pa\u017adziernika o godzinie 13:00 na Cmentarzu Br\u00f3dnowskim w Warszawie (wej\u015bcie od ulicy Odrow\u0105\u017ca). Po ceremonii miejsce spoczynku artysty znajduje si\u0119 w sektorze 67 C, rz\u0119dzie 4, numerze 31.<\/p>\n\n\n\n<h2 class=\"wp-block-heading\">Kariera od \u201eTulipana\u201d po mi\u0119dzynarodowe projekty<\/h2>\n\n\n\n<p>Debiut Grzegorza Okrasy przypad\u0142 na rok 1986, kiedy zagra\u0142 epizodyczn\u0105 rol\u0119 w kultowym serialu PRL-u \u201eTulipan\u201d, opowiadaj\u0105cym o losach przest\u0119pcy i uwodziciela Jerzego Kalibabki. Ten sam rok przyni\u00f3s\u0142 mu tak\u017ce wsp\u00f3\u0142prac\u0119 przy mi\u0119dzynarodowej produkcji \u201eLe Retour\u201d, gdzie pe\u0142ni\u0142 funkcj\u0119 asystenta re\u017cysera. Film by\u0142 owocem wsp\u00f3\u0142pracy Belgii, Wielkiej Brytanii, Francji, W\u0142och, Szwajcarii, Hiszpanii oraz Portugalii.<\/p>\n\n\n\n<figure class=\"wp-block-image\"><img decoding=\"async\" src=\"https:\/\/www.cenneinfo.pl\/wp-content\/uploads\/2025\/10\/image-5.png\" alt=\"\" class=\"wp-image-18542\"\/><\/figure>\n\n\n\n<h2 class=\"wp-block-heading\">Rozpoznawalno\u015b\u0107 zdoby\u0142 dzi\u0119ki \u201eZ\u0142otopolskim\u201d<\/h2>\n\n\n\n<p>Najwi\u0119ksz\u0105 popularno\u015b\u0107 przynios\u0142a Okrasie posta\u0107 barmana Stefana w serialu \u201eZ\u0142otopolscy\u201d. To w\u0142a\u015bnie dzi\u0119ki tej roli zdoby\u0142 sympati\u0119 widz\u00f3w, kt\u00f3rzy cenili jego ciep\u0142o i poczucie humoru. Jednocze\u015bnie przez lata by\u0142 wa\u017cnym cz\u0142onkiem produkcji, odpowiadaj\u0105c za re\u017cyseri\u0119 i pe\u0142ni\u0105c funkcj\u0119 drugiego re\u017cysera w latach 1997\u20132010.<\/p>\n\n\n\n<p>Od 2007 roku a\u017c do swojej \u015bmierci by\u0142 zwi\u0105zany z serialem \u201eBarwy szcz\u0119\u015bcia\u201d, gdzie r\u00f3wnie\u017c pracowa\u0142 jako drugi re\u017cyser. Wsp\u00f3\u0142pracownicy podkre\u015blali jego profesjonalizm, skromno\u015b\u0107 oraz oddanie pracy.<\/p>\n\n\n\n<p>Ostatni raz przed kamer\u0105 pojawi\u0142 si\u0119 w 2012 roku w serialu \u201eSzpilki na Giewoncie\u201d. Cho\u0107 p\u00f3\u017aniej skupi\u0142 si\u0119 przede wszystkim na pracy re\u017cyserskiej, jego wk\u0142ad w polsk\u0105 kultur\u0119 telewizyjn\u0105 pozostanie niezapomniany.<\/p>\n","protected":false},"excerpt":{"rendered":"Polskie \u015brodowisko filmowe pogr\u0105\u017cy\u0142o si\u0119 w smutku. W niedziel\u0119 19 pa\u017adziernika, w wieku 74 lat, odszed\u0142 Grzegorz Okrasa \u2013 polonista z wykszta\u0142cenia, aktor \n<a class=\"moretag\" href=\"https:\/\/swiat24.pl.ua\/?p=21628\"> [...]<\/a>","protected":false},"author":1,"featured_media":21629,"comment_status":"open","ping_status":"open","sticky":false,"template":"","format":"standard","meta":{"footnotes":""},"categories":[1],"tags":[],"class_list":["post-21628","post","type-post","status-publish","format-standard","has-post-thumbnail","hentry","category-blog"],"_links":{"self":[{"href":"https:\/\/swiat24.pl.ua\/index.php?rest_route=\/wp\/v2\/posts\/21628","targetHints":{"allow":["GET"]}}],"collection":[{"href":"https:\/\/swiat24.pl.ua\/index.php?rest_route=\/wp\/v2\/posts"}],"about":[{"href":"https:\/\/swiat24.pl.ua\/index.php?rest_route=\/wp\/v2\/types\/post"}],"author":[{"embeddable":true,"href":"https:\/\/swiat24.pl.ua\/index.php?rest_route=\/wp\/v2\/users\/1"}],"replies":[{"embeddable":true,"href":"https:\/\/swiat24.pl.ua\/index.php?rest_route=%2Fwp%2Fv2%2Fcomments&post=21628"}],"version-history":[{"count":1,"href":"https:\/\/swiat24.pl.ua\/index.php?rest_route=\/wp\/v2\/posts\/21628\/revisions"}],"predecessor-version":[{"id":21630,"href":"https:\/\/swiat24.pl.ua\/index.php?rest_route=\/wp\/v2\/posts\/21628\/revisions\/21630"}],"wp:featuredmedia":[{"embeddable":true,"href":"https:\/\/swiat24.pl.ua\/index.php?rest_route=\/wp\/v2\/media\/21629"}],"wp:attachment":[{"href":"https:\/\/swiat24.pl.ua\/index.php?rest_route=%2Fwp%2Fv2%2Fmedia&parent=21628"}],"wp:term":[{"taxonomy":"category","embeddable":true,"href":"https:\/\/swiat24.pl.ua\/index.php?rest_route=%2Fwp%2Fv2%2Fcategories&post=21628"},{"taxonomy":"post_tag","embeddable":true,"href":"https:\/\/swiat24.pl.ua\/index.php?rest_route=%2Fwp%2Fv2%2Ftags&post=21628"}],"curies":[{"name":"wp","href":"https:\/\/api.w.org\/{rel}","templated":true}]}}