{"id":21575,"date":"2026-01-28T11:57:55","date_gmt":"2026-01-28T11:57:55","guid":{"rendered":"https:\/\/swiat24.pl.ua\/?p=21575"},"modified":"2026-01-28T11:57:55","modified_gmt":"2026-01-28T11:57:55","slug":"nawrocki-zwolal-pilne-spotkanie-trudno-uwierzyc-jak-go-potraktowali","status":"publish","type":"post","link":"https:\/\/swiat24.pl.ua\/?p=21575","title":{"rendered":"Nawrocki zwo\u0142a\u0142 pilne spotkanie. Trudno uwierzy\u0107, jak go potraktowali"},"content":{"rendered":"\n<p>Planowane na czwartek rozmowy w Pa\u0142acu Prezydenckim wywo\u0142a\u0142y nag\u0142e poruszenie na krajowej scenie politycznej. Wed\u0142ug oficjalnych komunikat\u00f3w p\u0142yn\u0105cych z ust rzecznika rz\u0105du oraz informacji podanych przez Polsat News, jedna z kluczowych formacji podj\u0119\u0142a radykaln\u0105 decyzj\u0119 dotycz\u0105c\u0105 swojej obecno\u015bci na tym wydarzeniu.<\/p>\n\n\n\n<p>Nag\u0142a rezygnacja Koalicji Obywatelskiej<br>Strategia bojkotu i argumentacja rz\u0105du<br>Brak szans na zmian\u0119 decyzji<br>Gor\u0105ca atmosfera w kuluarach w\u0142adzy<br>Nag\u0142a rezygnacja Koalicji Obywatelskiej<br>Prezydent Karol Nawrocki zaprosi\u0142 przedstawicieli wszystkich klub\u00f3w i k\u00f3\u0142 parlamentarnych na spotkanie zaplanowane na 29 stycznia, kt\u00f3rego tematem ma by\u0107 wsp\u00f3\u0142praca z parlamentem. Rzecznik prezydenta Rafa\u0142 Le\u015bkiewicz wyja\u015bni\u0142, \u017ce celem jest wypracowanie wsp\u00f3lnej p\u0142aszczyzny porozumienia w najwa\u017cniejszych sprawach pa\u0144stwowych.&nbsp;<\/p>\n\n\n\n<p>Tymczasem Koalicja Obywatelska zdecydowa\u0142a si\u0119 na niespodziewany krok, og\u0142aszaj\u0105c, \u017ce nie wy\u015ble swojego reprezentanta do Pa\u0142acu Prezydenckiego. Decyzj\u0119 t\u0119 publicznie przekaza\u0142 Adam Sz\u0142apka, wskazuj\u0105c na przewodnicz\u0105cego Zbigniewa Konwi\u0144skiego jako osob\u0119 odpowiedzialn\u0105 za to postanowienie. Informacja ta b\u0142yskawicznie obieg\u0142a og\u00f3lnopolskie media, budz\u0105c spore zdziwienie w\u015br\u00f3d komentator\u00f3w politycznych i wyborc\u00f3w.<br><\/p>\n\n\n\n<p>Strategia bojkotu i argumentacja rz\u0105du<br>G\u0142\u00f3wnym powodem absencji KO jest przekonanie, \u017ce kluczowe rozmowy na linii prezydent-rz\u0105d zosta\u0142y ju\u017c sfinalizowane podczas niedawnego spotkania Karola Nawrockiego z premierem Donaldem Tuskiem. Adam Sz\u0142apka argumentowa\u0142 w mediach, \u017ce wszystkie najwa\u017cniejsze kwestie mog\u0142y zosta\u0107 ustalone bezpo\u015brednio mi\u0119dzy liderami, co czyni czwartkowe konsultacje zb\u0119dnymi dla jego ugrupowania.&nbsp;<\/p>\n\n\n\n<p>W opinii strony rz\u0105dowej dublowanie format\u00f3w rozm\u00f3w z parlamentarzystami nie przynios\u0142oby nowej warto\u015bci merytorycznej do obecnego dyskursu politycznego. Takie postawienie sprawy spotka\u0142o si\u0119 z natychmiastow\u0105 reakcj\u0105 otoczenia prezydenckiego, kt\u00f3re podkre\u015bla wag\u0119 dialogu ze wszystkimi si\u0142ami zasiadaj\u0105cymi w polskim Sejmie.<br><\/p>\n\n\n\n<p>Brak szans na zmian\u0119 decyzji<br>Wiele os\u00f3b zastanawia\u0142o si\u0119, czy decyzja najwi\u0119kszego klubu parlamentarnego jest ostateczna i czy istnieje jeszcze przestrze\u0144 do negocjacji w tej sprawie. Minister Adam Sz\u0142apka uci\u0105\u0142 jednak wszelkie spekulacje w Polsat News, m\u00f3wi\u0105c wprost:&nbsp;<\/p>\n\n\n\n<p>\u201eZ tego, co wiem, przewodnicz\u0105cy klubu Zbigniew Konwi\u0144ski podj\u0105\u0142 decyzj\u0119, \u017ce nie b\u0119dzie uczestniczy\u0142 w spotkaniu\u201d.&nbsp;<\/p>\n\n\n\n<p>Rzecznik zaznaczy\u0142 dodatkowo, \u017ce nie ma \u017cadnych plan\u00f3w, aby Konwi\u0144skiego zast\u0105pi\u0142 jakikolwiek inny reprezentant z ramienia Koalicji Obywatelskiej. Tak wyra\u017any op\u00f3r wobec zaproszenia g\u0142owy pa\u0144stwa jest postrzegany przez ekspert\u00f3w jako jasny sygna\u0142 polityczny \u015bwiadcz\u0105cy o wyj\u0105tkowo ch\u0142odnych relacjach. Brak reprezentanta KO znacz\u0105co zmienia rang\u0119 zaplanowanego wydarzenia.<\/p>\n\n\n\n<p>Gor\u0105ca atmosfera w kuluarach w\u0142adzy<br>Atmosfera wok\u00f3\u0142 czwartkowego spotkania staje si\u0119 coraz bardziej napi\u0119ta, a politycy r\u00f3\u017cnych opcji prze\u015bcigaj\u0105 si\u0119 w komentarzach na temat nowej strategii obozu rz\u0105dz\u0105cego. Wielu obserwator\u00f3w wskazuje, \u017ce tak jawne zignorowanie inicjatywy prezydenta Nawrockiego mo\u017ce doprowadzi\u0107 do kolejnych tar\u0107 na linii Pa\u0142ac Prezydencki \u2013 Kancelaria Premiera.&nbsp;<\/p>\n\n\n\n<p>Pytanie o to, jak na ten ruch zareaguj\u0105 pozosta\u0142e kluby parlamentarne, pozostaje otwarte, cho\u0107 wi\u0119kszo\u015b\u0107 z nich nie og\u0142osi\u0142a podobnego bojkotu. Polska opinia publiczna z uwag\u0105 \u015bledzi ten sp\u00f3r, gdy\u017c dotyczy on fundament\u00f3w wsp\u00f3\u0142pracy najwa\u017cniejszych organ\u00f3w w pa\u0144stwie. Skutki tej decyzji b\u0119d\u0105 odczuwalne przez najbli\u017csze tygodnie.<br><\/p>\n","protected":false},"excerpt":{"rendered":"Planowane na czwartek rozmowy w Pa\u0142acu Prezydenckim wywo\u0142a\u0142y nag\u0142e poruszenie na krajowej scenie politycznej. Wed\u0142ug oficjalnych komunikat\u00f3w p\u0142yn\u0105cych z ust rzecznika rz\u0105du oraz \n<a class=\"moretag\" href=\"https:\/\/swiat24.pl.ua\/?p=21575\"> [...]<\/a>","protected":false},"author":1,"featured_media":21576,"comment_status":"open","ping_status":"open","sticky":false,"template":"","format":"standard","meta":{"footnotes":""},"categories":[1],"tags":[],"class_list":["post-21575","post","type-post","status-publish","format-standard","has-post-thumbnail","hentry","category-blog"],"_links":{"self":[{"href":"https:\/\/swiat24.pl.ua\/index.php?rest_route=\/wp\/v2\/posts\/21575","targetHints":{"allow":["GET"]}}],"collection":[{"href":"https:\/\/swiat24.pl.ua\/index.php?rest_route=\/wp\/v2\/posts"}],"about":[{"href":"https:\/\/swiat24.pl.ua\/index.php?rest_route=\/wp\/v2\/types\/post"}],"author":[{"embeddable":true,"href":"https:\/\/swiat24.pl.ua\/index.php?rest_route=\/wp\/v2\/users\/1"}],"replies":[{"embeddable":true,"href":"https:\/\/swiat24.pl.ua\/index.php?rest_route=%2Fwp%2Fv2%2Fcomments&post=21575"}],"version-history":[{"count":1,"href":"https:\/\/swiat24.pl.ua\/index.php?rest_route=\/wp\/v2\/posts\/21575\/revisions"}],"predecessor-version":[{"id":21577,"href":"https:\/\/swiat24.pl.ua\/index.php?rest_route=\/wp\/v2\/posts\/21575\/revisions\/21577"}],"wp:featuredmedia":[{"embeddable":true,"href":"https:\/\/swiat24.pl.ua\/index.php?rest_route=\/wp\/v2\/media\/21576"}],"wp:attachment":[{"href":"https:\/\/swiat24.pl.ua\/index.php?rest_route=%2Fwp%2Fv2%2Fmedia&parent=21575"}],"wp:term":[{"taxonomy":"category","embeddable":true,"href":"https:\/\/swiat24.pl.ua\/index.php?rest_route=%2Fwp%2Fv2%2Fcategories&post=21575"},{"taxonomy":"post_tag","embeddable":true,"href":"https:\/\/swiat24.pl.ua\/index.php?rest_route=%2Fwp%2Fv2%2Ftags&post=21575"}],"curies":[{"name":"wp","href":"https:\/\/api.w.org\/{rel}","templated":true}]}}