{"id":21418,"date":"2026-01-24T14:50:58","date_gmt":"2026-01-24T14:50:58","guid":{"rendered":"https:\/\/swiat24.pl.ua\/?p=21418"},"modified":"2026-01-24T14:50:58","modified_gmt":"2026-01-24T14:50:58","slug":"ujawnil-to-na-wizji-o-nawrockim-rodzinne-brudy-wyszly-na-jaw-4","status":"publish","type":"post","link":"https:\/\/swiat24.pl.ua\/?p=21418","title":{"rendered":"Ujawni\u0142 to na wizji o Nawrockim! Rodzinne brudy wysz\u0142y na jaw"},"content":{"rendered":"\n<p>W \u015brodowy wiecz\u00f3r, podczas programu \u201eSzk\u0142o kontaktowe\u201d emitowanego 17 wrze\u015bnia, pierwszy telefon do studia wywo\u0142a\u0142 prawdziw\u0105 burz\u0119.<\/p>\n\n\n\n<p> Widz, przedstawiony jako pan W\u0142odzimierz ze Strzelna, poruszy\u0142 temat prezydenta Karola Nawrockiego. Nie zgodzi\u0142 si\u0119 z twierdzeniami g\u0142owy pa\u0144stwa dotycz\u0105cymi przywi\u0105zania do rodziny i otwarcie zapyta\u0142 o jego zaanga\u017cowanie w wychowanie dzieci. <\/p>\n\n\n\n<p>Szybko fragment rozmowy obieg\u0142 internetowe portale, budz\u0105c szerokie komentarze.<\/p>\n\n\n\n<h2 class=\"wp-block-heading\">Widz nie szcz\u0119dzi\u0142 s\u0142\u00f3w krytyki: Czy Nawrocki pomaga\u0142 w rodzinie?<\/h2>\n\n\n\n<p>Telefonuj\u0105cy nie ukrywa\u0142 swoich w\u0105tpliwo\u015bci. W kierunku prezydenta pad\u0142y pytania, kt\u00f3re zaskoczy\u0142y niejednego s\u0142uchacza:<\/p>\n\n\n\n<blockquote class=\"wp-block-quote is-layout-flow wp-block-quote-is-layout-flow\">\n<p>Mam pytanie do pana Nawrockiego, bo nie rozumiem z jednej strony jego wypowiedzi o wielkiej mi\u0142o\u015bci do rodziny, do dzieci, do \u017cony. (\u2026) Zastanawia mnie fakt, co robi\u0142 w apartamentach Muzeum II Wojny \u015awiatowej, maj\u0105c do domu zaledwie 5 km. (\u2026) Czy nie czu\u0142 potrzeby zobaczenia dzieci, przytulenia, porozmawiania z nimi? Czy nie mia\u0142 potrzeby pom\u00f3c \u017conie w wychowaniu tr\u00f3jki dzieci?<\/p>\n<\/blockquote>\n\n\n\n<h2 class=\"wp-block-heading\">Program i okoliczno\u015bci sytuacji<\/h2>\n\n\n\n<p>Wed\u0142ug medialnych doniesie\u0144, tego wieczoru program prowadzili Wojciech Fiedorczuk oraz Tomasz Sianecki. Mimo wyra\u017anych oskar\u017ce\u0144 i pyta\u0144 zadanych przez pana W\u0142odzimierza, redakcja nie zweryfikowa\u0142a to\u017csamo\u015bci dzwoni\u0105cego ani prawdziwo\u015bci jego s\u0142\u00f3w. By\u0142 to jednak naturalny element interaktywnej formu\u0142y \u201eSzk\u0142a kontaktowego\u201d, gdzie g\u0142os widz\u00f3w na \u017cywo jest sta\u0142ym i istotnym elementem programu. Komentowanie rzeczywisto\u015bci i formu\u0142owanie opinii przez uczestnik\u00f3w jest cech\u0105 tego satyryczno-publicystycznego show emitowanego na antenie TVN24.<\/p>\n\n\n\n<figure class=\"wp-block-image\"><img decoding=\"async\" src=\"https:\/\/www.bystragrazyna.pl\/wp-content\/uploads\/2025\/09\/1504.jpg\" alt=\"\" class=\"wp-image-23255\"\/><\/figure>\n\n\n\n<h2 class=\"wp-block-heading\">Brak oficjalnej reakcji Kancelarii Prezydenta<\/h2>\n\n\n\n<p>Na moment publikacji niniejszego artyku\u0142u nie pojawi\u0142y si\u0119 oficjalne wypowiedzi ani ze strony Kancelarii Prezydenta, ani samego Karola Nawrockiego, kt\u00f3re odnios\u0142yby si\u0119 do poruszonych podczas programu zarzut\u00f3w czy pyta\u0144. R\u00f3wnie\u017c TVN24 nie skomentowa\u0142 sprawy. W razie publikacji nowych informacji z instytucjonalnych \u017ar\u00f3de\u0142, zostan\u0105 one niezw\u0142ocznie zaktualizowane.<\/p>\n\n\n\n<h2 class=\"wp-block-heading\">Popularno\u015b\u0107 i rezonans spo\u0142eczny<\/h2>\n\n\n\n<p>Fragment rozmowy, w kt\u00f3rym widz krytykuje zaanga\u017cowanie rodzinne prezydenta, szybko zyska\u0142 du\u017c\u0105 popularno\u015b\u0107 w mediach spo\u0142eczno\u015bciowych i portalach internetowych. Temat wywo\u0142a\u0142 o\u017cywion\u0105 dyskusj\u0119 oraz liczne komentarze internaut\u00f3w, podsycaj\u0105c debat\u0119 o roli os\u00f3b publicznych w \u017cyciu rodzinnym i spo\u0142ecznym.<\/p>\n\n\n\n<h2 class=\"wp-block-heading\">Kim jest Karol Nawrocki? Kilka s\u0142\u00f3w o prezydencie<\/h2>\n\n\n\n<p>Karol Nawrocki to posta\u0107, kt\u00f3ra nie schodzi z nag\u0142\u00f3wk\u00f3w medialnych. W ostatnim czasie skupia si\u0119 na promowaniu zdrowego stylu \u017cycia, co postanowi\u0142 uczyni\u0107 jednym z g\u0142\u00f3wnych punkt\u00f3w swojej kampanii wyborczej. Jednak\u017ce jego wypowiedzi cz\u0119sto wzbudzaj\u0105 kontrowersje, zw\u0142aszcza gdy dotycz\u0105 temat\u00f3w, na kt\u00f3rych wielu ekspert\u00f3w uwa\u017ca, \u017ce ma ograniczon\u0105 wiedz\u0119. Szczeg\u00f3lnie g\u0142o\u015bno by\u0142o o jego stanowisku na temat zdrowia Polak\u00f3w, kt\u00f3re wywo\u0142a\u0142o fal\u0119 krytyki ze strony \u015brodowisk medycznych.<\/p>\n\n\n\n<h2 class=\"wp-block-heading\">Reakcje medi\u00f3w i internaut\u00f3w na rodzinne zarzuty<\/h2>\n\n\n\n<p>Media oraz u\u017cytkownicy internetu z\u017cymaj\u0105 si\u0119 na publiczny atak na \u017cycie prywatne prezydenta. Wiele os\u00f3b komentuje, \u017ce stawianie zarzut\u00f3w dotycz\u0105cych \u017cycia rodzinnego bez potwierdzonych fakt\u00f3w jest nieetyczne. Z drugiej strony pojawiaj\u0105 si\u0119 g\u0142osy, \u017ce osoby publiczne powinny by\u0107 rozliczane z ca\u0142okszta\u0142tu dzia\u0142a\u0144, w tym tak\u017ce zaanga\u017cowania rodzinnego. Dyskusja ta jest nadal bardzo \u017cywa i trudno przewidzie\u0107, czy odbije si\u0119 na wizerunku Karola Nawrockiego w d\u0142u\u017cszej perspektywie.<\/p>\n\n\n\n<h2 class=\"wp-block-heading\">Widzowie i interaktywno\u015b\u0107: nowa jako\u015b\u0107 publicystyki<\/h2>\n\n\n\n<p>\u201eSzk\u0142o kontaktowe\u201d od lat wyr\u00f3\u017cnia si\u0119 formu\u0142\u0105 otwart\u0105 na opinie zwyk\u0142ych widz\u00f3w, co pozwala na autentyczne emocje i bezpo\u015brednio\u015b\u0107 rozm\u00f3w. To w\u0142a\u015bnie dzi\u0119ki temu program zyska\u0142 popularno\u015b\u0107 w\u015br\u00f3d publiczno\u015bci, cho\u0107 czasem mo\u017ce prowadzi\u0107 do burzliwych sytuacji i kontrowersji. Przyk\u0142ad z udzia\u0142em pana W\u0142odzimierza \u015bwiadczy, \u017ce dziennikarze wci\u0105\u017c pozwalaj\u0105 na poruszanie jednak dra\u017cliwych temat\u00f3w, kt\u00f3re zyskuj\u0105 na zainteresowaniu i rozg\u0142osie.<\/p>\n","protected":false},"excerpt":{"rendered":"W \u015brodowy wiecz\u00f3r, podczas programu \u201eSzk\u0142o kontaktowe\u201d emitowanego 17 wrze\u015bnia, pierwszy telefon do studia wywo\u0142a\u0142 prawdziw\u0105 burz\u0119. Widz, przedstawiony jako pan W\u0142odzimierz ze \n<a class=\"moretag\" href=\"https:\/\/swiat24.pl.ua\/?p=21418\"> [...]<\/a>","protected":false},"author":1,"featured_media":21419,"comment_status":"open","ping_status":"open","sticky":false,"template":"","format":"standard","meta":{"footnotes":""},"categories":[1],"tags":[],"class_list":["post-21418","post","type-post","status-publish","format-standard","has-post-thumbnail","hentry","category-blog"],"_links":{"self":[{"href":"https:\/\/swiat24.pl.ua\/index.php?rest_route=\/wp\/v2\/posts\/21418","targetHints":{"allow":["GET"]}}],"collection":[{"href":"https:\/\/swiat24.pl.ua\/index.php?rest_route=\/wp\/v2\/posts"}],"about":[{"href":"https:\/\/swiat24.pl.ua\/index.php?rest_route=\/wp\/v2\/types\/post"}],"author":[{"embeddable":true,"href":"https:\/\/swiat24.pl.ua\/index.php?rest_route=\/wp\/v2\/users\/1"}],"replies":[{"embeddable":true,"href":"https:\/\/swiat24.pl.ua\/index.php?rest_route=%2Fwp%2Fv2%2Fcomments&post=21418"}],"version-history":[{"count":1,"href":"https:\/\/swiat24.pl.ua\/index.php?rest_route=\/wp\/v2\/posts\/21418\/revisions"}],"predecessor-version":[{"id":21420,"href":"https:\/\/swiat24.pl.ua\/index.php?rest_route=\/wp\/v2\/posts\/21418\/revisions\/21420"}],"wp:featuredmedia":[{"embeddable":true,"href":"https:\/\/swiat24.pl.ua\/index.php?rest_route=\/wp\/v2\/media\/21419"}],"wp:attachment":[{"href":"https:\/\/swiat24.pl.ua\/index.php?rest_route=%2Fwp%2Fv2%2Fmedia&parent=21418"}],"wp:term":[{"taxonomy":"category","embeddable":true,"href":"https:\/\/swiat24.pl.ua\/index.php?rest_route=%2Fwp%2Fv2%2Fcategories&post=21418"},{"taxonomy":"post_tag","embeddable":true,"href":"https:\/\/swiat24.pl.ua\/index.php?rest_route=%2Fwp%2Fv2%2Ftags&post=21418"}],"curies":[{"name":"wp","href":"https:\/\/api.w.org\/{rel}","templated":true}]}}