{"id":21406,"date":"2026-01-24T14:24:53","date_gmt":"2026-01-24T14:24:53","guid":{"rendered":"https:\/\/swiat24.pl.ua\/?p=21406"},"modified":"2026-01-24T14:24:53","modified_gmt":"2026-01-24T14:24:53","slug":"znany-lekarz-zginal-w-wypadku-jego-corki-trafily-do-szpitala-wlasnie-przekazano-tragiczna-informacje-2","status":"publish","type":"post","link":"https:\/\/swiat24.pl.ua\/?p=21406","title":{"rendered":"Znany lekarz zgin\u0105\u0142 w wypadku, jego c\u00f3rki trafi\u0142y do szpitala. W\u0142a\u015bnie przekazano tragiczn\u0105 informacj\u0119"},"content":{"rendered":"\n<p>16 sierpnia w tragicznym wypadku na drodze krajowej nr 20 zmar\u0142 ceniony lekarz z Kalisza. Jego osobowy mercedes czo\u0142owo zderzy\u0142 si\u0119 z ci\u0119\u017car\u00f3wk\u0105.<\/p>\n\n\n\n<p>M\u0119\u017cczyzna podr\u00f3\u017cowa\u0142 z dwiema c\u00f3rkami, kt\u00f3re w bardzo ci\u0119\u017ckim stanie trafi\u0142y do szpitala. Policja w\u0142a\u015bnie przekaza\u0142a tragiczne informacje.<\/p>\n\n\n\n<p>Tragiczny wypadek na DK20. Policja w\u0142a\u015bnie przekaza\u0142a<br>W pi\u0105tek 16 sierpnia dosz\u0142o do tragicznego w skutkach wypadku drogowego na drodze krajowej nr 20 na odcinku Z\u0142ocieniec \u2013 Czaplinek. Samoch\u00f3d osobowy, kt\u00f3rym podr\u00f3\u017cowa\u0142y trzy osoby, z niewiadomych przyczyn zjecha\u0142 na przeciwleg\u0142y pas i czo\u0142owo zderzy\u0142 si\u0119 z ci\u0119\u017car\u00f3wk\u0105.<\/p>\n\n\n\n<p>Na miejscu zgin\u0105\u0142 kierowca osob\u00f3wki, jak si\u0119 p\u00f3\u017aniej okaza\u0142o znany i ceniony lekarz z Kalisza. M\u0119\u017cczyzna w momencie zdarzenia podr\u00f3\u017cowa\u0142 ze swoimi ma\u0142ymi c\u00f3rkami.<\/p>\n\n\n\n<p>Dwie c\u00f3rki w wieku 8 i 10 lat w bardzo ci\u0119\u017ckim stanie zosta\u0142y przetransportowane dwoma \u015bmig\u0142owcami Lotnicze Pogotowie Ratunkowe do szpitali w Szczecinie oraz Koszalinie \u2013 informowali stra\u017cacy, kt\u00f3rzy opublikowali r\u00f3wnie\u017c zdj\u0119cia z<\/p>\n\n\n\n<p>W wypadku zgin\u0105\u0142 ceniony lekarz. Policja przekaza\u0142a kolejne tragiczne informacje<br>Stra\u017cacy z OSP Z\u0142ocieniec informowali, \u017ce kierowca, kt\u00f3ry zgin\u0105\u0142 na miejscu to \u201cuznany lekarz, b\u0119d\u0105cy liderem na oddziale naczyniowym w kaliskim szpitalu\u201d.<\/p>\n\n\n\n<p>Ofiar\u0105 tragicznego wypadku by\u0142 dr Tadeusz Zaleski \u2013 znany kaliski chirurg naczyniowy.&nbsp;Mia\u0142 60 lat. Wkr\u00f3tce w mediach spo\u0142eczno\u015bciowych Centrum Medyczne Medyk zamie\u015bci\u0142o poruszaj\u0105cy komunikat.&nbsp;<\/p>\n\n\n\n<p>Z wielkim \u017calem i smutkiem przyj\u0119li\u015bmy wiadomo\u015b\u0107 o tragicznej \u015bmierci doktora Tadeusza Zaleskiego, znakomitego lekarza, d\u0142ugoletniego wsp\u00f3\u0142pracownika oraz przyjaciela naszego i pacjent\u00f3w. Dr Tadeusz Zaleski zmar\u0142 tragicznie 16 sierpnia 2024 roku \u2013 przekazano.<\/p>\n\n\n\n<p>We wpisie podkre\u015blono, \u017ce ceniony lekarz \u201cprzez wiele lat po\u015bwi\u0119ca\u0142 swoje \u017cycie s\u0142u\u017cbie zdrowia\u201d.<\/p>\n\n\n\n<p>Jego niezwyk\u0142a charyzma, wiedza oraz empatia zjednywa\u0142y mu szacunek i mi\u0142o\u015b\u0107 zar\u00f3wno pacjent\u00f3w, jak i wsp\u00f3\u0142pracownik\u00f3w. By\u0142 nie tylko lekarzem, ale i mentorem, kt\u00f3ry inspirowa\u0142 nas do ci\u0105g\u0142ego d\u0105\u017cenia do doskona\u0142o\u015bci. Nieoceniony w trudnych chwilach, potrafi\u0142 zawsze znale\u017a\u0107 odpowiednie s\u0142owa otuchy, nios\u0105c nadziej\u0119 tam, gdzie na poz\u00f3r jej brakowa\u0142o \u2013 czytamy.<\/p>\n\n\n\n<p>Wczoraj w wypadku samochodowym zgin\u0105\u0142 dr Tadeusz Zaleski \u2013 kaliski lekarz, chirurg. Ceniony przez pacjent\u00f3w specjalista, pe\u0142en empatii cz\u0142owiek. Szanowany i lubiany przez wsp\u00f3\u0142pracownik\u00f3w. Wiele lat leczy\u0142 pacjent\u00f3w w kaliskim szpitalu i poradniach w naszym mie\u015bcie. Cze\u015b\u0107 Jego pami\u0119ci \u2013 napisa\u0142 prezydent.<\/p>\n","protected":false},"excerpt":{"rendered":"16 sierpnia w tragicznym wypadku na drodze krajowej nr 20 zmar\u0142 ceniony lekarz z Kalisza. Jego osobowy mercedes czo\u0142owo zderzy\u0142 si\u0119 z ci\u0119\u017car\u00f3wk\u0105. \n<a class=\"moretag\" href=\"https:\/\/swiat24.pl.ua\/?p=21406\"> [...]<\/a>","protected":false},"author":1,"featured_media":21407,"comment_status":"open","ping_status":"open","sticky":false,"template":"","format":"standard","meta":{"footnotes":""},"categories":[1],"tags":[],"class_list":["post-21406","post","type-post","status-publish","format-standard","has-post-thumbnail","hentry","category-blog"],"_links":{"self":[{"href":"https:\/\/swiat24.pl.ua\/index.php?rest_route=\/wp\/v2\/posts\/21406","targetHints":{"allow":["GET"]}}],"collection":[{"href":"https:\/\/swiat24.pl.ua\/index.php?rest_route=\/wp\/v2\/posts"}],"about":[{"href":"https:\/\/swiat24.pl.ua\/index.php?rest_route=\/wp\/v2\/types\/post"}],"author":[{"embeddable":true,"href":"https:\/\/swiat24.pl.ua\/index.php?rest_route=\/wp\/v2\/users\/1"}],"replies":[{"embeddable":true,"href":"https:\/\/swiat24.pl.ua\/index.php?rest_route=%2Fwp%2Fv2%2Fcomments&post=21406"}],"version-history":[{"count":1,"href":"https:\/\/swiat24.pl.ua\/index.php?rest_route=\/wp\/v2\/posts\/21406\/revisions"}],"predecessor-version":[{"id":21408,"href":"https:\/\/swiat24.pl.ua\/index.php?rest_route=\/wp\/v2\/posts\/21406\/revisions\/21408"}],"wp:featuredmedia":[{"embeddable":true,"href":"https:\/\/swiat24.pl.ua\/index.php?rest_route=\/wp\/v2\/media\/21407"}],"wp:attachment":[{"href":"https:\/\/swiat24.pl.ua\/index.php?rest_route=%2Fwp%2Fv2%2Fmedia&parent=21406"}],"wp:term":[{"taxonomy":"category","embeddable":true,"href":"https:\/\/swiat24.pl.ua\/index.php?rest_route=%2Fwp%2Fv2%2Fcategories&post=21406"},{"taxonomy":"post_tag","embeddable":true,"href":"https:\/\/swiat24.pl.ua\/index.php?rest_route=%2Fwp%2Fv2%2Ftags&post=21406"}],"curies":[{"name":"wp","href":"https:\/\/api.w.org\/{rel}","templated":true}]}}