{"id":21391,"date":"2026-01-24T11:55:10","date_gmt":"2026-01-24T11:55:10","guid":{"rendered":"https:\/\/swiat24.pl.ua\/?p=21391"},"modified":"2026-01-24T11:55:10","modified_gmt":"2026-01-24T11:55:10","slug":"nerwowe-dni-dla-ziobry-takiego-ciosu-nie-przewidzial-czarzasty-podjal-wazna-decyzje","status":"publish","type":"post","link":"https:\/\/swiat24.pl.ua\/?p=21391","title":{"rendered":"Nerwowe dni dla Ziobry, takiego ciosu nie przewidzia\u0142. Czarzasty podj\u0105\u0142 wa\u017cn\u0105 decyzj\u0119"},"content":{"rendered":"\n<p>W polskim parlamencie nabiera tempa proces rozliczania by\u0142ego ministra sprawiedliwo\u015bci. Koalicja rz\u0105dowa podejmuje konkretne kroki formalne, aby poci\u0105gn\u0105\u0107 Zbigniewa Ziobr\u0119 do odpowiedzialno\u015bci konstytucyjnej za dzia\u0142ania z lat 2015\u20132023.<\/p>\n\n\n\n<p> Podczas gdy jedne ugrupowania ju\u017c gromadz\u0105 wymagane podpisy, inne k\u0142ad\u0105 nacisk na precyzyjne przygotowanie dokumentacji, kt\u00f3ra ma sta\u0107 si\u0119 fundamentem aktu oskar\u017cenia przed Trybuna\u0142em Stanu.<\/p>\n\n\n\n<p>Zarzuty dla Zbigniewa Ziobry<br>Azyl polityczny dla Zbigniewa Ziobry<br>Ruszy\u0142o zbieranie podpis\u00f3w pod wnioskiem o postawienie Ziobry przed Trybuna\u0142em Stanu<\/p>\n\n\n\n<p><br>Zarzuty dla Zbigniewa Ziobry<br>Pod koniec listopada 2025 roku minister sprawiedliwo\u015bci Waldemar \u017burek przekaza\u0142 marsza\u0142kowi Sejmu dokumentacj\u0119 dotycz\u0105c\u0105 zarzut\u00f3w prokuratorskich dla Zbigniewa Ziobry, kt\u00f3ry kierowa\u0142 resortem w latach 2015\u20132023.\u00a0<\/p>\n\n\n\n<p>Prokuratura zarzuca by\u0142emu ministrowi pope\u0142nienie 26 przest\u0119pstw, w tym kierowanie zorganizowan\u0105 grup\u0105 przest\u0119pcz\u0105 oraz wykorzystywanie stanowiska do cel\u00f3w bezprawnych. Zarzuty obejmuj\u0105 ingerowanie w oferty konkursowe i wydawanie polece\u0144 \u0142amania prawa przy przyznawaniu dotacji z Funduszu Sprawiedliwo\u015bci.<\/p>\n\n\n\n<p>Przedstawione naruszenia mog\u0105 sta\u0107 si\u0119 podstaw\u0105 do poci\u0105gni\u0119cia polityka do odpowiedzialno\u015bci konstytucyjnej za delikt konstytucyjny. Zbigniew Ziobro zaprzecza oskar\u017ceniom i okre\u015bla dzia\u0142ania prokuratury mianem politycznego linczu.<br><\/p>\n\n\n\n<p>Azyl polityczny dla Zbigniewa Ziobry<br>By\u0142y minister sprawiedliwo\u015bci Zbigniew Ziobro, kt\u00f3remu zarzuca si\u0119 ingerowanie w oferty konkursowe, otrzyma\u0142 azyl polityczny. Schronienie polityczne przyzna\u0142y mu W\u0119gry, jednak polityk jednoznacznie zadeklarowa\u0142, \u017ce nie zamierza zrzeka\u0107 si\u0119 mandatu poselskiego w polskim Sejmie. Decyzj\u0119 t\u0119 uzasadnia twierdzeniem, \u017ce pad\u0142 ofiar\u0105 represji oraz &#8220;psychopatycznej zemsty&#8221; premiera Donalda Tuska.<br><\/p>\n\n\n\n<p>Ruszy\u0142o zbieranie podpis\u00f3w pod wnioskiem o postawienie Ziobry przed Trybuna\u0142em Stanu<br>Marsza\u0142ek Sejmu opublikowa\u0142 w mediach spo\u0142eczno\u015bciowych zdj\u0119cie wst\u0119pnego wniosku o postawienie by\u0142ego ministra sprawiedliwo\u015bci Zbigniewa Ziobry przed Trybuna\u0142em Stanu i potwierdzi\u0142 przeprowadzenie rozm\u00f3w z szefami klub\u00f3w parlamentarnych. Proces gromadzenia podpis\u00f3w pod dokumentem rozpocz\u0119\u0142y Nowa Lewica oraz Koalicja Obywatelska.&nbsp;<\/p>\n\n\n\n<p>Dotychczas Nowa Lewica zebra\u0142a 27 podpis\u00f3w, a pod wnioskiem widniej\u0105 ju\u017c nazwiska pi\u0119ciu pos\u0142\u00f3w tego ugrupowania. Polska 2050 wstrzyma\u0142a si\u0119 jeszcze ze zbieraniem podpis\u00f3w, planuj\u0105c wewn\u0119trzn\u0105 dyskusj\u0119 nad dokumentem. Z kolei ludowcy nie podejmuj\u0105 gwa\u0142townych ruch\u00f3w, argumentuj\u0105c, \u017ce wniosek wymaga profesjonalnego przygotowania i solidnej argumentacji.<br><\/p>\n\n\n\n<blockquote class=\"twitter-tweet\" data-media-max-width=\"560\"><p lang=\"pl\" dir=\"ltr\">\u201ePrzysz\u0142a kryska na Matyska&quot; to polskie przys\u0142owie oznaczaj\u0105ce, \u017ce sprytny \u0142otr (kto\u015b, komu dobrze si\u0119 wiod\u0142o w oszustwach i psotach) w ko\u0144cu zosta\u0142 przy\u0142apany i spotka\u0142a go zas\u0142u\u017cona kara, koniec jego szcz\u0119\u015bcia lub fortuny. <a href=\"https:\/\/t.co\/VjHDxpCaFu\">pic.twitter.com\/VjHDxpCaFu<\/a><\/p>&mdash; W\u0142odzimierz Czarzasty   (@wlodekczarzasty) <a href=\"https:\/\/twitter.com\/wlodekczarzasty\/status\/2014389149306950048?ref_src=twsrc%5Etfw\">January 22, 2026<\/a><\/blockquote> <script async src=\"https:\/\/platform.twitter.com\/widgets.js\" charset=\"utf-8\"><\/script>\n\n\n\n<p>W ramach koalicji ruszy\u0142o zbieranie ponad 115 podpis\u00f3w pod wnioskiem o Trybuna\u0142 Stanu. Krzysztof Paszyk oceni\u0142 ten ruch jako inicjatyw\u0119 blisk\u0105 wszystkim klubom rz\u0105dowym. Szef klubu Polski 2050 Pawe\u0142 \u015aliz zapowiedzia\u0142, \u017ce parlamentarzy\u015bci jego ugrupowania b\u0119d\u0105 dyskutowa\u0107 o poparciu wniosku na nadchodz\u0105cym posiedzeniu. Krzysztof Paszyk z PSL podkre\u015bla, \u017ce wniosek b\u0119d\u0105cy faktycznie aktem oskar\u017cenia musi zosta\u0107 przygotowany niezwykle profesjonalnie, dlatego ludowcy unikaj\u0105 po\u015bpiechu.&nbsp;<\/p>\n\n\n\n<p><\/p>\n","protected":false},"excerpt":{"rendered":"W polskim parlamencie nabiera tempa proces rozliczania by\u0142ego ministra sprawiedliwo\u015bci. Koalicja rz\u0105dowa podejmuje konkretne kroki formalne, aby poci\u0105gn\u0105\u0107 Zbigniewa Ziobr\u0119 do odpowiedzialno\u015bci konstytucyjnej \n<a class=\"moretag\" href=\"https:\/\/swiat24.pl.ua\/?p=21391\"> [...]<\/a>","protected":false},"author":1,"featured_media":21392,"comment_status":"open","ping_status":"open","sticky":false,"template":"","format":"standard","meta":{"footnotes":""},"categories":[1],"tags":[],"class_list":["post-21391","post","type-post","status-publish","format-standard","has-post-thumbnail","hentry","category-blog"],"_links":{"self":[{"href":"https:\/\/swiat24.pl.ua\/index.php?rest_route=\/wp\/v2\/posts\/21391","targetHints":{"allow":["GET"]}}],"collection":[{"href":"https:\/\/swiat24.pl.ua\/index.php?rest_route=\/wp\/v2\/posts"}],"about":[{"href":"https:\/\/swiat24.pl.ua\/index.php?rest_route=\/wp\/v2\/types\/post"}],"author":[{"embeddable":true,"href":"https:\/\/swiat24.pl.ua\/index.php?rest_route=\/wp\/v2\/users\/1"}],"replies":[{"embeddable":true,"href":"https:\/\/swiat24.pl.ua\/index.php?rest_route=%2Fwp%2Fv2%2Fcomments&post=21391"}],"version-history":[{"count":1,"href":"https:\/\/swiat24.pl.ua\/index.php?rest_route=\/wp\/v2\/posts\/21391\/revisions"}],"predecessor-version":[{"id":21393,"href":"https:\/\/swiat24.pl.ua\/index.php?rest_route=\/wp\/v2\/posts\/21391\/revisions\/21393"}],"wp:featuredmedia":[{"embeddable":true,"href":"https:\/\/swiat24.pl.ua\/index.php?rest_route=\/wp\/v2\/media\/21392"}],"wp:attachment":[{"href":"https:\/\/swiat24.pl.ua\/index.php?rest_route=%2Fwp%2Fv2%2Fmedia&parent=21391"}],"wp:term":[{"taxonomy":"category","embeddable":true,"href":"https:\/\/swiat24.pl.ua\/index.php?rest_route=%2Fwp%2Fv2%2Fcategories&post=21391"},{"taxonomy":"post_tag","embeddable":true,"href":"https:\/\/swiat24.pl.ua\/index.php?rest_route=%2Fwp%2Fv2%2Ftags&post=21391"}],"curies":[{"name":"wp","href":"https:\/\/api.w.org\/{rel}","templated":true}]}}