{"id":21387,"date":"2026-01-24T10:47:02","date_gmt":"2026-01-24T10:47:02","guid":{"rendered":"https:\/\/swiat24.pl.ua\/?p=21387"},"modified":"2026-01-24T10:47:02","modified_gmt":"2026-01-24T10:47:02","slug":"pilne-wsparcie-z-polski-na-ukraine-pierwsze-transporty-juz-w-drodze","status":"publish","type":"post","link":"https:\/\/swiat24.pl.ua\/?p=21387","title":{"rendered":"Pilne wsparcie z Polski na Ukrain\u0119! Pierwsze transporty ju\u017c w drodz\u0119"},"content":{"rendered":"\n<p>Decyzj\u0105 premiera Donalda Tuska do Ukrainy trafi w najbli\u017cszych dniach kolejna partia sprz\u0119tu, kt\u00f3ry ma pom\u00f3c przetrwa\u0107 najtrudniejszy czas.<\/p>\n\n\n\n<p>MSWiA poinformowa\u0142o, \u017ce chodzi o 379 generator\u00f3w pr\u0105du oraz 18 nagrzewnic pochodz\u0105cych z zasob\u00f3w Rz\u0105dowej Agencji Rezerw Strategicznych.<\/p>\n\n\n\n<p>Sprz\u0119t ma dotrze\u0107 tam, gdzie brakuje energii i ciep\u0142a, a pierwsze transporty wyruszy\u0142y ju\u017c w pi\u0105tek.<\/p>\n\n\n\n<p>Ta decyzja zapad\u0142a w momencie, gdy sytuacja w Ukrainie robi si\u0119 coraz bardziej krytyczna i nie chodzi ju\u017c tylko o polityk\u0119, ale o zwyk\u0142e przetrwanie ludzi.<\/p>\n\n\n\n<p>Rosyjskie uderzenia w infrastruktur\u0119 energetyczn\u0105 doprowadzi\u0142y do powa\u017cnych przerw w dostawach pr\u0105du i ogrzewania.<\/p>\n\n\n\n<p>Wed\u0142ug przekazywanych informacji niemal 60 procent Kijowa zosta\u0142o odci\u0119te od energii elektrycznej.<\/p>\n\n\n\n<p>W wielu miejscach zgas\u0142o \u015bwiat\u0142o, stan\u0119\u0142y windy, a tysi\u0105ce mieszka\u0144 pozostaje bez normalnego ogrzewania.<\/p>\n\n\n\n<p>W czasie mroz\u00f3w takie warunki mog\u0105 by\u0107 realnym zagro\u017ceniem dla zdrowia, a nawet \u017cycia setek tysi\u0119cy os\u00f3b.<\/p>\n\n\n\n<p>Dlatego w\u0142adze w Polsce zdecydowa\u0142y si\u0119 uruchomi\u0107 sprz\u0119t, kt\u00f3ry mo\u017ce da\u0107 przynajmniej minimaln\u0105 stabilno\u015b\u0107 w tych najgorszych godzinach.<\/p>\n\n\n\n<p>Na mocy decyzji premiera i kierownictwa MSWiA, RARS przeka\u017ce Ukrainie 379 agregat\u00f3w pr\u0105dotw\u00f3rczych oraz 18 nagrzewnic.<\/p>\n\n\n\n<p>To ma by\u0107 odpowied\u017a na potrzeby, kt\u00f3re strona ukrai\u0144ska zg\u0142asza\u0142a jako najbardziej pilne.<\/p>\n\n\n\n<p>MSWiA zaznacza, \u017ce przekazanie tej partii sprz\u0119tu nie wp\u0142ynie na bezpiecze\u0144stwo Polski ani na mo\u017cliwo\u015b\u0107 realizowania dzia\u0142a\u0144 w kraju.<\/p>\n\n\n\n<p>Podkre\u015blono, \u017ce agencja zachowuje zdolno\u015b\u0107 do w\u0142asnych zada\u0144 i nadal ma rezerwy na sytuacje kryzysowe.<\/p>\n\n\n\n<p>Szef MSWiA opublikowa\u0142 w internecie zdj\u0119cia transportu, pokazuj\u0105c, \u017ce sprawa nie jest tylko zapowiedzi\u0105, ale realnym dzia\u0142aniem.<\/p>\n\n\n\n<p>W tej historii wa\u017cne jest te\u017c to, \u017ce pomoc ma kilka \u017ar\u00f3de\u0142 i nie opiera si\u0119 wy\u0142\u0105cznie na polskich rezerwach.<\/p>\n\n\n\n<p>MSWiA poinformowa\u0142o, \u017ce wsparcie jest organizowane w trzech niezale\u017cnych kana\u0142ach, tak aby zwi\u0119kszy\u0107 skal\u0119 dostaw.<\/p>\n\n\n\n<p>Opr\u00f3cz sprz\u0119tu przekazywanego przez RARS, Polska koordynuje te\u017c transport kolejnych 447 generator\u00f3w w ramach mechanizm\u00f3w europejskich.<\/p>\n\n\n\n<p>To oznacza, \u017ce wsparcie obejmuje r\u00f3wnie\u017c \u015brodki unijne i dzia\u0142anie na poziomie wsp\u00f3lnotowym, a nie tylko krajowym.<\/p>\n\n\n\n<p>Dodatkowo swoje agregaty przekaza\u0142y w\u0142adze Warszawy, kt\u00f3re przygotowa\u0142y 90 kolejnych urz\u0105dze\u0144.<\/p>\n\n\n\n<p>Za ich transport odpowiada\u0107 b\u0119dzie Pa\u0144stwowa Stra\u017c Po\u017carna, co ma przyspieszy\u0107 ca\u0142\u0105 logistyk\u0119 i u\u0142atwi\u0107 dostarczenie sprz\u0119tu tam, gdzie jest najbardziej potrzebny.<\/p>\n\n\n\n<p>W praktyce oznacza to, \u017ce najbli\u017csze dni mog\u0105 przynie\u015b\u0107 do ukrai\u0144skich miast realn\u0105 pomoc, kt\u00f3ra w mrozie i przy braku pr\u0105du jest czym\u015b wi\u0119cej ni\u017c wsparciem symbolicznym.<\/p>\n\n\n\n<p>To sprz\u0119t, kt\u00f3ry w takich warunkach mo\u017ce po prostu ratowa\u0107 \u017cycie, daj\u0105c cho\u0107 troch\u0119 ciep\u0142a i energii tam, gdzie dzi\u015b panuje ciemno\u015b\u0107 i zimno.<\/p>\n","protected":false},"excerpt":{"rendered":"Decyzj\u0105 premiera Donalda Tuska do Ukrainy trafi w najbli\u017cszych dniach kolejna partia sprz\u0119tu, kt\u00f3ry ma pom\u00f3c przetrwa\u0107 najtrudniejszy czas. MSWiA poinformowa\u0142o, \u017ce chodzi \n<a class=\"moretag\" href=\"https:\/\/swiat24.pl.ua\/?p=21387\"> [...]<\/a>","protected":false},"author":1,"featured_media":21388,"comment_status":"open","ping_status":"open","sticky":false,"template":"","format":"standard","meta":{"footnotes":""},"categories":[1],"tags":[],"class_list":["post-21387","post","type-post","status-publish","format-standard","has-post-thumbnail","hentry","category-blog"],"_links":{"self":[{"href":"https:\/\/swiat24.pl.ua\/index.php?rest_route=\/wp\/v2\/posts\/21387","targetHints":{"allow":["GET"]}}],"collection":[{"href":"https:\/\/swiat24.pl.ua\/index.php?rest_route=\/wp\/v2\/posts"}],"about":[{"href":"https:\/\/swiat24.pl.ua\/index.php?rest_route=\/wp\/v2\/types\/post"}],"author":[{"embeddable":true,"href":"https:\/\/swiat24.pl.ua\/index.php?rest_route=\/wp\/v2\/users\/1"}],"replies":[{"embeddable":true,"href":"https:\/\/swiat24.pl.ua\/index.php?rest_route=%2Fwp%2Fv2%2Fcomments&post=21387"}],"version-history":[{"count":1,"href":"https:\/\/swiat24.pl.ua\/index.php?rest_route=\/wp\/v2\/posts\/21387\/revisions"}],"predecessor-version":[{"id":21389,"href":"https:\/\/swiat24.pl.ua\/index.php?rest_route=\/wp\/v2\/posts\/21387\/revisions\/21389"}],"wp:featuredmedia":[{"embeddable":true,"href":"https:\/\/swiat24.pl.ua\/index.php?rest_route=\/wp\/v2\/media\/21388"}],"wp:attachment":[{"href":"https:\/\/swiat24.pl.ua\/index.php?rest_route=%2Fwp%2Fv2%2Fmedia&parent=21387"}],"wp:term":[{"taxonomy":"category","embeddable":true,"href":"https:\/\/swiat24.pl.ua\/index.php?rest_route=%2Fwp%2Fv2%2Fcategories&post=21387"},{"taxonomy":"post_tag","embeddable":true,"href":"https:\/\/swiat24.pl.ua\/index.php?rest_route=%2Fwp%2Fv2%2Ftags&post=21387"}],"curies":[{"name":"wp","href":"https:\/\/api.w.org\/{rel}","templated":true}]}}