{"id":21375,"date":"2026-01-23T16:30:42","date_gmt":"2026-01-23T16:30:42","guid":{"rendered":"https:\/\/swiat24.pl.ua\/?p=21375"},"modified":"2026-01-23T16:30:42","modified_gmt":"2026-01-23T16:30:42","slug":"edyta-gorniak-wystosowala-pilny-apel-wczoraj-zaginal","status":"publish","type":"post","link":"https:\/\/swiat24.pl.ua\/?p=21375","title":{"rendered":"Edyta G\u00f3rniak wystosowa\u0142a pilny apel. Wczoraj zagin\u0105\u0142"},"content":{"rendered":"\n<p>Edyta G\u00f3rniak od dekad funkcjonuje w polskim show-biznesie w spos\u00f3b, kt\u00f3ry trudno por\u00f3wna\u0107 z innymi artystami. <\/p>\n\n\n\n<p>Po jej debiucie na Eurowizji min\u0119\u0142o wiele lat, a ona nadal pozostaje jedn\u0105 z najbardziej rozpoznawalnych postaci krajowej sceny muzycznej. <\/p>\n\n\n\n<p>To nie tylko zas\u0142uga wyj\u0105tkowego g\u0142osu, cz\u0119sto uznawanego za jeden z najsilniejszych w Polsce, ale r\u00f3wnie\u017c oryginalnego podej\u015bcia do swojej obecno\u015bci publicznej.<\/p>\n\n\n\n<p>Chocia\u017c rzadko pojawia si\u0119 na bran\u017cowych imprezach i nie eksponuje \u017cycia prywatnego, nie pod\u0105\u017ca te\u017c za algorytmami medi\u00f3w spo\u0142eczno\u015bciowych. <\/p>\n\n\n\n<p>Kiedy zabiera g\u0142os, czyni to na sw\u00f3j spos\u00f3b \u2013 emocjonalnie, nierzadko enigmatycznie, zawsze wierna w\u0142asnym przekonaniom. Media nauczy\u0142y si\u0119, \u017ce Edyty G\u00f3rniak nie spos\u00f3b zamkn\u0105\u0107 w prosty schemat.<\/p>\n\n\n\n<figure class=\"wp-block-image\"><img decoding=\"async\" src=\"https:\/\/bystragrazyna.pl\/wp-content\/uploads\/2026\/01\/2679.jpg\" alt=\"obrazek\"\/><\/figure>\n\n\n\n<p>Interpretacje jej osoby bywaj\u0105 skrajne \u2013 od ikony z misj\u0105 artystyczn\u0105 po posta\u0107 kontrowersyjn\u0105, id\u0105c\u0105 pod pr\u0105d. Mimo podzielonych opinii niezmienne pozostaje jedno \u2013 ogromne zainteresowanie jej osob\u0105. Ka\u017cdy wpis piosenkarki w social mediach jest szczeg\u00f3\u0142owo analizowany i szeroko udost\u0119pniany. Ka\u017cda jej decyzja, zar\u00f3wno artystyczna, jak i osobista, rezonuje znacznie szerzej, ni\u017c mog\u0142oby si\u0119 wydawa\u0107.<\/p>\n\n\n\n<p>Z czasem Edyta coraz cz\u0119\u015bciej wykorzystuje swoje media do przekazywania nie tylko informacji o karierze, lecz tak\u017ce do wyra\u017cania opinii spo\u0142ecznych oraz dzielenia si\u0119 refleksjami wykraczaj\u0105cymi poza estrad\u0119. Dla jednych jej autentyczno\u015b\u0107 jest dowodem wiarygodno\u015bci, dla innych \u2013 powodem kontrowersji. Bez wzgl\u0119du na ocen\u0119, si\u0142a jej g\u0142osu w przestrzeni publicznej pozostaje niezaprzeczalna.<\/p>\n\n\n\n<h2 class=\"wp-block-heading\">Zagini\u0119cie m\u0142odego m\u0119\u017cczyzny w Pami\u0119cinie<\/h2>\n\n\n\n<p>W ostatnich godzinach po Polsce rozesz\u0142a si\u0119 informacja o nag\u0142ym zagini\u0119ciu 20-letniego m\u0119\u017cczyzny z niewielkiej miejscowo\u015bci Pami\u0119cin. Policja z Komendy Powiatowej w S\u0142ubicach poinformowa\u0142a na Facebooku o poszukiwaniach Mariusza Ma\u0142yszka.<\/p>\n\n\n\n<blockquote class=\"wp-block-quote is-layout-flow wp-block-quote-is-layout-flow\">\n<p><strong>ZAGINIONY \u2013 Mariusz Ma\u0142yszek<\/strong><br>Policjanci z Komendy Powiatowej w S\u0142ubicach prowadz\u0105 poszukiwania 20-letniego m\u0119\u017cczyzny, kt\u00f3ry zagin\u0105\u0142 w miejscowo\u015bci Pami\u0119cin.<br>Ostatni raz widziany by\u0142 oko\u0142o godziny 22:00 w Pami\u0119cinie, gdzie mieszka.<br>Rysopis:<br>\u2022 wiek: 20 lat<br>\u2022 w\u0142osy: ciemne, kr\u0119cone<br>Ubi\u00f3r w chwili zagini\u0119cia:<br>\u2022 czarna kurtka pikowana<br>\u2022 czarne spodnie<br>\u2022 ubrany na czarno<br>Osoby mog\u0105ce pom\u00f3c w ustaleniu miejsca pobytu zaginionego proszone s\u0105 o kontakt z Komend\u0105 Powiatow\u0105 Policji w S\u0142ubicach lub pod numerem alarmowym 112.<\/p>\n<\/blockquote>\n\n\n\n<p>Funkcjonariusze anga\u017cuj\u0105 wszelkie dost\u0119pne \u015brodki, sprawdzaj\u0105c potencjalne miejsca, kt\u00f3re Mariusz m\u00f3g\u0142 odwiedzi\u0107, przes\u0142uchuj\u0105c \u015bwiadk\u00f3w, a tak\u017ce wykorzystuj\u0105c monitoring i inne narz\u0119dzia. W tej sytuacji ka\u017cda minuta jest na wag\u0119 z\u0142ota \u2013 szczeg\u00f3lnie bior\u0105c pod uwag\u0119 panuj\u0105ce zimowe warunki, gdzie temperatury spadaj\u0105 poni\u017cej minus dwudziestu stopni, a ryzyko dla \u017cycia stale ro\u015bnie.<\/p>\n\n\n\n<p>Rodzina oraz bliscy znajduj\u0105 si\u0119 w dramatycznej sytuacji, nie wiedz\u0105c, co si\u0119 wydarzy\u0142o ani gdzie mo\u017ce przebywa\u0107 Mariusz. Policja apeluje do wszystkich \u2013 mieszka\u0144c\u00f3w i internaut\u00f3w \u2013 o zg\u0142aszanie wszelkich, nawet pozornie nieistotnych informacji: od nietypowo zaparkowanego auta po podejrzane obserwacje w mediach spo\u0142eczno\u015bciowych.<\/p>\n\n\n\n<p>W sieci b\u0142yskawicznie pojawi\u0142y si\u0119 informacje oraz zdj\u0119cia zaginionego, kt\u00f3re zacz\u0119\u0142y udost\u0119pnia\u0107 lokalne grupy i fora internetowe. Im wi\u0119cej os\u00f3b b\u0119dzie \u015bwiadomych sytuacji i tego, na co powinny zwraca\u0107 uwag\u0119, tym wi\u0119ksze b\u0119d\u0105 szanse, \u017ce m\u0142ody m\u0119\u017cczyzna zostanie odnaleziony szybko i bezpiecznie.<\/p>\n\n\n\n<h2 class=\"wp-block-heading\">Edyta G\u00f3rniak nag\u0142a\u015bnia poszukiwania Mariusza Ma\u0142yszka<\/h2>\n\n\n\n<p>W obliczu tego dramatycznego zdarzenia z pomoc\u0105 nieoczekiwanie przysz\u0142a jedna z najwa\u017cniejszych postaci polskiej sceny muzycznej \u2013 Edyta G\u00f3rniak. Wykorzystuj\u0105c sw\u00f3j medialny zasi\u0119g i wp\u0142ywy, gwiazda podj\u0119\u0142a dzia\u0142ania, by nag\u0142o\u015bni\u0107 poszukiwania m\u0142odego m\u0119\u017cczyzny.<\/p>\n\n\n\n<p>Na swoich profilach w mediach spo\u0142eczno\u015bciowych opublikowa\u0142a oficjalny apel policji dotycz\u0105cy zagini\u0119cia Mariusza Ma\u0142yszka z Pami\u0119cina, kt\u00f3ry znikn\u0105\u0142 w niedziel\u0119 wieczorem. Kr\u00f3tki, lecz tre\u015bciwy komunikat podkre\u015bli\u0142 powag\u0119 sytuacji i zach\u0119ci\u0142 obserwator\u00f3w do czujno\u015bci oraz dzielenia si\u0119 wszelkimi informacjami mog\u0105cymi pom\u00f3c w odnalezieniu poszukiwanego.<\/p>\n\n\n\n<p>Dzi\u0119ki ogromnej sile zasi\u0119g\u00f3w Edyty lokalny apel policji dotar\u0142 do znacznie szerszej grupy odbiorc\u00f3w, kt\u00f3rzy w normalnych warunkach mogli go przeoczy\u0107. W ci\u0105gu kilku godzin wpis zdoby\u0142 setki udost\u0119pnie\u0144 i tysi\u0105ce reakcji, anga\u017cuj\u0105c internaut\u00f3w na szerok\u0105 skal\u0119 w akcj\u0119 poszukiwawcz\u0105.<\/p>\n\n\n\n<p>Przy\u0142\u0105czenie si\u0119 G\u00f3rniak do kampanii to wyra\u017any dow\u00f3d na to, jak wielkie znaczenie maj\u0105 media spo\u0142eczno\u015bciowe w sytuacjach kryzysowych. Dzi\u0119ki jej pomocy informacja o zagini\u0119ciu dotar\u0142a do os\u00f3b, kt\u00f3re mog\u0105 posiada\u0107 kluczowe dane lub zaanga\u017cowa\u0107 si\u0119 aktywnie w poszukiwania w terenie.<\/p>\n\n\n\n<p>Cho\u0107 nie jest to pierwszy przypadek, gdy Edyta u\u017cywa swoich kana\u0142\u00f3w do nag\u0142a\u015bniania spraw spo\u0142ecznych, tym razem skala oddzia\u0142ywania i bezpo\u015bredni wp\u0142yw na czyje\u015b \u017cycie s\u0105 wyj\u0105tkowo widoczne. Po\u0142\u0105czenie oficjalnych komunikat\u00f3w policji z zasi\u0119giem medialnym takiej klasy tworzy efekt synergii, znacz\u0105co zwi\u0119kszaj\u0105cy szanse, \u017ce Mariusz zostanie odnaleziony ca\u0142y i zdrowy.<\/p>\n","protected":false},"excerpt":{"rendered":"Edyta G\u00f3rniak od dekad funkcjonuje w polskim show-biznesie w spos\u00f3b, kt\u00f3ry trudno por\u00f3wna\u0107 z innymi artystami. Po jej debiucie na Eurowizji min\u0119\u0142o wiele \n<a class=\"moretag\" href=\"https:\/\/swiat24.pl.ua\/?p=21375\"> [...]<\/a>","protected":false},"author":1,"featured_media":21376,"comment_status":"open","ping_status":"open","sticky":false,"template":"","format":"standard","meta":{"footnotes":""},"categories":[1],"tags":[],"class_list":["post-21375","post","type-post","status-publish","format-standard","has-post-thumbnail","hentry","category-blog"],"_links":{"self":[{"href":"https:\/\/swiat24.pl.ua\/index.php?rest_route=\/wp\/v2\/posts\/21375","targetHints":{"allow":["GET"]}}],"collection":[{"href":"https:\/\/swiat24.pl.ua\/index.php?rest_route=\/wp\/v2\/posts"}],"about":[{"href":"https:\/\/swiat24.pl.ua\/index.php?rest_route=\/wp\/v2\/types\/post"}],"author":[{"embeddable":true,"href":"https:\/\/swiat24.pl.ua\/index.php?rest_route=\/wp\/v2\/users\/1"}],"replies":[{"embeddable":true,"href":"https:\/\/swiat24.pl.ua\/index.php?rest_route=%2Fwp%2Fv2%2Fcomments&post=21375"}],"version-history":[{"count":1,"href":"https:\/\/swiat24.pl.ua\/index.php?rest_route=\/wp\/v2\/posts\/21375\/revisions"}],"predecessor-version":[{"id":21377,"href":"https:\/\/swiat24.pl.ua\/index.php?rest_route=\/wp\/v2\/posts\/21375\/revisions\/21377"}],"wp:featuredmedia":[{"embeddable":true,"href":"https:\/\/swiat24.pl.ua\/index.php?rest_route=\/wp\/v2\/media\/21376"}],"wp:attachment":[{"href":"https:\/\/swiat24.pl.ua\/index.php?rest_route=%2Fwp%2Fv2%2Fmedia&parent=21375"}],"wp:term":[{"taxonomy":"category","embeddable":true,"href":"https:\/\/swiat24.pl.ua\/index.php?rest_route=%2Fwp%2Fv2%2Fcategories&post=21375"},{"taxonomy":"post_tag","embeddable":true,"href":"https:\/\/swiat24.pl.ua\/index.php?rest_route=%2Fwp%2Fv2%2Ftags&post=21375"}],"curies":[{"name":"wp","href":"https:\/\/api.w.org\/{rel}","templated":true}]}}