{"id":21323,"date":"2026-01-22T16:27:56","date_gmt":"2026-01-22T16:27:56","guid":{"rendered":"https:\/\/swiat24.pl.ua\/?p=21323"},"modified":"2026-01-22T16:27:56","modified_gmt":"2026-01-22T16:27:56","slug":"co-zrobilismy-bogu-trzech-czlonkow-ekipy-filmowej-znalezionych-martwych-w-wypadku-samochodowym","status":"publish","type":"post","link":"https:\/\/swiat24.pl.ua\/?p=21323","title":{"rendered":"\u201eCo zrobili\u015bmy Bogu?\u201d: Trzech cz\u0142onk\u00f3w ekipy filmowej znalezionych martwych w wypadku samochodowym"},"content":{"rendered":"\n<p>Francuska komedia \u201eSerial (Bad) Weddings\u201d (Seria (Nieudane) Wesela) pad\u0142a ofiar\u0105 tragedii, kt\u00f3ra wstrz\u0105sn\u0119\u0142a \u015bwiatem filmowym. Trzech cz\u0142onk\u00f3w ekipy filmowej zgin\u0119\u0142o w wypadku samochodowym w Wiedniu, pogr\u0105\u017caj\u0105c ca\u0142\u0105 produkcj\u0119 w \u017ca\u0142obie. To tragiczne wydarzenie g\u0142\u0119boko dotkn\u0119\u0142o ekip\u0119 w momencie, gdy zdj\u0119cia do trzeciej cz\u0119\u015bci by\u0142y ju\u017c w pe\u0142nym toku.<\/p>\n\n\n\n<h2 class=\"wp-block-heading\">\u015amiertelny wypadek na autostradzie D65 (1\/12)<\/h2>\n\n\n\n<p>23 kwietnia 2021 roku na drodze D65 w departamencie Vienne dosz\u0142o do \u015bmiertelnego wypadku, kt\u00f3ry gwa\u0142townie przerwa\u0142 zdj\u0119cia do filmu \u201eSerial (Bad) Weddings\u201d. Trzecia cz\u0119\u015b\u0107 trylogii, stworzona z okazji 40. rocznicy \u015blubu Claude\u2019a i Marie Verneuil, przybra\u0142a tragiczny obr\u00f3t, a ekipa straci\u0142a trzech cz\u0142onk\u00f3w. M\u0119\u017cczy\u017ani w wieku 19, 47 i 49 lat zgin\u0119li w wypadku, w kt\u00f3rym powa\u017cnie ranny zosta\u0142 r\u00f3wnie\u017c czwarty technik.<\/p>\n\n\n\n<p><img loading=\"lazy\" decoding=\"async\" src=\"https:\/\/www.viepratique.fr\/wp-content\/uploads\/sites\/4\/2025\/10\/collision-mortelle-sur-la-d65-616x410.jpg\" width=\"616\" height=\"410\">\u00a9 Shutterstock<\/p>\n\n\n\n<h2 class=\"wp-block-heading\">S\u0142u\u017cby ratunkowe interweniowa\u0142y po wypadku \u015bmiertelnym (12.2.)<\/h2>\n\n\n\n<p>Do wypadku dosz\u0142o, gdy kierowca jednego pojazdu, pr\u00f3buj\u0105c wyprzedzi\u0107 drugi, zderzy\u0142 si\u0119 czo\u0142owo z samochodem kierowcy. Si\u0142a uderzenia by\u0142a tak du\u017ca, \u017ce \u200b\u200boba pojazdy zosta\u0142y zniszczone, co wymaga\u0142o szybkiej interwencji s\u0142u\u017cb ratunkowych. Na miejsce zdarzenia wys\u0142ano sze\u015b\u0107 woz\u00f3w stra\u017cackich, dwie karetki pogotowia i helikopter, aby spr\u00f3bowa\u0107 uratowa\u0107 poszkodowanych. Niestety, dw\u00f3ch pasa\u017cer\u00f3w zgin\u0119\u0142o na miejscu, a trzeci zmar\u0142 w wyniku odniesionych obra\u017ce\u0144, pomimo wysi\u0142k\u00f3w ratownik\u00f3w.<\/p>\n\n\n\n<p><img loading=\"lazy\" decoding=\"async\" src=\"https:\/\/www.viepratique.fr\/wp-content\/uploads\/sites\/4\/2025\/10\/intervention-des-secours-apres-un-accident-mortel-616x410.jpg\" width=\"616\" height=\"410\">\u00a9 Shutterstock<\/p>\n\n\n\n<h2 class=\"wp-block-heading\">Po wypadku nale\u017cy wezwa\u0107 do podj\u0119cia \u015brodk\u00f3w bezpiecze\u0144stwa (12.3.)<\/h2>\n\n\n\n<p>Burmistrz Pouant, Jacques Proust, wyrazi\u0142 smutek z powodu wypadku na drodze, kt\u00f3ra i tak ju\u017c s\u0142yn\u0119\u0142a z niebezpiecze\u0144stw. Podkre\u015bli\u0142 potrzeb\u0119 dodatkowych \u015brodk\u00f3w bezpiecze\u0144stwa, takich jak ustawienie znak\u00f3w STOP, aby zapobiec przysz\u0142ym tragediom. To tragiczne wydarzenie g\u0142\u0119boko wp\u0142yn\u0119\u0142o na produkcj\u0119 filmu, kt\u00f3r\u0105 wstrzyma\u0142 ratusz w Ch\u00e2tellerault, gdzie kr\u0119cono zdj\u0119cia.<\/p>\n\n\n\n<p><img loading=\"lazy\" decoding=\"async\" src=\"https:\/\/www.viepratique.fr\/wp-content\/uploads\/sites\/4\/2025\/10\/appel-a-des-mesures-de-securite-apres-laccident-615x410.jpg\" width=\"615\" height=\"410\">\u00a9 Shutterstock<\/p>\n\n\n\n<h2 class=\"wp-block-heading\">Aktor w obliczu tragedii (12 kwietnia)<\/h2>\n\n\n\n<p>Christian Clavier, jeden z czo\u0142owych aktor\u00f3w i ikona francuskiej komedii, by\u0142 szczeg\u00f3lnie poruszony t\u0105 strat\u0105. W wywiadzie dla \u201eLe Parisien\u201d m\u00f3wi\u0142 o tym, jak trudno jest odzyska\u0107 rado\u015b\u0107 \u017cycia po tak wielkiej tragedii. \u201eNiezwykle trudno by\u0142o zn\u00f3w si\u0119 cieszy\u0107\u201d \u2013 powiedzia\u0142, chwal\u0105c niezwyk\u0142\u0105 odporno\u015b\u0107 ekipy, kt\u00f3ra kontynuowa\u0142a zdj\u0119cia pomimo \u017ca\u0142oby.<\/p>\n\n\n\n<figure class=\"wp-block-image\"><img decoding=\"async\" src=\"https:\/\/www.viepratique.fr\/wp-content\/uploads\/sites\/4\/2025\/10\/un-acteur-face-a-la-tragedie-1024x576.jpg\" alt=\"\"\/><\/figure>\n\n\n\n<h2 class=\"wp-block-heading\">Sukcesy i pora\u017cki trylogii (12.5.)<\/h2>\n\n\n\n<p>Trylogia \u201eSerial (Bad) Weddings\u201d, kt\u00f3rej premiera rozpocz\u0119\u0142a si\u0119 w 2014 roku, odnios\u0142a ogromny sukces \u2013 pierwsza cz\u0119\u015b\u0107 sprzeda\u0142a si\u0119 w ponad 12 milionach bilet\u00f3w. Druga cz\u0119\u015b\u0107, kt\u00f3rej premiera odby\u0142a si\u0119 w 2017 roku, spotka\u0142a si\u0119 z ogromnym uznaniem i przyci\u0105gn\u0119\u0142a 6,7 \u200b\u200bmiliona widz\u00f3w. Premiera trzeciej cz\u0119\u015bci, kt\u00f3rej premiera zaplanowana jest na 13 pa\u017adziernika 2021 roku, pierwotnie planowana by\u0142a na wrzesie\u0144 2020 roku, ale jej premiera zosta\u0142a prze\u0142o\u017cona z powodu pandemii COVID-19.<\/p>\n\n\n\n<figure class=\"wp-block-image\"><img decoding=\"async\" src=\"https:\/\/www.viepratique.fr\/wp-content\/uploads\/sites\/4\/2025\/10\/succes-et-retards-de-la-trilogie-1024x576.jpg\" alt=\"\"\/><\/figure>\n\n\n\n<h2 class=\"wp-block-heading\">Pocz\u0105tek zdj\u0119\u0107 zosta\u0142 przy\u0107miony przez wypadek. (12. 6.)<\/h2>\n\n\n\n<p>Zdj\u0119cia rozpocz\u0119\u0142y si\u0119 31 marca 2021 roku, a entuzjastyczna ekipa by\u0142a gotowa, by urzeczywistni\u0107 now\u0105 przygod\u0119 rodziny Verneuil. W\u015br\u00f3d obsady znale\u017ali si\u0119 Chantal Lauby, Ary Abittan i Medi Sadoun, kt\u00f3rzy podzielili si\u0119 swoim entuzjazmem w mediach spo\u0142eczno\u015bciowych. Jednak wypadek rzuci\u0142 cie\u0144 na t\u0119 radosn\u0105 sesj\u0119 zdj\u0119ciow\u0105 i bole\u015bnie u\u015bwiadomi\u0142 nam krucho\u015b\u0107 \u017cycia.<\/p>\n\n\n\n<figure class=\"wp-block-image\"><img decoding=\"async\" src=\"https:\/\/www.viepratique.fr\/wp-content\/uploads\/sites\/4\/2025\/10\/debut-de-tournage-assombri-par-laccident-1024x950.jpg\" alt=\"\"\/><\/figure>\n\n\n\n<h2 class=\"wp-block-heading\">Re\u017cyser w \u017ca\u0142obie (12. 7.)<\/h2>\n\n\n\n<p>Re\u017cyser Philippe de Chauveron, kt\u00f3ry stan\u0105\u0142 na czele udanej trylogii, wyrazi\u0142 g\u0142\u0119boki smutek z powodu straty tych cennych cz\u0142onk\u00f3w swojego zespo\u0142u. \u201eByli cz\u0119\u015bci\u0105 naszej rodziny\u201d \u2013 powiedzia\u0142, podkre\u015blaj\u0105c emocjonalny wp\u0142yw tej tragedii na wszystkich zaanga\u017cowanych w projekt.<\/p>\n\n\n\n<p><img loading=\"lazy\" decoding=\"async\" src=\"https:\/\/www.viepratique.fr\/wp-content\/uploads\/sites\/4\/2025\/10\/le-realisateur-en-deuil-1024x579.jpg\" width=\"1024\" height=\"579\">\u00a9 Philippe de Chauveron<\/p>\n\n\n\n<h2 class=\"wp-block-heading\">Ho\u0142d dla zmar\u0142ych in\u017cynier\u00f3w. (12. 8.)<\/h2>\n\n\n\n<p>Trzech zmar\u0142ych aktor\u00f3w, Morvan, Milo i Herv\u00e9, zosta\u0142o uhonorowanych w filmie dedykacj\u0105, co stanowi symboliczny gest maj\u0105cy na celu zapewnienie, \u017ce ich wk\u0142ad i pasja do filmu nigdy nie zostan\u0105 zapomniane. Ich pami\u0119\u0107 \u017cyje dzi\u0119ki temu projektowi, kt\u00f3ry by\u0142 im tak bliski.<\/p>\n\n\n\n<p><img loading=\"lazy\" decoding=\"async\" src=\"https:\/\/www.viepratique.fr\/wp-content\/uploads\/sites\/4\/2025\/10\/hommage-aux-machinistes-disparus-1024x539.jpg\" width=\"1024\" height=\"539\">\u00a9 Shutterstock<\/p>\n\n\n\n<h2 class=\"wp-block-heading\">Badanie przyczyn wypadku (12.9.)<\/h2>\n\n\n\n<p>Trwa dochodzenie w sprawie przyczyn wypadku, prowadzone przez Departament Policji w Loudoun. W\u0142adze pr\u00f3buj\u0105 ustali\u0107, czy nieust\u0105pienie pierwsze\u0144stwa przejazdu mog\u0142o przyczyni\u0107 si\u0119 do \u015bmiertelnego wypadku. Kierowca drugiego pojazdu zosta\u0142 hospitalizowany z obra\u017ceniami.<\/p>\n\n\n\n<figure class=\"wp-block-image\"><img decoding=\"async\" src=\"https:\/\/www.viepratique.fr\/wp-content\/uploads\/sites\/4\/2025\/10\/enquete-sur-les-causes-de-laccident-1024x626.jpg\" alt=\"\"\/><\/figure>\n\n\n\n<h2 class=\"wp-block-heading\">Kontynuacja prac ku pami\u0119ci zmar\u0142ych (10\/12)<\/h2>\n\n\n\n<p>Pomimo tej tragedii, ekipa filmu \u201eSerial (Bad) Weddings\u201d nadal pragnie uczci\u0107 pami\u0119\u0107 zmar\u0142ych koleg\u00f3w, kontynuuj\u0105c prac\u0119 nad filmem. Dramat ten wzmocni\u0142 wi\u0119zi mi\u0119dzy ekip\u0105 produkcyjn\u0105, kt\u00f3ra wspiera si\u0119 nawzajem w tym trudnym czasie.<\/p>\n\n\n\n<figure class=\"wp-block-image\"><img decoding=\"async\" src=\"https:\/\/www.viepratique.fr\/wp-content\/uploads\/sites\/4\/2025\/10\/poursuite-du-travail-en-memoire-des-disparus-1024x608.jpg\" alt=\"\"\/><\/figure>\n\n\n\n<h2 class=\"wp-block-heading\">Premiera filmu i \u015bwi\u0119towanie r\u00f3\u017cnorodno\u015bci (11\/12)<\/h2>\n\n\n\n<p>Premier\u0119 filmu zaplanowano na pa\u017adziernik 2021 roku, z nadziej\u0105, \u017ce widzowie przyjm\u0105 t\u0119 now\u0105 przygod\u0119 z takim samym entuzjazmem, jak poprzedni\u0105. Film jest ho\u0142dem dla r\u00f3\u017cnorodno\u015bci i rodziny \u2013 temat\u00f3w stanowi\u0105cych centralny element trylogii.<\/p>\n\n\n\n<figure class=\"wp-block-image\"><img decoding=\"async\" src=\"https:\/\/www.viepratique.fr\/wp-content\/uploads\/sites\/4\/2025\/10\/sortie-du-film-et-celebration-de-la-diversite-1024x768.jpg\" alt=\"\"\/><\/figure>\n\n\n\n<h2 class=\"wp-block-heading\">Wspominaj\u0105c pierwsze odcinki (12\/12)<\/h2>\n\n\n\n<p>Tymczasem fani serialu mogli ponownie obejrze\u0107 pierwsze odcinki, kt\u00f3re zosta\u0142y wyemitowane w telewizji, i na nowo prze\u017cy\u0107 chwile \u015bmiechu i czu\u0142o\u015bci, kt\u00f3re sprawi\u0142y, \u017ce serial \u201eThe (Bad) Wedding Series\u201d odni\u00f3s\u0142 tak wielki sukces. To wzruszaj\u0105cy i radosny ho\u0142d dla tych, kt\u00f3rzy przyczynili si\u0119 do powstania tej niesamowitej filmowej przygody.<\/p>\n\n\n\n<figure class=\"wp-block-image\"><img decoding=\"async\" src=\"https:\/\/www.viepratique.fr\/wp-content\/uploads\/sites\/4\/2025\/10\/retour-sur-les-premiers-volets-754x1024.jpg\" alt=\"\"\/><\/figure>\n","protected":false},"excerpt":{"rendered":"Francuska komedia \u201eSerial (Bad) Weddings\u201d (Seria (Nieudane) Wesela) pad\u0142a ofiar\u0105 tragedii, kt\u00f3ra wstrz\u0105sn\u0119\u0142a \u015bwiatem filmowym. Trzech cz\u0142onk\u00f3w ekipy filmowej zgin\u0119\u0142o w wypadku samochodowym \n<a class=\"moretag\" href=\"https:\/\/swiat24.pl.ua\/?p=21323\"> [...]<\/a>","protected":false},"author":1,"featured_media":21324,"comment_status":"open","ping_status":"open","sticky":false,"template":"","format":"standard","meta":{"footnotes":""},"categories":[1],"tags":[],"class_list":["post-21323","post","type-post","status-publish","format-standard","has-post-thumbnail","hentry","category-blog"],"_links":{"self":[{"href":"https:\/\/swiat24.pl.ua\/index.php?rest_route=\/wp\/v2\/posts\/21323","targetHints":{"allow":["GET"]}}],"collection":[{"href":"https:\/\/swiat24.pl.ua\/index.php?rest_route=\/wp\/v2\/posts"}],"about":[{"href":"https:\/\/swiat24.pl.ua\/index.php?rest_route=\/wp\/v2\/types\/post"}],"author":[{"embeddable":true,"href":"https:\/\/swiat24.pl.ua\/index.php?rest_route=\/wp\/v2\/users\/1"}],"replies":[{"embeddable":true,"href":"https:\/\/swiat24.pl.ua\/index.php?rest_route=%2Fwp%2Fv2%2Fcomments&post=21323"}],"version-history":[{"count":1,"href":"https:\/\/swiat24.pl.ua\/index.php?rest_route=\/wp\/v2\/posts\/21323\/revisions"}],"predecessor-version":[{"id":21325,"href":"https:\/\/swiat24.pl.ua\/index.php?rest_route=\/wp\/v2\/posts\/21323\/revisions\/21325"}],"wp:featuredmedia":[{"embeddable":true,"href":"https:\/\/swiat24.pl.ua\/index.php?rest_route=\/wp\/v2\/media\/21324"}],"wp:attachment":[{"href":"https:\/\/swiat24.pl.ua\/index.php?rest_route=%2Fwp%2Fv2%2Fmedia&parent=21323"}],"wp:term":[{"taxonomy":"category","embeddable":true,"href":"https:\/\/swiat24.pl.ua\/index.php?rest_route=%2Fwp%2Fv2%2Fcategories&post=21323"},{"taxonomy":"post_tag","embeddable":true,"href":"https:\/\/swiat24.pl.ua\/index.php?rest_route=%2Fwp%2Fv2%2Ftags&post=21323"}],"curies":[{"name":"wp","href":"https:\/\/api.w.org\/{rel}","templated":true}]}}