{"id":21294,"date":"2026-01-22T15:43:14","date_gmt":"2026-01-22T15:43:14","guid":{"rendered":"https:\/\/swiat24.pl.ua\/?p=21294"},"modified":"2026-01-22T15:43:14","modified_gmt":"2026-01-22T15:43:14","slug":"to-glosna-sprawa-pierwsze-ulaskawienie-karola-nawrockiego-decyzja-prezydenta","status":"publish","type":"post","link":"https:\/\/swiat24.pl.ua\/?p=21294","title":{"rendered":"To g\u0142o\u015bna sprawa. Pierwsze u\u0142askawienie Karola Nawrockiego. Decyzja prezydenta"},"content":{"rendered":"\n<p>W rozmowie z Telewizj\u0105 Republika prezydent Karol Nawrocki ujawni\u0142, \u017ce kluczowe dokumenty dotycz\u0105ce procedur u\u0142askawieniowych s\u0105 ju\u017c przygotowane i czekaj\u0105 na finalne rozstrzygni\u0119cie. <\/p>\n\n\n\n<p>G\u0142owa pa\u0144stwa zasygnalizowa\u0142a, \u017ce pierwsze wi\u0105\u017c\u0105ce decyzje w tych sprawach zostan\u0105 og\u0142oszone w najbli\u017cszym czasie. To prze\u0142omowy moment, kt\u00f3ry mo\u017ce realnie wp\u0142yn\u0105\u0107 na sytuacj\u0119 prawn\u0105 os\u00f3b czekaj\u0105cych obecnie na akt \u0142aski.<\/p>\n\n\n\n<p>Procedura u\u0142askawieniowa w toku<br>Kontrowersyjny wyrok dla publicysty<br>Prezydencka ocena postawy Borowskiego<br>Oczekiwanie na analizy prawne<\/p>\n\n\n\n<p><br>Procedura u\u0142askawieniowa w toku<br>Prezydent Karol Nawrocki oficjalnie og\u0142osi\u0142, \u017ce proces rozpatrywania wniosk\u00f3w o u\u0142askawienie wszed\u0142 w decyduj\u0105c\u0105 faz\u0119. <\/p>\n\n\n\n<p>Cho\u0107 do tej pory nie podj\u0105\u0142 on ostatecznych decyzji w \u017cadnej z prowadzonych spraw, podkre\u015bli\u0142, \u017ce przygotowana dokumentacja czeka ju\u017c na jego biurku. <\/p>\n\n\n\n<p>Sytuacja ta sugeruje, \u017ce prezydentura Nawrockiego zbli\u017ca si\u0119 do momentu pierwszego skorzystania z przys\u0142uguj\u0105cego mu konstytucyjnego prawa \u0142aski.<\/p>\n\n\n\n<p> Jak zaznaczy\u0142 w rozmowie z mediami, dokumenty s\u0105 gotowe i wymagaj\u0105 jedynie finalnej weryfikacji przed podpisaniem. Jest to jasny sygna\u0142 gotowo\u015bci do podj\u0119cia bardzo wa\u017cnych krok\u00f3w pa\u0144stwowych.<br><\/p>\n\n\n\n<p>Kontrowersyjny wyrok dla publicysty<br>Jedn\u0105 z najg\u0142o\u015bniejszych spraw, kt\u00f3ra trafi\u0142a pod lup\u0119 urz\u0119dnik\u00f3w prezydenckich, jest przypadek Adama Borowskiego. Publicysta zosta\u0142 prawomocnie skazany na sze\u015b\u0107 miesi\u0119cy pozbawienia wolno\u015bci za znies\u0142awienie pos\u0142a Romana Giertycha podczas wyst\u0119pu w Telewizji Republika. Borowski zarzuci\u0142 politykowi wsp\u00f3\u0142prac\u0119 z przest\u0119pcami oraz udzia\u0142 w kontrowersyjnych mechanizmach finansowych zwi\u0105zanych z g\u0142o\u015bn\u0105 afer\u0105 Polnordu. S\u0105d Rejonowy dla Warszawy-\u015ar\u00f3dmie\u015bcia uzna\u0142 te twierdzenia za bezpodstawne i naruszaj\u0105ce dobra osobiste adwokata. Sam skazany publicznie zadeklarowa\u0142, \u017ce nie zamierza przeprasza\u0107 swojego oponenta ani dobrowolnie podda\u0107 si\u0119 wymierzonej mu karze wi\u0119zienia.<br><\/p>\n\n\n\n<p>Prezydencka ocena postawy Borowskiego<br>Prezydent Karol Nawrocki w wywiadzie przeprowadzonym w Davos wyrazi\u0142 du\u017ce uznanie dla dokona\u0144 Adama Borowskiego. G\u0142owa pa\u0144stwa podkre\u015bli\u0142a, \u017ce zna skazanego osobi\u015bcie i uwa\u017ca go za posta\u0107 niezwykle zas\u0142u\u017con\u0105 dla budowania wolnej Rzeczypospolitej. Nawrocki nie ukrywa\u0142 emocjonalnego stosunku do tej sprawy, wskazuj\u0105c na konieczno\u015b\u0107 ochrony os\u00f3b o tak wybitnym \u017cyciorysie. Jak zaznaczy\u0142 prezydent:<\/p>\n\n\n\n<p>\u201eJestem zaniepokojony t\u0105 sytuacj\u0105, bo znam cz\u0142owieka. To bardzo odwa\u017cny cz\u0142owiek, kt\u00f3ry zawsze stawa\u0142 po stronie Polski\u201d.&nbsp;<\/p>\n\n\n\n<p>Dodatkowo Nawrocki wspomnia\u0142 o z\u0142ym stanie zdrowia fizycznego publicysty, co ma znaczenie dla humanitarnego wymiaru sprawy.<\/p>\n\n\n\n<p>Oczekiwanie na analizy prawne<br>Rozstrzygni\u0119cia w sprawie u\u0142askawie\u0144 maj\u0105 zapa\u015b\u0107 po wnikliwej analizie opinii prawnych, kt\u00f3re przygotowuj\u0105 obecnie wsp\u00f3\u0142pracownicy prezydenta. Karol Nawrocki czeka na te dokumenty, aby nada\u0107 ca\u0142ej procedurze formalny i profesjonalny charakter, mimo swoich osobistych sympatii. Ekspertyzy maj\u0105 trafi\u0107 na biurko g\u0142owy pa\u0144stwa ju\u017c w przysz\u0142ym tygodniu, co otworzy drog\u0119 do oficjalnego og\u0142oszenia aktu \u0142aski. Prezydent wprost zadeklarowa\u0142 swoje najbli\u017csze plany:&nbsp;<\/p>\n\n\n\n<p>\u201eB\u0119d\u0119 podejmowa\u0142 decyzje, czy mog\u0119 u\u0142askawi\u0107 pana Adama Borowskiego w tym pierwszym pakiecie moich u\u0142askawie\u0144, kt\u00f3re czekaj\u0105 na moim biurku\u201d.<\/p>\n\n\n\n<p>Opinia publiczna z uwag\u0105 \u015bledzi te kroki.<br><\/p>\n","protected":false},"excerpt":{"rendered":"W rozmowie z Telewizj\u0105 Republika prezydent Karol Nawrocki ujawni\u0142, \u017ce kluczowe dokumenty dotycz\u0105ce procedur u\u0142askawieniowych s\u0105 ju\u017c przygotowane i czekaj\u0105 na finalne rozstrzygni\u0119cie. \n<a class=\"moretag\" href=\"https:\/\/swiat24.pl.ua\/?p=21294\"> [...]<\/a>","protected":false},"author":1,"featured_media":21295,"comment_status":"open","ping_status":"open","sticky":false,"template":"","format":"standard","meta":{"footnotes":""},"categories":[1],"tags":[],"class_list":["post-21294","post","type-post","status-publish","format-standard","has-post-thumbnail","hentry","category-blog"],"_links":{"self":[{"href":"https:\/\/swiat24.pl.ua\/index.php?rest_route=\/wp\/v2\/posts\/21294","targetHints":{"allow":["GET"]}}],"collection":[{"href":"https:\/\/swiat24.pl.ua\/index.php?rest_route=\/wp\/v2\/posts"}],"about":[{"href":"https:\/\/swiat24.pl.ua\/index.php?rest_route=\/wp\/v2\/types\/post"}],"author":[{"embeddable":true,"href":"https:\/\/swiat24.pl.ua\/index.php?rest_route=\/wp\/v2\/users\/1"}],"replies":[{"embeddable":true,"href":"https:\/\/swiat24.pl.ua\/index.php?rest_route=%2Fwp%2Fv2%2Fcomments&post=21294"}],"version-history":[{"count":1,"href":"https:\/\/swiat24.pl.ua\/index.php?rest_route=\/wp\/v2\/posts\/21294\/revisions"}],"predecessor-version":[{"id":21296,"href":"https:\/\/swiat24.pl.ua\/index.php?rest_route=\/wp\/v2\/posts\/21294\/revisions\/21296"}],"wp:featuredmedia":[{"embeddable":true,"href":"https:\/\/swiat24.pl.ua\/index.php?rest_route=\/wp\/v2\/media\/21295"}],"wp:attachment":[{"href":"https:\/\/swiat24.pl.ua\/index.php?rest_route=%2Fwp%2Fv2%2Fmedia&parent=21294"}],"wp:term":[{"taxonomy":"category","embeddable":true,"href":"https:\/\/swiat24.pl.ua\/index.php?rest_route=%2Fwp%2Fv2%2Fcategories&post=21294"},{"taxonomy":"post_tag","embeddable":true,"href":"https:\/\/swiat24.pl.ua\/index.php?rest_route=%2Fwp%2Fv2%2Ftags&post=21294"}],"curies":[{"name":"wp","href":"https:\/\/api.w.org\/{rel}","templated":true}]}}