{"id":21281,"date":"2026-01-22T11:53:03","date_gmt":"2026-01-22T11:53:03","guid":{"rendered":"https:\/\/swiat24.pl.ua\/?p=21281"},"modified":"2026-01-22T11:53:03","modified_gmt":"2026-01-22T11:53:03","slug":"pokazali-jak-potraktowali-ziobre-w-parlamencie-europejskim-takiego-ciosu-sie-nie-spodziewal","status":"publish","type":"post","link":"https:\/\/swiat24.pl.ua\/?p=21281","title":{"rendered":"Pokazali, jak potraktowali Ziobr\u0119 w Parlamencie Europejskim. Takiego ciosu si\u0119 nie spodziewa\u0142"},"content":{"rendered":"\n<p>Na korytarzach Parlamentu Europejskiego w Strasburgu dosz\u0142o do nieoczekiwanego wydarzenia, kt\u00f3re uderzy\u0142o wizerunkowo w polskich polityk\u00f3w. I<\/p>\n\n\n\n<p>nicjatywa jednej z kluczowych frakcji wywo\u0142a\u0142a natychmiastow\u0105 reakcj\u0119 prawnik\u00f3w i fal\u0119 komentarzy w mediach spo\u0142eczno\u015bciowych.<\/p>\n\n\n\n<p>Kontrowersyjna instalacja w Strasburgu<br>Oskar\u017cenia o nadu\u017cycia i korupcj\u0119<br>Mi\u0119dzynarodowy kontekst ochrony Orb\u00e1na<br>Ostra riposta obro\u0144cy i zarzuty o znies\u0142awienie<br>Kontrowersyjna instalacja w Strasburgu<\/p>\n\n\n\n<p><br>Na korytarzach Parlamentu Europejskiego w Strasburgu dosz\u0142o do bezprecedensowej akcji informacyjnej, kt\u00f3ra uderzy\u0142a bezpo\u015brednio w czo\u0142owych polityk\u00f3w dawnego obozu w\u0142adzy w Polsce. <\/p>\n\n\n\n<p>Z inicjatywy frakcji Post\u0119powego Sojuszu Socjalist\u00f3w i Demokrat\u00f3w (S&amp;D) na ekranach i \u015bcianach budynku wy\u015bwietlono grafiki przedstawiaj\u0105ce Zbigniewa Ziobr\u0119 oraz Marcina Romanowskiego w kontrowersyjnym kontek\u015bcie.<\/p>\n\n\n\n<p> Towarzyszy\u0142 im wizerunek Viktora Orb\u00e1na oraz angielski napis sugeruj\u0105cy, \u017ce w\u0119gierski premier zapewnia im ochron\u0119 przed wymiarem sprawiedliwo\u015bci. To wydarzenie odbi\u0142o si\u0119 szerokim echem w\u015br\u00f3d dyplomat\u00f3w, stanowi\u0105c jaskrawy przyk\u0142ad zaostrzenia sporu politycznego na arenie mi\u0119dzynarodowej oraz wewn\u0105trz samej Unii.<br><\/p>\n\n\n\n<blockquote class=\"twitter-tweet\" data-media-max-width=\"560\"><p lang=\"pl\" dir=\"ltr\">Taki plakat jest dzi\u015b wy\u015bwietlany na korytarzach Parlamentu Europejskiego w Strasburgu, z inicjatywy S&amp;D <a href=\"https:\/\/twitter.com\/PES_PSE?ref_src=twsrc%5Etfw\">@PES_PSE<\/a> <a href=\"https:\/\/t.co\/24oPgBLXmc\">pic.twitter.com\/24oPgBLXmc<\/a><\/p>&mdash; Dorota Bawolek (@DorotaBawolek) <a href=\"https:\/\/twitter.com\/DorotaBawolek\/status\/2014020994759852037?ref_src=twsrc%5Etfw\">January 21, 2026<\/a><\/blockquote> <script async src=\"https:\/\/platform.twitter.com\/widgets.js\" charset=\"utf-8\"><\/script>\n\n\n\n<p>Oskar\u017cenia o nadu\u017cycia i korupcj\u0119<br>Grafiki przygotowane przez lewicow\u0105 grup\u0119 w europarlamencie nie pozostawiaj\u0105 z\u0142udze\u0144 co do intencji autor\u00f3w, stosuj\u0105c wyj\u0105tkowo mocne oskar\u017cenia pod adresem polskich polityk\u00f3w. <\/p>\n\n\n\n<p>Na wizerunku Zbigniewa Ziobry umieszczono napis \u201enadu\u017cycie w\u0142adzy\u201d, co nawi\u0105zuje do \u015bledztwa prokuratury obejmuj\u0105cego a\u017c dwadzie\u015bcia sze\u015b\u0107 domniemanych przest\u0119pstw. Z kolei Marcin Romanowski zosta\u0142 zestawiony bezpo\u015brednio z has\u0142em \u201ekorupcja\u201d, co natychmiast wywo\u0142a\u0142o fal\u0119 komentarzy dotycz\u0105cych rzetelno\u015bci tych przekaz\u00f3w. <\/p>\n\n\n\n<p>Jak wynika z informacji przekazanych przez korespondentk\u0119 TVP w Brukseli, Dorot\u0119 Bawo\u0142ek, obaj politycy mieli wcze\u015bniej uzyska\u0107 azyl i ochron\u0119 mi\u0119dzynarodow\u0105 na W\u0119grzech, co umo\u017cliwi\u0142o im skuteczne unikni\u0119cie aresztowania w kraju.<br><\/p>\n\n\n\n<figure class=\"wp-block-image size-full\"><img loading=\"lazy\" decoding=\"async\" width=\"453\" height=\"297\" src=\"https:\/\/swiat24.pl.ua\/wp-content\/uploads\/2026\/01\/image-3.png\" alt=\"\" class=\"wp-image-21282\" srcset=\"https:\/\/swiat24.pl.ua\/wp-content\/uploads\/2026\/01\/image-3.png 453w, https:\/\/swiat24.pl.ua\/wp-content\/uploads\/2026\/01\/image-3-300x197.png 300w\" sizes=\"auto, (max-width: 453px) 100vw, 453px\" \/><\/figure>\n\n\n\n<p>Mi\u0119dzynarodowy kontekst ochrony Orb\u00e1na<br>Polska delegacja nie by\u0142a jedynym celem tej kampanii, gdy\u017c plakaty ukaza\u0142y szerszy problem os\u00f3b poszukiwanych przez prawo, kt\u00f3re znalaz\u0142y schronienie pod politycznymi skrzyd\u0142ami Budapesztu. <\/p>\n\n\n\n<p>Obok Polak\u00f3w na grafikach pojawili si\u0119 by\u0142y premier Macedonii Niko\u0142a Gruewski, skazany za korupcj\u0119, oraz by\u0142y prezydent Brazylii Jair Bolsonaro. Gruewski otrzyma\u0142 na W\u0119grzech azyl, natomiast Bolsonaro korzysta\u0142 z go\u015bcinno\u015bci w\u0119gierskiej ambasady w Bras\u00edlii, gdy grozi\u0142o mu zatrzymanie paszportu przez policj\u0119 federaln\u0105. <\/p>\n\n\n\n<p>Takie zestawienie ma na celu przedstawienie W\u0119gier jako pa\u0144stwa chroni\u0105cego polityk\u00f3w unikaj\u0105cych odpowiedzialno\u015bci karnej, co dodatkowo komplikuje relacje dyplomatyczne i podwa\u017ca zaufanie mi\u0119dzy krajami cz\u0142onkowskimi.<\/p>\n\n\n\n<p>Ostra riposta obro\u0144cy i zarzuty o znies\u0142awienie<br>Na reakcj\u0119 strony zainteresowanej nie trzeba by\u0142o d\u0142ugo czeka\u0107, a sprawa bardzo szybko przenios\u0142a si\u0119 na grunt prawny i medialny. <\/p>\n\n\n\n<p>Mecenas Bartosz Lewandowski, pe\u0142ni\u0105cy funkcj\u0119 obro\u0144cy polityk\u00f3w, stanowczo zaprotestowa\u0142 przeciwko tre\u015bciom prezentowanym w Strasburgu, nazywaj\u0105c ca\u0142\u0105 akcj\u0119 \u201ezwyk\u0142ym znies\u0142awieniem\u201d. <\/p>\n\n\n\n<p>Prawnik podkre\u015bli\u0142 szczeg\u00f3lnie b\u0142\u0105d merytoryczny w opisie Marcina Romanowskiego, zaznaczaj\u0105c, \u017ce pose\u0142 nie us\u0142ysza\u0142 \u017cadnego oficjalnego zarzutu dotycz\u0105cego korupcji, co jego zdaniem ca\u0142kowicie podwa\u017ca wiarygodno\u015b\u0107 kampanii frakcji S&amp;D. <\/p>\n\n\n\n<p>Sp\u00f3r ten pokazuje g\u0142\u0119bokie podzia\u0142y w Parlamencie Europejskim, gdzie walka polityczna coraz cz\u0119\u015bciej toczy si\u0119 przy u\u017cyciu narz\u0119dzi uderzaj\u0105cych bezpo\u015brednio w dobra osobiste i reputacj\u0119 oskar\u017canych dzia\u0142aczy.<\/p>\n\n\n\n<p>Pose\u0142 Marcin Romanowski nie ma \u017cadnego zarzutu \u201ekorupcji\u201d, wi\u0119c to zwyk\u0142e znies\u0142awienie. &#8211; Napisa\u0142 na X.<br><\/p>\n\n\n\n<blockquote class=\"twitter-tweet\" data-media-max-width=\"560\"><p lang=\"pl\" dir=\"ltr\">Taki plakat jest dzi\u015b wy\u015bwietlany na korytarzach Parlamentu Europejskiego w Strasburgu, z inicjatywy S&amp;D <a href=\"https:\/\/twitter.com\/PES_PSE?ref_src=twsrc%5Etfw\">@PES_PSE<\/a> <a href=\"https:\/\/t.co\/24oPgBLXmc\">pic.twitter.com\/24oPgBLXmc<\/a><\/p>&mdash; Dorota Bawolek (@DorotaBawolek) <a href=\"https:\/\/twitter.com\/DorotaBawolek\/status\/2014020994759852037?ref_src=twsrc%5Etfw\">January 21, 2026<\/a><\/blockquote> <script async src=\"https:\/\/platform.twitter.com\/widgets.js\" charset=\"utf-8\"><\/script>\n","protected":false},"excerpt":{"rendered":"Na korytarzach Parlamentu Europejskiego w Strasburgu dosz\u0142o do nieoczekiwanego wydarzenia, kt\u00f3re uderzy\u0142o wizerunkowo w polskich polityk\u00f3w. I nicjatywa jednej z kluczowych frakcji wywo\u0142a\u0142a \n<a class=\"moretag\" href=\"https:\/\/swiat24.pl.ua\/?p=21281\"> [...]<\/a>","protected":false},"author":1,"featured_media":21283,"comment_status":"open","ping_status":"open","sticky":false,"template":"","format":"standard","meta":{"footnotes":""},"categories":[1],"tags":[],"class_list":["post-21281","post","type-post","status-publish","format-standard","has-post-thumbnail","hentry","category-blog"],"_links":{"self":[{"href":"https:\/\/swiat24.pl.ua\/index.php?rest_route=\/wp\/v2\/posts\/21281","targetHints":{"allow":["GET"]}}],"collection":[{"href":"https:\/\/swiat24.pl.ua\/index.php?rest_route=\/wp\/v2\/posts"}],"about":[{"href":"https:\/\/swiat24.pl.ua\/index.php?rest_route=\/wp\/v2\/types\/post"}],"author":[{"embeddable":true,"href":"https:\/\/swiat24.pl.ua\/index.php?rest_route=\/wp\/v2\/users\/1"}],"replies":[{"embeddable":true,"href":"https:\/\/swiat24.pl.ua\/index.php?rest_route=%2Fwp%2Fv2%2Fcomments&post=21281"}],"version-history":[{"count":1,"href":"https:\/\/swiat24.pl.ua\/index.php?rest_route=\/wp\/v2\/posts\/21281\/revisions"}],"predecessor-version":[{"id":21284,"href":"https:\/\/swiat24.pl.ua\/index.php?rest_route=\/wp\/v2\/posts\/21281\/revisions\/21284"}],"wp:featuredmedia":[{"embeddable":true,"href":"https:\/\/swiat24.pl.ua\/index.php?rest_route=\/wp\/v2\/media\/21283"}],"wp:attachment":[{"href":"https:\/\/swiat24.pl.ua\/index.php?rest_route=%2Fwp%2Fv2%2Fmedia&parent=21281"}],"wp:term":[{"taxonomy":"category","embeddable":true,"href":"https:\/\/swiat24.pl.ua\/index.php?rest_route=%2Fwp%2Fv2%2Fcategories&post=21281"},{"taxonomy":"post_tag","embeddable":true,"href":"https:\/\/swiat24.pl.ua\/index.php?rest_route=%2Fwp%2Fv2%2Ftags&post=21281"}],"curies":[{"name":"wp","href":"https:\/\/api.w.org\/{rel}","templated":true}]}}